{"id":2744,"date":"2025-07-01T13:24:32","date_gmt":"2025-07-01T13:24:32","guid":{"rendered":"https:\/\/www.sidwaya.info\/carrefour\/?p=2744"},"modified":"2025-07-04T14:01:38","modified_gmt":"2025-07-04T14:01:38","slug":"baisse-de-productivite-du-nere-au-burkina-le-revers-des-recoltes-precoces-et-des-pesticides","status":"publish","type":"post","link":"https:\/\/www.sidwaya.info\/carrefour\/2025\/07\/01\/baisse-de-productivite-du-nere-au-burkina-le-revers-des-recoltes-precoces-et-des-pesticides\/","title":{"rendered":"Baisse de productivit\u00e9 du n\u00e9r\u00e9 au Burkina: le revers des r\u00e9coltes pr\u00e9coces et des pesticides"},"content":{"rendered":"<p><b>Arbre utilitaire par excellence, <\/b><b><i>Parkia biglobosa, <\/i><\/b><b>nom scientifique du n\u00e9r\u00e9, est confront\u00e9 de nos jours \u00e0 une baisse de productivit\u00e9. Ce ph\u00e9nom\u00e8ne est observ\u00e9 un peu partout au Burkina Faso plus particuli\u00e8rement dans les provinces du Ziro et de la Sissili qui abritent encore une importante population de n\u00e9r\u00e9. Le constat dans ces deux provinces est loin d\u2019\u00eatre reluisant. Cette baisse de productivit\u00e9 du n\u00e9r\u00e9 est caus\u00e9e par plusieurs facteurs tels que les r\u00e9coltes pr\u00e9coces des fruits immatures, les effets des pesticides, le vieillissement des arbres et le changement climatique.\u00a0<\/b><\/p>\n<p><span style=\"font-weight: 400\">Un mini bosquet tr\u00f4ne au milieu des habitations \u00e0 Sapouy, chef-lieu de la province du Ziro. Pourtant, nous ne sommes pas dans un espace vert. Ce n\u2019est pas non plus une for\u00eat urbaine. A l\u2019int\u00e9rieur se trouve deux maisonnettes en banco. Il s\u2019agit de la cour d\u2019Abou Nama, un habitant de Sapouy et tradipraticien de son \u00e9tat. La soixantaine sonn\u00e9e, il ne cache pas son admiration pour les plantes. C\u2019est un v\u00e9ritable amoureux de la nature qui s\u2019ouvre \u00e0 notre micro. Les arbres lui apportent fra\u00eecheur et ombre sans oublier les fruits que certains d\u2019entre eux produisent. Aux pieds des arbres s\u2019enchev\u00eatrent plusieurs plants. Les uns se hissent dans des sachets plastiques, les autres dont les graines ont \u00e9t\u00e9 sem\u00e9es directement dans le sol y sont solidement fix\u00e9s. <\/span><\/p>\n<p><span style=\"font-weight: 400\">La p\u00e9pini\u00e8re est riche par la diversit\u00e9 des esp\u00e8ces. Des plantes m\u00e9dicinales tout comme des arbres fruitiers. Des esp\u00e8ces exotiques aussi. Parmi ces plants, le n\u00e9r\u00e9 occupe une place de choix. Et pour Abou Nama, la pr\u00e9sence de cette plante dans sa p\u00e9pini\u00e8re n\u2019est pas un fait du hasard. \u00ab\u00a0Tout est utile chez le n\u00e9r\u00e9\u00a0\u00bb, confie-t-il tout de go. Chose rare, il s\u2019appr\u00eate \u00e0 planter plusieurs pieds dans son champ de trois hectares situ\u00e9 \u00e0 la p\u00e9riph\u00e9rie de la ville. Et ce n\u2019est pas la premi\u00e8re fois qu\u2019il plante le n\u00e9r\u00e9 en ce lieu. Les tout-premiers pieds mis en terre il y a une vingtaine d\u2019ann\u00e9es sont devenus de gros arbres. Difficile de faire la diff\u00e9rence entre les arbres plant\u00e9s et ceux qui ont pouss\u00e9 naturellement.\u00a0 <\/span><\/p>\n<figure id=\"attachment_2747\" aria-describedby=\"caption-attachment-2747\" style=\"width: 300px\" class=\"wp-caption alignleft\"><img data-recalc-dims=\"1\" loading=\"lazy\" decoding=\"async\" data-attachment-id=\"2747\" data-permalink=\"https:\/\/www.sidwaya.info\/carrefour\/2025\/07\/01\/baisse-de-productivite-du-nere-au-burkina-le-revers-des-recoltes-precoces-et-des-pesticides\/screenshot-2025-07-04-13-06-50\/\" data-orig-file=\"https:\/\/i0.wp.com\/www.sidwaya.info\/carrefour\/wp-content\/uploads\/sites\/8\/2025\/07\/Screenshot-2025-07-04-13.06.50.png?fit=868%2C629&amp;ssl=1\" data-orig-size=\"868,629\" data-comments-opened=\"1\" data-image-meta=\"{&quot;aperture&quot;:&quot;0&quot;,&quot;credit&quot;:&quot;&quot;,&quot;camera&quot;:&quot;&quot;,&quot;caption&quot;:&quot;&quot;,&quot;created_timestamp&quot;:&quot;0&quot;,&quot;copyright&quot;:&quot;&quot;,&quot;focal_length&quot;:&quot;0&quot;,&quot;iso&quot;:&quot;0&quot;,&quot;shutter_speed&quot;:&quot;0&quot;,&quot;title&quot;:&quot;&quot;,&quot;orientation&quot;:&quot;0&quot;}\" data-image-title=\"Screenshot 2025-07-04 13.06.50\" data-image-description=\"\" data-image-caption=\"&lt;p&gt;Abou Nama, p\u00e9pini\u00e9riste, s\u2019appr\u00eate \u00e0 planter plusieurs pieds de n\u00e9r\u00e9 dans son champ.&lt;\/p&gt;\n\" data-medium-file=\"https:\/\/i0.wp.com\/www.sidwaya.info\/carrefour\/wp-content\/uploads\/sites\/8\/2025\/07\/Screenshot-2025-07-04-13.06.50.png?fit=300%2C217&amp;ssl=1\" data-large-file=\"https:\/\/i0.wp.com\/www.sidwaya.info\/carrefour\/wp-content\/uploads\/sites\/8\/2025\/07\/Screenshot-2025-07-04-13.06.50.png?fit=696%2C504&amp;ssl=1\" class=\"size-medium wp-image-2747\" src=\"https:\/\/i0.wp.com\/www.sidwaya.info\/carrefour\/wp-content\/uploads\/sites\/8\/2025\/07\/Screenshot-2025-07-04-13.06.50.png?resize=300%2C217\" alt=\"\" width=\"300\" height=\"217\" srcset=\"https:\/\/i0.wp.com\/www.sidwaya.info\/carrefour\/wp-content\/uploads\/sites\/8\/2025\/07\/Screenshot-2025-07-04-13.06.50.png?resize=300%2C217&amp;ssl=1 300w, https:\/\/i0.wp.com\/www.sidwaya.info\/carrefour\/wp-content\/uploads\/sites\/8\/2025\/07\/Screenshot-2025-07-04-13.06.50.png?resize=768%2C557&amp;ssl=1 768w, https:\/\/i0.wp.com\/www.sidwaya.info\/carrefour\/wp-content\/uploads\/sites\/8\/2025\/07\/Screenshot-2025-07-04-13.06.50.png?resize=580%2C420&amp;ssl=1 580w, https:\/\/i0.wp.com\/www.sidwaya.info\/carrefour\/wp-content\/uploads\/sites\/8\/2025\/07\/Screenshot-2025-07-04-13.06.50.png?resize=150%2C109&amp;ssl=1 150w, https:\/\/i0.wp.com\/www.sidwaya.info\/carrefour\/wp-content\/uploads\/sites\/8\/2025\/07\/Screenshot-2025-07-04-13.06.50.png?resize=696%2C504&amp;ssl=1 696w, https:\/\/i0.wp.com\/www.sidwaya.info\/carrefour\/wp-content\/uploads\/sites\/8\/2025\/07\/Screenshot-2025-07-04-13.06.50.png?resize=324%2C235&amp;ssl=1 324w, https:\/\/i0.wp.com\/www.sidwaya.info\/carrefour\/wp-content\/uploads\/sites\/8\/2025\/07\/Screenshot-2025-07-04-13.06.50.png?w=868&amp;ssl=1 868w\" sizes=\"auto, (max-width: 300px) 100vw, 300px\" \/><figcaption id=\"caption-attachment-2747\" class=\"wp-caption-text\">Abou Nama, p\u00e9pini\u00e9riste, s\u2019appr\u00eate \u00e0 planter plusieurs pieds de n\u00e9r\u00e9 dans son champ.<\/figcaption><\/figure>\n<p><span style=\"font-weight: 400\">En tous les cas, Abou Nama se r\u00e9jouit d\u00e9j\u00e0 de ce que tous les arbres qu\u2019il a plant\u00e9s produisent bien. Au cours de la p\u00e9riode du n\u00e9r\u00e9, la r\u00e9colte n\u2019a pas \u00e9t\u00e9 au rendez-vous. Non seulement les arbres n\u2019ont pas bien produit mais aussi parce que des d\u00e9plac\u00e9s internes, en qu\u00eate inlassable de nourriture, ont coup\u00e9 l\u2019herbe sous les pieds de M. Nama. A l\u2019en croire, ils sont all\u00e9s cueillir nuitamment son n\u00e9r\u00e9. Il se contentera donc de la partie congrue. A l\u2019entr\u00e9e de sa concession, un petit tas de fruits est entrepos\u00e9 sur un hangar en t\u00f4les us\u00e9es, coinc\u00e9 entre deux murs. La famille Nama ne court pas derri\u00e8re la poudre de n\u00e9r\u00e9. Le plus important chez M. Nama, ce sont les graines. Des graines qui, au fil des ans, deviennent de plus en plus rarissimes. Du Ziro, cap sur la Sissili, l\u2019autre province voisine qui abrite \u00e9galement une importante population de n\u00e9r\u00e9.<\/span><\/p>\n<p><b>Des acteurs inquiets<\/b><\/p>\n<p><span style=\"font-weight: 400\">De part et d\u2019autre des champs qui bordent la route menant au Ghana, aucun arbre de n\u00e9r\u00e9 ne porte pr\u00e9sentement de fruits. C\u2019est la preuve que la p\u00e9riode de cueillette est pass\u00e9e. Mais les graines et la poudre de n\u00e9r\u00e9 demeurent. Elles font partie des produits les plus pris\u00e9s au march\u00e9 de L\u00e9o en ce moment. L\u00e0, nous voici devant l\u2019\u00e9tal d\u2019une commer\u00e7ante ghan\u00e9enne. Devant son magasin d\u00e9filent plusieurs clients. Les employ\u00e9s, eux, sont occup\u00e9s \u00e0 remplir les sacs de 100 kilogrammes. La commer\u00e7ante est en train de compter son argent. Les billets de dix mille francs sont comme du papier entre ses mains. C\u2019est le fruit de ses ventes matinales alors qu\u2019il n\u2019est que 10 heures d\u2019abord. Tout pr\u00e8s de l\u00e0, d\u2019autres commer\u00e7ants proposent la poudre de n\u00e9r\u00e9. <\/span><\/p>\n<p><span style=\"font-weight: 400\">Elle sert \u00e0 nourrir aussi bien les hommes que les animaux. Un camion dix tonnes charg\u00e9 de cette marchandise vient se garer dans le march\u00e9. Des clients l\u2019assaillent. A l\u2019\u00e9vidence, c\u2019est plus facile de faire de bonnes affaires avec les produits issus du n\u00e9r\u00e9. Cependant, les mines se froissent lorsqu\u2019on aborde la question de la disponibilit\u00e9 de la graine. La r\u00e9ponse est certainement non. L\u2019une des raisons avanc\u00e9es par nos interlocuteurs pour justifier cette indisponibilit\u00e9 est que la productivit\u00e9 des arbres n\u2019est plus de mise comme avant. Abou Nama est visiblement tr\u00e8s inquiet de ce qui arrive au n\u00e9r\u00e9. M\u00eame souci \u00e0 la coop\u00e9rative <\/span><i><span style=\"font-weight: 400\">N\u00e9v\u00e9l\u00e9a<\/span><\/i><span style=\"font-weight: 400\"> dont la plupart des membres produisent le soumbala, un condiment \u00e0 base des graines de n\u00e9r\u00e9. Avoir la quantit\u00e9 de mati\u00e8re premi\u00e8re n\u00e9cessaire pour la transformation rel\u00e8ve d\u00e9sormais d\u2019un parcours du combattant. <\/span><\/p>\n<p><span style=\"font-weight: 400\">\u00ab\u00a0A un moment donn\u00e9, on n\u2019en trouve presque pas. Cela est d\u00fb \u00e0 la baisse de la productivit\u00e9 des arbres. Comme si cela ne suffisait pas, bon nombre d\u2019entre eux meurent sans \u00eatre remplac\u00e9s\u00a0\u00bb, note avec un air de d\u00e9pit Ang\u00e9line Nama\/Ido, la pr\u00e9sidente de la<\/span><\/p>\n<figure id=\"attachment_2746\" aria-describedby=\"caption-attachment-2746\" style=\"width: 300px\" class=\"wp-caption alignright\"><img data-recalc-dims=\"1\" loading=\"lazy\" decoding=\"async\" data-attachment-id=\"2746\" data-permalink=\"https:\/\/www.sidwaya.info\/carrefour\/2025\/07\/01\/baisse-de-productivite-du-nere-au-burkina-le-revers-des-recoltes-precoces-et-des-pesticides\/screenshot-2025-07-04-13-07-14\/\" data-orig-file=\"https:\/\/i0.wp.com\/www.sidwaya.info\/carrefour\/wp-content\/uploads\/sites\/8\/2025\/07\/Screenshot-2025-07-04-13.07.14.png?fit=868%2C629&amp;ssl=1\" data-orig-size=\"868,629\" data-comments-opened=\"1\" data-image-meta=\"{&quot;aperture&quot;:&quot;0&quot;,&quot;credit&quot;:&quot;&quot;,&quot;camera&quot;:&quot;&quot;,&quot;caption&quot;:&quot;&quot;,&quot;created_timestamp&quot;:&quot;0&quot;,&quot;copyright&quot;:&quot;&quot;,&quot;focal_length&quot;:&quot;0&quot;,&quot;iso&quot;:&quot;0&quot;,&quot;shutter_speed&quot;:&quot;0&quot;,&quot;title&quot;:&quot;&quot;,&quot;orientation&quot;:&quot;0&quot;}\" data-image-title=\"Screenshot 2025-07-04 13.07.14\" data-image-description=\"\" data-image-caption=\"&lt;p&gt;Karim Y\u00e9y\u00e9, directeur provincial&lt;br \/&gt;\ndes Eaux et for\u00eats de la Sissili :&lt;br \/&gt;\n\u00ab les pesticides tuent les agents&lt;br \/&gt;\npollinisateurs des fleurs du n\u00e9r\u00e9 &lt;\/p&gt;\n\" data-medium-file=\"https:\/\/i0.wp.com\/www.sidwaya.info\/carrefour\/wp-content\/uploads\/sites\/8\/2025\/07\/Screenshot-2025-07-04-13.07.14.png?fit=300%2C217&amp;ssl=1\" data-large-file=\"https:\/\/i0.wp.com\/www.sidwaya.info\/carrefour\/wp-content\/uploads\/sites\/8\/2025\/07\/Screenshot-2025-07-04-13.07.14.png?fit=696%2C504&amp;ssl=1\" class=\"size-medium wp-image-2746\" src=\"https:\/\/i0.wp.com\/www.sidwaya.info\/carrefour\/wp-content\/uploads\/sites\/8\/2025\/07\/Screenshot-2025-07-04-13.07.14.png?resize=300%2C217\" alt=\"\" width=\"300\" height=\"217\" srcset=\"https:\/\/i0.wp.com\/www.sidwaya.info\/carrefour\/wp-content\/uploads\/sites\/8\/2025\/07\/Screenshot-2025-07-04-13.07.14.png?resize=300%2C217&amp;ssl=1 300w, https:\/\/i0.wp.com\/www.sidwaya.info\/carrefour\/wp-content\/uploads\/sites\/8\/2025\/07\/Screenshot-2025-07-04-13.07.14.png?resize=768%2C557&amp;ssl=1 768w, https:\/\/i0.wp.com\/www.sidwaya.info\/carrefour\/wp-content\/uploads\/sites\/8\/2025\/07\/Screenshot-2025-07-04-13.07.14.png?resize=580%2C420&amp;ssl=1 580w, https:\/\/i0.wp.com\/www.sidwaya.info\/carrefour\/wp-content\/uploads\/sites\/8\/2025\/07\/Screenshot-2025-07-04-13.07.14.png?resize=150%2C109&amp;ssl=1 150w, https:\/\/i0.wp.com\/www.sidwaya.info\/carrefour\/wp-content\/uploads\/sites\/8\/2025\/07\/Screenshot-2025-07-04-13.07.14.png?resize=696%2C504&amp;ssl=1 696w, https:\/\/i0.wp.com\/www.sidwaya.info\/carrefour\/wp-content\/uploads\/sites\/8\/2025\/07\/Screenshot-2025-07-04-13.07.14.png?resize=324%2C235&amp;ssl=1 324w, https:\/\/i0.wp.com\/www.sidwaya.info\/carrefour\/wp-content\/uploads\/sites\/8\/2025\/07\/Screenshot-2025-07-04-13.07.14.png?w=868&amp;ssl=1 868w\" sizes=\"auto, (max-width: 300px) 100vw, 300px\" \/><figcaption id=\"caption-attachment-2746\" class=\"wp-caption-text\">Karim Y\u00e9y\u00e9, directeur provincial<br \/>des Eaux et for\u00eats de la Sissili :<br \/>\u00ab les pesticides tuent les agents<br \/>pollinisateurs des fleurs du n\u00e9r\u00e9<\/figcaption><\/figure>\n<p><span style=\"font-weight: 400\">coop\u00e9rative. Cette structure dispose d\u2019un terrain d\u2019un demi-hectare \u00e0 l\u2019extr\u00e9mit\u00e9 de la ville. D\u00e9cision a \u00e9t\u00e9 prise par les membres de la coop\u00e9rative d\u2019y planter le n\u00e9r\u00e9 au cours du mois d\u2019ao\u00fbt 2025. \u00ab\u00a0Nous avons besoin du n\u00e9r\u00e9 pour p\u00e9renniser notre activit\u00e9 \u00bb, soutient Ang\u00e9line Nama. Toutefois, elle dit ne pas \u00eatre surprise de cette situation. Elle impute la responsabilit\u00e9 \u00e0 ses cong\u00e9n\u00e8res qui s\u2019adonnent \u00e0 la cueillette pr\u00e9coce des fruits. \u00ab\u00a0Autrefois, en pays gourounsi, le n\u00e9r\u00e9 se r\u00e9coltait \u00e0 sec dans l\u2019arbre. <\/span><\/p>\n<p><span style=\"font-weight: 400\">De plus, les femmes devraient avoir l\u2019autorisation de leurs \u00e9poux avant d\u2019aller cueillir les fruits. Mais de nos jours, ce protocole n\u2019est plus respect\u00e9. Les fruits sont r\u00e9colt\u00e9s pr\u00e9matur\u00e9ment et souvent nuitamment \u00e0 l\u2019insu du propri\u00e9taire du champ. Cette pratique emp\u00eache l\u2019arbre de bien produire \u00e0 la prochaine saison \u00bb, d\u00e9nonce-t-elle. Cons\u00e9quence, fait-elle remarquer, les productrices de soumbala sont confront\u00e9es actuellement \u00e0 un manque cruel de mati\u00e8re premi\u00e8re.\u00a0 Difficile donc dans ces conditions, selon la pr\u00e9sidente, de satisfaire convenablement les commandes des clients. \u00ab\u00a0Pr\u00e9parer la sauce sans soumbala est un sc\u00e9nario que nous refusons d\u2019imaginer dans notre milieu. Donc, nous avons le devoir de prot\u00e9ger cet arbre\u00a0\u00bb, note Mme Nama.\u00a0<\/span><\/p>\n<p><b>Le n\u00e9r\u00e9 contamin\u00e9, un danger pour la sant\u00e9<\/b><\/p>\n<p><span style=\"font-weight: 400\">La direction provinciale des Eaux et for\u00eats du Ziro reconnait que la productivit\u00e9 du n\u00e9r\u00e9 a baiss\u00e9. Amad\u00e9 Traor\u00e9, le patron de cette direction, pointe du doigt les pratiques agricoles n\u00e9fastes. Il cite notamment l\u2019utilisation des pesticides, une pratique qui nuit \u00e0 la productivit\u00e9 de cette plante. \u00ab\u00a0Ils tuent les agents polinisateurs des fleurs. Automatiquement, cela a un impact sur la productivit\u00e9 de l\u2019esp\u00e8ce\u00a0\u00bb, croit savoir Amad\u00e9 Traor\u00e9. Et ce n\u2019est pas tout. Il avoue que lorsqu\u2019on utilise les herbicides dans un champ, l\u2019arbre pompe ces substances qui vont se retrouver au niveau des fruits et des feuilles.\u00a0 <\/span><\/p>\n<p><span style=\"font-weight: 400\">\u00ab\u00a0Dieu seul sait ce que ces produits peuvent causer comme d\u00e9g\u00e2ts chez l\u2019homme qui consomme les produits venant d\u2019arbres contamin\u00e9s \u00bb, soutient l\u2019inspecteur des eaux et for\u00eats. M\u00eame son de cloche chez Karim Y\u00e9y\u00e9, directeur provincial des Eaux et for\u00eats de la Sissili. Il dit avoir fait lui-m\u00eame le constat \u00e0 savoir que la productivit\u00e9 du n\u00e9r\u00e9 est en perte de vitesse. Tout naturellement, il estime que l\u2019action anthropique en est la principale cause. \u00ab\u00a0Les fleurs du n\u00e9r\u00e9, de couleur rouge, attirent les insectes pollinisateurs. L\u2019utilisation des pesticides dans les champs neutralisent ces agents pollinisateurs\u00a0\u00bb, atteste-t-il. <\/span><\/p>\n<p><span style=\"font-weight: 400\">Ajoutant que la r\u00e9duction de ces insectes du fait des pesticides, la pollinisation des fleurs du n\u00e9r\u00e9 subira sans doute un s\u00e9rieux coup. En outre, il s\u2019attaque \u00e0 la r\u00e9colte pr\u00e9coce des fruits immatures comme \u00e9tant une des causes de la baisse de la productivit\u00e9 du n\u00e9r\u00e9. \u00ab\u00a0Vous voyez, les femmes en qu\u00eate de gain se jettent sur les n\u00e9r\u00e9s non m\u00fbrs et forcent leur m\u00fbrissement dans des sachets en utilisant le carbure\u00a0\u00bb, note Karim Y\u00e9y\u00e9. L\u2019utilisation des pesticides n\u2019explique pas tout. Le changement climatique semble avoir aussi sa part de responsabilit\u00e9 dans la baisse de productivit\u00e9 du n\u00e9r\u00e9. <\/span><\/p>\n<figure id=\"attachment_2745\" aria-describedby=\"caption-attachment-2745\" style=\"width: 300px\" class=\"wp-caption alignright\"><img data-recalc-dims=\"1\" loading=\"lazy\" decoding=\"async\" data-attachment-id=\"2745\" data-permalink=\"https:\/\/www.sidwaya.info\/carrefour\/2025\/07\/01\/baisse-de-productivite-du-nere-au-burkina-le-revers-des-recoltes-precoces-et-des-pesticides\/screenshot-2025-07-04-13-07-31\/\" data-orig-file=\"https:\/\/i0.wp.com\/www.sidwaya.info\/carrefour\/wp-content\/uploads\/sites\/8\/2025\/07\/Screenshot-2025-07-04-13.07.31.png?fit=868%2C629&amp;ssl=1\" data-orig-size=\"868,629\" data-comments-opened=\"1\" data-image-meta=\"{&quot;aperture&quot;:&quot;0&quot;,&quot;credit&quot;:&quot;&quot;,&quot;camera&quot;:&quot;&quot;,&quot;caption&quot;:&quot;&quot;,&quot;created_timestamp&quot;:&quot;0&quot;,&quot;copyright&quot;:&quot;&quot;,&quot;focal_length&quot;:&quot;0&quot;,&quot;iso&quot;:&quot;0&quot;,&quot;shutter_speed&quot;:&quot;0&quot;,&quot;title&quot;:&quot;&quot;,&quot;orientation&quot;:&quot;0&quot;}\" data-image-title=\"Screenshot 2025-07-04 13.07.31\" data-image-description=\"\" data-image-caption=\"&lt;p&gt;Angelina Nama, pr\u00e9sidente de la coop\u00e9rative N\u00e9v\u00e9l\u00e9a :&lt;br \/&gt;\n\u00ab le gui affecte la productivit\u00e9 du karit\u00e9 \u00e0 tel point que&lt;br \/&gt;\nnous n\u2019arrivons plus \u00e0 satisfaire nos commandes \u00bb. &lt;\/p&gt;\n\" data-medium-file=\"https:\/\/i0.wp.com\/www.sidwaya.info\/carrefour\/wp-content\/uploads\/sites\/8\/2025\/07\/Screenshot-2025-07-04-13.07.31.png?fit=300%2C217&amp;ssl=1\" data-large-file=\"https:\/\/i0.wp.com\/www.sidwaya.info\/carrefour\/wp-content\/uploads\/sites\/8\/2025\/07\/Screenshot-2025-07-04-13.07.31.png?fit=696%2C504&amp;ssl=1\" class=\"wp-image-2745 size-medium\" src=\"https:\/\/i0.wp.com\/www.sidwaya.info\/carrefour\/wp-content\/uploads\/sites\/8\/2025\/07\/Screenshot-2025-07-04-13.07.31.png?resize=300%2C217\" alt=\"\" width=\"300\" height=\"217\" srcset=\"https:\/\/i0.wp.com\/www.sidwaya.info\/carrefour\/wp-content\/uploads\/sites\/8\/2025\/07\/Screenshot-2025-07-04-13.07.31.png?resize=300%2C217&amp;ssl=1 300w, https:\/\/i0.wp.com\/www.sidwaya.info\/carrefour\/wp-content\/uploads\/sites\/8\/2025\/07\/Screenshot-2025-07-04-13.07.31.png?resize=768%2C557&amp;ssl=1 768w, https:\/\/i0.wp.com\/www.sidwaya.info\/carrefour\/wp-content\/uploads\/sites\/8\/2025\/07\/Screenshot-2025-07-04-13.07.31.png?resize=580%2C420&amp;ssl=1 580w, https:\/\/i0.wp.com\/www.sidwaya.info\/carrefour\/wp-content\/uploads\/sites\/8\/2025\/07\/Screenshot-2025-07-04-13.07.31.png?resize=150%2C109&amp;ssl=1 150w, https:\/\/i0.wp.com\/www.sidwaya.info\/carrefour\/wp-content\/uploads\/sites\/8\/2025\/07\/Screenshot-2025-07-04-13.07.31.png?resize=696%2C504&amp;ssl=1 696w, https:\/\/i0.wp.com\/www.sidwaya.info\/carrefour\/wp-content\/uploads\/sites\/8\/2025\/07\/Screenshot-2025-07-04-13.07.31.png?resize=324%2C235&amp;ssl=1 324w, https:\/\/i0.wp.com\/www.sidwaya.info\/carrefour\/wp-content\/uploads\/sites\/8\/2025\/07\/Screenshot-2025-07-04-13.07.31.png?w=868&amp;ssl=1 868w\" sizes=\"auto, (max-width: 300px) 100vw, 300px\" \/><figcaption id=\"caption-attachment-2745\" class=\"wp-caption-text\">Ang\u00e9line Nama\/Ido pointe du doigt la cueillette pr\u00e9coce des fruits immatures.<\/figcaption><\/figure>\n<p><span style=\"font-weight: 400\">Les vents, rel\u00e8ve Karim Y\u00e9y\u00e9, font chuter les fleurs. Pour lui, cela est d\u00fb au fait que la p\u00e9riode de floraison du n\u00e9r\u00e9 co\u00efncide souvent avec l\u2019arriv\u00e9e des vents. Il d\u00e9nonce \u00e9galement les pratiques agricoles qui consistent \u00e0 d\u00e9truire tous les v\u00e9g\u00e9taux lors des nouvelles d\u00e9friches. A l\u2019entendre, la densit\u00e9 de la v\u00e9g\u00e9tation constituait autrefois un brise-vent qui r\u00e9duisait l\u2019effet du vent sur les arbres. Aujourd\u2019hui, regrette-t-il, la destruction de ce tapis v\u00e9g\u00e9tal par l\u2019homme rend le n\u00e9r\u00e9 vuln\u00e9rable \u00e0 toutes formes de menaces.\u00a0<\/span><\/p>\n<p><b>Le n\u00e9r\u00e9, un bon fertilisant<\/b><\/p>\n<p><span style=\"font-weight: 400\">Pour autant, \u00e0 \u00e9couter certains acteurs, rien n\u2019est perdu d\u2019avance. Amad\u00e9 Traor\u00e9 propose un abandon totale des pesticides dans les pratiques agricoles ou \u00e0 d\u00e9faut une r\u00e9duction de leur utilisation. \u00ab\u00a0Cela permettra aux agents pollinisateurs de faire correctement leur travail\u00a0\u00bb, souligne-t-il. En ce qui concerne le changement climatique, il estime que la lutte ne sera pas ais\u00e9e. A moins que, sugg\u00e8re-t-il, la recherche parvienne \u00e0 trouver une esp\u00e8ce de n\u00e9r\u00e9 plus r\u00e9sistante aux al\u00e9as climatiques. Mais au-del\u00e0, il pense que la solution la plus s\u00fbre et durable consiste \u00e0 planter beaucoup d\u2019arbres particuli\u00e8rement dans les zones o\u00f9 l\u2019esp\u00e8ce est \u00e0 l\u2019aise. <\/span><\/p>\n<p><span style=\"font-weight: 400\">\u00ab\u00a0Il ne faut pas planter dans des zones mar\u00e9cageuses o\u00f9 les plants ne vont pas r\u00e9sister aux inondations. Il faut planter dans des zones non inondables\u00bb, conseille-t-il. La plupart des n\u00e9r\u00e9s rencontr\u00e9s au Burkina ont pouss\u00e9 gr\u00e2ce \u00e0 la r\u00e9g\u00e9n\u00e9ration naturelle. La vieillesse est \u00e9galement un facteur qui compromet leur rentabilit\u00e9, nous confie-t-on. Amad\u00e9 Traor\u00e9 persiste sur le renouvellement des pieds par un reboisement. Cr\u00e9er des vergers de manguiers ou d\u2019anacardiers est une pratique courante au Burkina Faso. Mais jusqu\u2019\u00e0 pr\u00e9sent, pas un verger de n\u00e9r\u00e9 ou de karit\u00e9. \u00ab\u00a0Tout est une question de temps\u00a0\u00bb, confie M. Traor\u00e9 qui reste convaincu que les choses vont changer d\u2019elles-m\u00eames d\u2019ici quelques ann\u00e9es gr\u00e2ce \u00e0 la sensibilisation de la population. \u00ab\u00a0Vous verrez bient\u00f4t des vergers de n\u00e9r\u00e9 \u00e9merger au Burkina\u00a0\u00bb, assure-t-il. <\/span><\/p>\n<figure id=\"attachment_2748\" aria-describedby=\"caption-attachment-2748\" style=\"width: 300px\" class=\"wp-caption alignright\"><img data-recalc-dims=\"1\" loading=\"lazy\" decoding=\"async\" data-attachment-id=\"2748\" data-permalink=\"https:\/\/www.sidwaya.info\/carrefour\/2025\/07\/01\/baisse-de-productivite-du-nere-au-burkina-le-revers-des-recoltes-precoces-et-des-pesticides\/screenshot-2025-07-04-13-06-33\/\" data-orig-file=\"https:\/\/i0.wp.com\/www.sidwaya.info\/carrefour\/wp-content\/uploads\/sites\/8\/2025\/07\/Screenshot-2025-07-04-13.06.33.png?fit=868%2C629&amp;ssl=1\" data-orig-size=\"868,629\" data-comments-opened=\"1\" data-image-meta=\"{&quot;aperture&quot;:&quot;0&quot;,&quot;credit&quot;:&quot;&quot;,&quot;camera&quot;:&quot;&quot;,&quot;caption&quot;:&quot;&quot;,&quot;created_timestamp&quot;:&quot;0&quot;,&quot;copyright&quot;:&quot;&quot;,&quot;focal_length&quot;:&quot;0&quot;,&quot;iso&quot;:&quot;0&quot;,&quot;shutter_speed&quot;:&quot;0&quot;,&quot;title&quot;:&quot;&quot;,&quot;orientation&quot;:&quot;0&quot;}\" data-image-title=\"Screenshot 2025-07-04 13.06.33\" data-image-description=\"\" data-image-caption=\"&lt;p&gt;Le n\u00e9r\u00e9 r\u00e9colt\u00e9 non encore trait\u00e9.&lt;\/p&gt;\n\" data-medium-file=\"https:\/\/i0.wp.com\/www.sidwaya.info\/carrefour\/wp-content\/uploads\/sites\/8\/2025\/07\/Screenshot-2025-07-04-13.06.33.png?fit=300%2C217&amp;ssl=1\" data-large-file=\"https:\/\/i0.wp.com\/www.sidwaya.info\/carrefour\/wp-content\/uploads\/sites\/8\/2025\/07\/Screenshot-2025-07-04-13.06.33.png?fit=696%2C504&amp;ssl=1\" class=\"size-medium wp-image-2748\" src=\"https:\/\/i0.wp.com\/www.sidwaya.info\/carrefour\/wp-content\/uploads\/sites\/8\/2025\/07\/Screenshot-2025-07-04-13.06.33.png?resize=300%2C217\" alt=\"\" width=\"300\" height=\"217\" srcset=\"https:\/\/i0.wp.com\/www.sidwaya.info\/carrefour\/wp-content\/uploads\/sites\/8\/2025\/07\/Screenshot-2025-07-04-13.06.33.png?resize=300%2C217&amp;ssl=1 300w, https:\/\/i0.wp.com\/www.sidwaya.info\/carrefour\/wp-content\/uploads\/sites\/8\/2025\/07\/Screenshot-2025-07-04-13.06.33.png?resize=768%2C557&amp;ssl=1 768w, https:\/\/i0.wp.com\/www.sidwaya.info\/carrefour\/wp-content\/uploads\/sites\/8\/2025\/07\/Screenshot-2025-07-04-13.06.33.png?resize=580%2C420&amp;ssl=1 580w, https:\/\/i0.wp.com\/www.sidwaya.info\/carrefour\/wp-content\/uploads\/sites\/8\/2025\/07\/Screenshot-2025-07-04-13.06.33.png?resize=150%2C109&amp;ssl=1 150w, https:\/\/i0.wp.com\/www.sidwaya.info\/carrefour\/wp-content\/uploads\/sites\/8\/2025\/07\/Screenshot-2025-07-04-13.06.33.png?resize=696%2C504&amp;ssl=1 696w, https:\/\/i0.wp.com\/www.sidwaya.info\/carrefour\/wp-content\/uploads\/sites\/8\/2025\/07\/Screenshot-2025-07-04-13.06.33.png?resize=324%2C235&amp;ssl=1 324w, https:\/\/i0.wp.com\/www.sidwaya.info\/carrefour\/wp-content\/uploads\/sites\/8\/2025\/07\/Screenshot-2025-07-04-13.06.33.png?w=868&amp;ssl=1 868w\" sizes=\"auto, (max-width: 300px) 100vw, 300px\" \/><figcaption id=\"caption-attachment-2748\" class=\"wp-caption-text\">Le n\u00e9r\u00e9 r\u00e9colt\u00e9 non encore trait\u00e9.<\/figcaption><\/figure>\n<p><span style=\"font-weight: 400\">D\u2019ailleurs, les populations du Ziro et de la Sissili d\u00e9j\u00e0 confront\u00e9es \u00e0 la raret\u00e9 des graines, sont dans la dynamique. La plantation de n\u00e9r\u00e9 fait partie de nombreux projets de reboisement tant au niveau individuel que collectif. Karim Y\u00e9y\u00e9, directeur provincial des Eaux et for\u00eats de la Sissili, est en train de produire 6000 pieds de n\u00e9r\u00e9. De ses explications, le service de l\u2019environnement compte planter plus de 5000 pieds au cours de la pr\u00e9sente campagne agricole. A propos du cycle de production, il se veut rassurant. \u00ab\u00a0A sept ans, le n\u00e9r\u00e9 doit commencer \u00e0 produire. Entre 10 et 15 ans, vous avez une bonne production\u00a0\u00bb, mentionne-t-il. Il dit exhorter ceux qui se sont accapar\u00e9s les terres dans la province \u00e0 planter le n\u00e9r\u00e9. \u00ab\u00a0Dans les ann\u00e9es \u00e0 venir, vous verrez des plantations de n\u00e9r\u00e9 dans notre zone\u00a0\u00bb, promet M. Y\u00e9y\u00e9. Le p\u00e9pini\u00e9riste Abou Nama a d\u00e9j\u00e0 re\u00e7u plusieurs commandes de plants de n\u00e9r\u00e9. Cette prise de conscience est salu\u00e9e par les agents en charge de l\u2019environnement. <\/span><\/p>\n<p><span style=\"font-weight: 400\">\u00ab\u00a0Certains ont lanc\u00e9 des commandes de 100 plants, voire m\u00eame plus,\u00a0pour un reboisement dans des champs familiaux \u00bb, informe Abou Nama. Le plant est vendu \u00e0 100, 200, 500 et 1000 F CFA. A entendre M. Nama, le prix varie en fonction de l\u2019\u00e2ge. Dans la s\u00e9lection des graines devant constituer la base de sa p\u00e9pini\u00e8re, il est lui-m\u00eame son propre sp\u00e9cialiste. \u00ab\u00a0Je choisis celles qui sont bien form\u00e9es et grosses. Quand ces graines vont germer et pousser, l\u2019arbre qui en r\u00e9sultera sera productif\u00a0\u00bb, l\u00e2che Abou Nama. <\/span><\/p>\n<p><span style=\"font-weight: 400\">Le n\u00e9r\u00e9 est beaucoup appr\u00e9ci\u00e9 non pas seulement \u00e0 cause de ses vertus alimentaires et m\u00e9dicinales. De l\u2019avis des sp\u00e9cialistes des plantes, il est aussi un bon fertilisant. Le naturaliste Abou Nama dresse un simple constat. \u00ab\u00a0L\u00e0 o\u00f9 se trouve le n\u00e9r\u00e9, les r\u00e9coltes r\u00e9ussissent toujours\u00a0\u00bb, avance-t-il. Des propos confirm\u00e9s par le directeur provincial des Eaux et for\u00eats de la Sissili, Karim Y\u00e9y\u00e9, qui d\u00e9clare\u00a0: \u00ab\u00a0le syst\u00e8me racinaire du n\u00e9r\u00e9 facilite l\u2019infiltration de l\u2019eau dans le sol\u00a0\u00bb. La d\u00e9composition\u00a0 des feuilles, poursuit-il, contribue \u00e9galement \u00e0 amender le sol. \u00ab\u00a0L\u2019arbre profite des cultures et les cultures aussi profitent de lui\u00a0\u00bb, signifie-t-il. Au regard de l\u2019importance de cet arbre dans la vie des populations, il urge de rem\u00e9dier aux maux qui minent sa productivit\u00e9 pour le bonheur de tous les Burkinab\u00e8.<\/span><\/p>\n<p style=\"text-align: right\"><b>Ouamtinga Michel ILBOUDO<\/b><\/p>\n<p style=\"text-align: right\"><span style=\"font-weight: 400\">omichel20@gmail.com<\/span><\/p>\n<hr \/>\n<p><b>Vaincre les pr\u00e9jug\u00e9s sur la plantation du n\u00e9r\u00e9<\/b><\/p>\n<p>Dans certaines contr\u00e9es du Burkina Faso, planter une esp\u00e8ce locale est synonyme de mort programm\u00e9e pour la personne qui s\u2019adonne \u00e0 cette activit\u00e9, consid\u00e9r\u00e9e comme une d\u00e9fiance aux coutumes. \u00ab\u00a0Ils disent que lorsque l\u2019esp\u00e8ce survit, vous qui l\u2019avez plant\u00e9, vous mourez\u00a0\u00bb, d\u00e9voile Karim Y\u00e9y\u00e9, directeur provincial des Eaux et for\u00eats de la Sissili. Du coup, ce pr\u00e9jug\u00e9 constitue, \u00e0 son avis, un frein au reboisement des esp\u00e8ces locales. Heureusement, dit-il, \u00e0 travers les sensibilisations, les gens ont compris la n\u00e9cessit\u00e9 de reboiser le n\u00e9r\u00e9.<\/p>\n<p style=\"text-align: right\"><strong>O.M.I<\/strong><\/p>\n<hr \/>\n<p><b>Tout soigne chez le n\u00e9r\u00e9<\/b><\/p>\n<p><span style=\"font-weight: 400\">Comme le lui pr\u00eatent les tradipraticiens, le n\u00e9r\u00e9 est un arbre b\u00e9ni \u00e0 multiples usages. En effet, il entre dans la pr\u00e9paration de plusieurs rem\u00e8des qui soignent des maladies comme le paludisme et d\u2019autres maladies infectieuses. Les feuilles, l\u2019\u00e9corce, la poudre, les racines ou encore les graines sont utilis\u00e9es par les populations dans certaines affections traditionnelles. Mais pas que \u00e7a seulement, car il est aussi utilis\u00e9 comme aliment \u00e0 travers la farine jaune sucr\u00e9 de ses fruits, ainsi que les graines utilis\u00e9es pour fabriquer un condiment bien connu en Afrique de l\u2019Ouest, le <\/span><i><span style=\"font-weight: 400\">soumbala.<\/span><\/i><span style=\"font-weight: 400\"> L\u2019\u00e9corce du n\u00e9r\u00e9 est utilis\u00e9e dans la lutte contre les douleurs abdominales ou gastriques des enfants, les maux de dents ou pour soigner les plaies, les coliques violentes, la bronchite, les maladies v\u00e9n\u00e9riennes et autres dermatoses. Cette partie du n\u00e9r\u00e9 est aussi utilis\u00e9e pour lutter contre l\u2019amibiase, la gastrite, la gingivite, l\u2019otite, la l\u00e8pre et pour la pr\u00e9vention de l\u2019hypertension. L\u2019\u00e9corce, associ\u00e9e aux feuilles, soulage les caries dentaires et la conjonctivite, selon les initi\u00e9s. Quant aux feuilles, elles aident \u00e0 lutter contre le venin en cas de morsure de serpent. D\u00e9barrass\u00e9es du p\u00e9tiole, les feuilles sont utilis\u00e9es pour soigner les brulures et les h\u00e9morro\u00efdes et sont en m\u00eame temps r\u00e9put\u00e9es pour leurs capacit\u00e9s \u00e0 r\u00e9soudre les probl\u00e8mes de goitre chez certaines populations et pour pr\u00e9venir l\u2019hypertension ou la diminuer. La farine de la pulpe du n\u00e9r\u00e9 a des propri\u00e9t\u00e9s laxatives. Aussi, cette derni\u00e8re contient \u00e0 elle seule des acides amin\u00e9s \u00e0 forte teneur de la vitamine C et l\u2019iode, ce qui lui procure la vertu anti goitre. En plus de ces usages, la cosse est utilis\u00e9e par les femmes pour fabriquer de la potasse qui entre dans la pr\u00e9paration de certains aliments et dans la fabrication du savon traditionnel. Elle est \u00e9galement utilis\u00e9e pour faire la teinture. Les grains renferment \u00e9galement des vertus aphrodisiaques. Comme on le constate, tous les constituants du n\u00e9r\u00e9 sont comestibles ou utiles. L\u2019omnipr\u00e9sence de ce v\u00e9g\u00e9tal dans les habitudes alimentaires peut contribuer \u00e0 r\u00e9duire les risques de malnutrition du fait de sa haute valeur nutritive.\u00a0<\/span><\/p>\n<p style=\"text-align: right\"><b>O.M.I.<\/b><\/p>\n<p style=\"text-align: right\"><b>Sources : Le <\/b><b>Sahel.org<\/b><\/p>\n<p>&nbsp;<\/p>\n","protected":false},"excerpt":{"rendered":"<p>Arbre utilitaire par excellence, Parkia biglobosa, nom scientifique du n\u00e9r\u00e9, est confront\u00e9 de nos jours \u00e0 une baisse de productivit\u00e9. Ce ph\u00e9nom\u00e8ne est observ\u00e9 un peu partout au Burkina Faso plus particuli\u00e8rement dans les provinces du Ziro et de la Sissili qui abritent encore une importante population de n\u00e9r\u00e9. Le constat dans ces deux provinces [&hellip;]<\/p>\n","protected":false},"author":3,"featured_media":2749,"comment_status":"open","ping_status":"closed","sticky":false,"template":"","format":"standard","meta":{"jetpack_post_was_ever_published":false,"_jetpack_newsletter_access":"","_jetpack_dont_email_post_to_subs":false,"_jetpack_newsletter_tier_id":0,"_jetpack_memberships_contains_paywalled_content":false,"_jetpack_memberships_contains_paid_content":false,"footnotes":""},"categories":[562,231,89],"tags":[],"class_list":{"0":"post-2744","1":"post","2":"type-post","3":"status-publish","4":"format-standard","5":"has-post-thumbnail","7":"category-actualites","8":"category-analyses","9":"category-la-une-site"},"jetpack_featured_media_url":"https:\/\/i0.wp.com\/www.sidwaya.info\/carrefour\/wp-content\/uploads\/sites\/8\/2025\/07\/Screenshot-2025-07-04-13.06.16.png?fit=868%2C629&ssl=1","jetpack_sharing_enabled":true,"jetpack_shortlink":"https:\/\/wp.me\/paqtIK-Ig","jetpack-related-posts":[],"_links":{"self":[{"href":"https:\/\/www.sidwaya.info\/carrefour\/wp-json\/wp\/v2\/posts\/2744","targetHints":{"allow":["GET"]}}],"collection":[{"href":"https:\/\/www.sidwaya.info\/carrefour\/wp-json\/wp\/v2\/posts"}],"about":[{"href":"https:\/\/www.sidwaya.info\/carrefour\/wp-json\/wp\/v2\/types\/post"}],"author":[{"embeddable":true,"href":"https:\/\/www.sidwaya.info\/carrefour\/wp-json\/wp\/v2\/users\/3"}],"replies":[{"embeddable":true,"href":"https:\/\/www.sidwaya.info\/carrefour\/wp-json\/wp\/v2\/comments?post=2744"}],"version-history":[{"count":1,"href":"https:\/\/www.sidwaya.info\/carrefour\/wp-json\/wp\/v2\/posts\/2744\/revisions"}],"predecessor-version":[{"id":2750,"href":"https:\/\/www.sidwaya.info\/carrefour\/wp-json\/wp\/v2\/posts\/2744\/revisions\/2750"}],"wp:featuredmedia":[{"embeddable":true,"href":"https:\/\/www.sidwaya.info\/carrefour\/wp-json\/wp\/v2\/media\/2749"}],"wp:attachment":[{"href":"https:\/\/www.sidwaya.info\/carrefour\/wp-json\/wp\/v2\/media?parent=2744"}],"wp:term":[{"taxonomy":"category","embeddable":true,"href":"https:\/\/www.sidwaya.info\/carrefour\/wp-json\/wp\/v2\/categories?post=2744"},{"taxonomy":"post_tag","embeddable":true,"href":"https:\/\/www.sidwaya.info\/carrefour\/wp-json\/wp\/v2\/tags?post=2744"}],"curies":[{"name":"wp","href":"https:\/\/api.w.org\/{rel}","templated":true}]}}