{"id":2764,"date":"2025-08-18T10:05:49","date_gmt":"2025-08-18T10:05:49","guid":{"rendered":"https:\/\/www.sidwaya.info\/carrefour\/?p=2764"},"modified":"2025-08-19T12:36:43","modified_gmt":"2025-08-19T12:36:43","slug":"dr-jacob-sanou-maitre-de-recherche-en-agronomie-a-la-retraite-ma-plus-grande-satisfaction-cest-de-voir-le-president-ibrahim-traore-dans-un-champ-de-ble","status":"publish","type":"post","link":"https:\/\/www.sidwaya.info\/carrefour\/2025\/08\/18\/dr-jacob-sanou-maitre-de-recherche-en-agronomie-a-la-retraite-ma-plus-grande-satisfaction-cest-de-voir-le-president-ibrahim-traore-dans-un-champ-de-ble\/","title":{"rendered":"Dr Jacob Sanou, ma\u00eetre de recherche en agronomie \u00e0 la retraite: \u00ab Ma plus grande satisfaction, c&rsquo;est d\u2019avoir vu le Pr\u00e9sident Ibrahim Traor\u00e9 dans un champ de bl\u00e9 \u00bb"},"content":{"rendered":"<p><b>Ma\u00eetre<\/b> <b>de<\/b> <b>recherche<\/b> <b>en<\/b> <b>agronomie,<\/b> <b>am\u00e9lioration<\/b> <b>des<\/b> <b>plantes,<\/b> <b>\u00e0<\/b> <b>la<\/b> <b>retraite<\/b> <b>depuis<\/b> <b>le<\/b> <b>18<\/b> <b>f\u00e9vrier<\/b> <b>2024,<\/b> <b>Dr<\/b> <b>Jacob<\/b> <b>Sanou<\/b> <b>est<\/b> <b>l\u2019actuel<\/b> <b>recteur<\/b> <b>de<\/b> <b>l\u2019universit\u00e9<\/b> <b>Aube<\/b> <b>nouvelle<\/b> <b>de<\/b> <b>Bobo-Dioulasso.<\/b> <b>S\u00e9lectionneur<\/b> <b>de<\/b> <b>plusieurs<\/b> <b>vari\u00e9t\u00e9s<\/b> <b>de<\/b> <b>c\u00e9r\u00e9ales<\/b> <b>et<\/b> <b>de<\/b> <b>plantes<\/b> <b>fruiti\u00e8res,<\/b> <b>ce<\/b> <b>passionn\u00e9<\/b> <b>d\u2019agriculture<\/b> <b>a<\/b> <b>pass\u00e9<\/b> <b>pr\u00e8s<\/b> <b>de<\/b> <b>40<\/b> <b>ans<\/b> <b>\u00e0<\/b> <b>travailler<\/b> <b>\u00e0<\/b> <b>l\u2019atteinte<\/b> <b>de<\/b> <b>l\u2019autosuffisance<\/b> <b>alimentaire<\/b> <b>au<\/b> <b>Burkina.<\/b> <b>Dans<\/b> <b>cet<\/b> <b>entretien<\/b> <b>qu\u2019il<\/b> <b>nous<\/b> <b>a<\/b> <b>accord\u00e9,<\/b> <b>le<\/b> <b>15<\/b> <b>juillet<\/b> <b>2025,<\/b> <b>dans<\/b> <b>la<\/b> <b>cit\u00e9<\/b> <b>de<\/b> <b>Sya,<\/b> <b>cet<\/b> <b>homme<\/b> <b>discret<\/b> <b>mais<\/b> <b>chevronn\u00e9<\/b> <b>l\u00e8ve<\/b> <b>un<\/b> <b>coin<\/b> <b>du<\/b> <b>voile<\/b> <b>sur<\/b> <b>son<\/b> <b>parcours<\/b> <b>professionnel,<\/b> <b>les<\/b> <b>r\u00e9sultats<\/b> <b>de<\/b> <b>ses<\/b> <b>recherches<\/b> <b>ainsi<\/b> <b>que<\/b> <b>d\u2019autres<\/b> <b>projets<\/b> <b>qui<\/b> <b>lui<\/b> <b>tiennent<\/b> <b>\u00e0<\/b> <b>c\u0153ur.<\/b><\/p>\n<p><b>Carrefour<\/b> <b>africain<\/b> <b>(C.A.)<\/b> <b>:<\/b> <b><i>Quels<\/i><\/b> <b><i>sont<\/i><\/b> <b><i>les<\/i><\/b> <b><i>postes<\/i><\/b> <b><i>que<\/i><\/b> <b><i>vous<\/i><\/b> <b><i>avez<\/i><\/b> <b><i>occup\u00e9s<\/i><\/b> <b><i>dans<\/i><\/b> <b><i>l\u2019administration<\/i><\/b> <b><i>publique<\/i><\/b> <b><i>?<\/i><\/b><\/p>\n<p><b>Jacob<\/b> <b>Sanou<\/b> <b>(J.S.)<\/b> <b>:<\/b><span style=\"font-weight: 400\"> Apr\u00e8s mon int\u00e9gration \u00e0 la Fonction publique en 1986, j\u2019ai \u00e9t\u00e9 affect\u00e9 au Centre national de la recherche scientifique et technologique (CNRST) qui m\u2019a envoy\u00e9 \u00e0 l\u2019Institut de l\u2019environnement et de recherches agricoles (INERA) de Bobo- Dioulasso comme ing\u00e9nieur de recherche. Le premier poste que j\u2019ai occup\u00e9 est celui de responsable de la section ma\u00efs du programme Sorgho- mil-ma\u00efs (SOMIMA), dont l\u2019objectif \u00e9tait de d\u00e9velopper le ma\u00efs et de cr\u00e9er des vari\u00e9t\u00e9s qui allaient conduire le Burkina Faso vers une <\/span><span style=\"font-weight: 400\">autosuffisance alimentaire.<\/span><\/p>\n<p><span style=\"font-weight: 400\">Le deuxi\u00e8me poste a \u00e9t\u00e9 celui de chef de programme, un programme qui s\u2019occupe de plusieurs sections. J\u2019ai occup\u00e9 ce poste en 2000, parce qu\u2019il \u00e9tait r\u00e9serv\u00e9 \u00e0 des chercheurs seniors. Avant que je ne passe d\u2019ing\u00e9nieur \u00e0 attach\u00e9 de recherche et \u00e0 charg\u00e9 de recherche, je ne pouvais pas \u00eatre nomm\u00e9 chef de programme. Le troisi\u00e8me poste a \u00e9t\u00e9 administratif et de gestion. J\u2019ai \u00e9t\u00e9 nomm\u00e9 chef du centre de recherches de Farakob\u00e2, o\u00f9 j\u2019avais \u00e0 charge de g\u00e9rer et l\u2019administration et mon programme, puisqu\u2019on ne m\u2019avait pas trouv\u00e9 de rempla\u00e7ant. Cela a \u00e9t\u00e9 le d\u00e9but d\u2019une carri\u00e8re administrative et de gestion qui m\u2019a amen\u00e9 \u00e0 \u00eatre aussi directeur du centre deux fois. Donc de 2006 jusqu\u2019en 2016, soit 11 ans \u00e0 peu pr\u00e8s, j\u2019ai g\u00e9r\u00e9 la station de Farakob\u00e2. Mais\u00a0 la\u00a0 direction\u00a0 r\u00e9gionale\u00a0 de\u00a0\u00a0<\/span><span style=\"font-weight: 400\">l\u2019Ouest\u00a0 de\u00a0 l\u2019INERA\u00a0 couvrait\u00a0 \u00e0 <\/span><span style=\"font-weight: 400\">l\u2019\u00e9poque les r\u00e9gions des Cascades, de la Boucle du Mouhoun, du Sud- Ouest et des Hauts-Bassins.<\/span><\/p>\n<p><b>C.A.<\/b> <b>:<\/b> <b><i>Vous<\/i><\/b> <b><i>avez<\/i><\/b> <b><i>aussi<\/i><\/b> <b><i>\u00e9t\u00e9<\/i><\/b> <b><i>directeur<\/i><\/b> <b><i>r\u00e9gional<\/i><\/b> <b><i>charg\u00e9<\/i><\/b> <b><i>de<\/i><\/b> <b><i>l\u2019enseignement<\/i><\/b> <b><i>sup\u00e9rieur<\/i><\/b> <b><i>dans<\/i><\/b> <b><i>les<\/i><\/b> <b><i>Hauts-Bassins&#8230;<\/i><\/b><\/p>\n<p><b>J.S.<\/b> <b>:<\/b><span style=\"font-weight: 400\"> Oui. \u00c7a, c\u2019est apr\u00e8s que j\u2019ai quitt\u00e9 en 2016 le poste de directeur du centre. J\u2019ai d\u00fb faire six mois \u00e0 peu pr\u00e8s et le minist\u00e8re m\u2019a propos\u00e9 la direction r\u00e9gionale de l\u2019enseignement sup\u00e9rieur des Hauts- Bassins, qui couvrait \u00e0 la fois les Hauts-Bassins, le Sud-Ouest et la Boucle du Mouhoun. C\u2019est de l\u00e0 que je vais prendre ma retraite le 18 f\u00e9vrier 2024. Pour le programme de recherche \u00e0 l\u2019INERA, on l\u2019a fait passer de SOMIMA \u00e0 SOMIMAF, le F \u00e9tant le fonio qu\u2019on a ajout\u00e9. Et comme on rajoutait beaucoup de plantes, on l\u2019a finalement appel\u00e9\u00a0<\/span><span style=\"font-weight: 400\">Programme c\u00e9r\u00e9ales traditionnelles.<\/span><\/p>\n<p><span style=\"font-weight: 400\">Il s\u2019occupait de toutes les c\u00e9r\u00e9ales, sauf le riz qui \u00e9tait un programme \u00e0 part. Par la suite, j\u2019ai fait \u00e9voluer ce programme en lui rajoutant le bl\u00e9 parce que dans l\u2019\u00e9volution des pays, la d\u00e9mographie suit l\u2019alimentaire. Quand on est un peuple en expansion, on mange beaucoup de sorgho et de ma\u00efs. Lorsqu\u2019on commence \u00e0 \u00eatre un peu riche, on cherche la pomme de terre, les p\u00e2tes alimentaires, etc. Donc, j\u2019ai ramen\u00e9 le bl\u00e9 dans le programme, m\u00eame s\u2019il n\u2019est pas traditionnel chez nous.<\/span><\/p>\n<p><b>C.A.<\/b> <b>:<\/b> <b><i>Qu\u2019est-ce<\/i><\/b> <b><i>qui<\/i><\/b> <b><i>vous<\/i><\/b> <b><i>a<\/i><\/b> <b><i>particuli\u00e8rement<\/i><\/b> <b><i>motiv\u00e9<\/i><\/b> <b><i>\u00e0<\/i><\/b> <b><i>vous<\/i><\/b> <b><i>investir<\/i><\/b> <b><i>dans<\/i><\/b> <b><i>la<\/i><\/b> <b><i>recherche<\/i><\/b> <b><i>scientifique<\/i><\/b> <b><i>?<\/i><\/b><\/p>\n<p><b>J.S.<\/b> <b>:<\/b><span style=\"font-weight: 400\"> Ce qui m\u2019a vraiment motiv\u00e9, c\u2019est de travailler \u00e0 ce que chacun puisse manger \u00e0 sa faim. Et \u00e7a, je peux dire que c\u2019est quelque chose\u00a0<\/span><span style=\"font-weight: 400\">qui m\u2019a piqu\u00e9 depuis la classe de CM1. C\u2019est vrai qu\u2019\u00e0 l\u2019\u00e9poque, je ne mangeais pas toujours \u00e0 ma faim, parce que ce n\u2019est pas tout le temps qu\u2019on gagnait les trois repas par jour. D\u2019ailleurs, on ne parlait m\u00eame pas de trois repas mais du repas principal \u00e0 midi qui \u00e9tait fait surtout de \u00abt\u00f4\u00bb (p\u00e2te de mil) et ce n\u2019est que les jours de f\u00eate qu\u2019on avait le riz. Depuis ce temps, je me suis dit qu\u2019il faudrait vraiment qu\u2019\u00e0 la fois mes enfants et ceux des autres n\u2019aient pas faim. La premi\u00e8re r\u00e9action que j\u2019ai eue, c\u2019est de me dire qu\u2019il ne faut pas redoubler \u00e0 l\u2019\u00e9cole, au risque d\u2019avoir beaucoup faim. Parce que vous pouvez arriver de l\u2019\u00e9cole \u00e0 midi et il n\u2019y a pas \u00e0 manger. <\/span><\/p>\n<p><span style=\"font-weight: 400\">Nous, on s\u2019arrangeait pour avoir la cl\u00e9 du\u00a0<\/span><span style=\"font-weight: 400\">magasin. On remplissait nos poches de petit mil ou de sorgho qu\u2019on partait manger. J\u2019ai \u00e9tudi\u00e9 au quartier Tounouma de Bobo- Dioulasso de la Sixi\u00e8me en Terminale. Les autres \u00e9taient \u00e0 l\u2019internat et le restaurant n\u2019\u00e9tait pas accessible aux externes. Donc \u00e0 midi, je rentrais \u00e0 la maison pour manger. Quand tu arrives et que le repas n\u2019est pas pr\u00eat, il faut croquer le mil avant de retourner \u00e0 l\u2019\u00e9cole. Je me suis dit qu\u2019il ne faut pas que \u00e7a continue avec le temps. Dans les ann\u00e9es 1978-1979, j\u2019\u00e9tais \u00e0 l\u2019\u00e9cole primaire et ce n\u2019\u00e9tait pas facile. Mon papa \u00e9tait militaire mais les salaires n\u2019\u00e9taient pas consistants. J\u2019ai eu comme une lueur d\u2019espoir de dire que si j\u2019embrasse l\u2019agriculture, au moins, je n\u2019aurai pas faim. Voici ce qui m\u2019a motiv\u00e9 \u00e0 aller vers l\u2019agriculture et ensuite la recherche.<\/span><\/p>\n<figure id=\"attachment_2766\" aria-describedby=\"caption-attachment-2766\" style=\"width: 300px\" class=\"wp-caption alignleft\"><img data-recalc-dims=\"1\" loading=\"lazy\" decoding=\"async\" data-attachment-id=\"2766\" data-permalink=\"https:\/\/www.sidwaya.info\/carrefour\/2025\/08\/18\/dr-jacob-sanou-maitre-de-recherche-en-agronomie-a-la-retraite-ma-plus-grande-satisfaction-cest-de-voir-le-president-ibrahim-traore-dans-un-champ-de-ble\/2-61\/\" data-orig-file=\"https:\/\/i0.wp.com\/www.sidwaya.info\/carrefour\/wp-content\/uploads\/sites\/8\/2025\/08\/2.jpg?fit=1240%2C827&amp;ssl=1\" data-orig-size=\"1240,827\" data-comments-opened=\"1\" data-image-meta=\"{&quot;aperture&quot;:&quot;5.6&quot;,&quot;credit&quot;:&quot;&quot;,&quot;camera&quot;:&quot;NIKON D3100&quot;,&quot;caption&quot;:&quot;&quot;,&quot;created_timestamp&quot;:&quot;1752578554&quot;,&quot;copyright&quot;:&quot;&quot;,&quot;focal_length&quot;:&quot;55&quot;,&quot;iso&quot;:&quot;3200&quot;,&quot;shutter_speed&quot;:&quot;0.016666666666667&quot;,&quot;title&quot;:&quot;&quot;,&quot;orientation&quot;:&quot;1&quot;}\" data-image-title=\"2\" data-image-description=\"\" data-image-caption=\"&lt;p&gt;\u00ab\u00a0Nous avons fait passer le rendement du ma\u00efs de 900 kg \u00e0 12 tonnes \u00e0 l\u2019hectare \u00bb.&lt;\/p&gt;\n\" data-medium-file=\"https:\/\/i0.wp.com\/www.sidwaya.info\/carrefour\/wp-content\/uploads\/sites\/8\/2025\/08\/2.jpg?fit=300%2C200&amp;ssl=1\" data-large-file=\"https:\/\/i0.wp.com\/www.sidwaya.info\/carrefour\/wp-content\/uploads\/sites\/8\/2025\/08\/2.jpg?fit=696%2C464&amp;ssl=1\" class=\"size-medium wp-image-2766\" src=\"https:\/\/i0.wp.com\/www.sidwaya.info\/carrefour\/wp-content\/uploads\/sites\/8\/2025\/08\/2.jpg?resize=300%2C200\" alt=\"\" width=\"300\" height=\"200\" srcset=\"https:\/\/i0.wp.com\/www.sidwaya.info\/carrefour\/wp-content\/uploads\/sites\/8\/2025\/08\/2.jpg?resize=300%2C200&amp;ssl=1 300w, https:\/\/i0.wp.com\/www.sidwaya.info\/carrefour\/wp-content\/uploads\/sites\/8\/2025\/08\/2.jpg?resize=1024%2C683&amp;ssl=1 1024w, https:\/\/i0.wp.com\/www.sidwaya.info\/carrefour\/wp-content\/uploads\/sites\/8\/2025\/08\/2.jpg?resize=768%2C512&amp;ssl=1 768w, https:\/\/i0.wp.com\/www.sidwaya.info\/carrefour\/wp-content\/uploads\/sites\/8\/2025\/08\/2.jpg?resize=630%2C420&amp;ssl=1 630w, https:\/\/i0.wp.com\/www.sidwaya.info\/carrefour\/wp-content\/uploads\/sites\/8\/2025\/08\/2.jpg?resize=150%2C100&amp;ssl=1 150w, https:\/\/i0.wp.com\/www.sidwaya.info\/carrefour\/wp-content\/uploads\/sites\/8\/2025\/08\/2.jpg?resize=696%2C464&amp;ssl=1 696w, https:\/\/i0.wp.com\/www.sidwaya.info\/carrefour\/wp-content\/uploads\/sites\/8\/2025\/08\/2.jpg?resize=1068%2C712&amp;ssl=1 1068w, https:\/\/i0.wp.com\/www.sidwaya.info\/carrefour\/wp-content\/uploads\/sites\/8\/2025\/08\/2.jpg?w=1240&amp;ssl=1 1240w\" sizes=\"auto, (max-width: 300px) 100vw, 300px\" \/><figcaption id=\"caption-attachment-2766\" class=\"wp-caption-text\">\u00ab\u00a0Nous avons fait passer le rendement du ma\u00efs de 900 kg \u00e0 12 tonnes \u00e0 l\u2019hectare \u00bb.<\/figcaption><\/figure>\n<p><span style=\"font-weight: 400\">Effectivement, j\u2019ai fini mes classes\u00a0\u00a0<\/span><span style=\"font-weight: 400\">sans jamais avoir redoubl\u00e9. J\u2019ai commenc\u00e9 le primaire \u00e0 Ouagadougou et termin\u00e9 \u00e0 Bobo- Dioulasso. Au CM1, notre instituteur faisait des sorties tous les weekends avec nous dans des vergers et chez les mara\u00eechers \u00e0 P\u00e9ni. A chaque fois qu\u2019on revenait, il nous disait de faire une r\u00e9daction. Un jour, il nous a amen\u00e9s dans une autre ferme \u00e0 Kod\u00e9ni. Et l\u00e0, il y avait diff\u00e9rentes vari\u00e9t\u00e9s de fruits, un \u00e9levage de poules et d\u2019autres animaux, du fourrage cultiv\u00e9, etc. Le titre de la r\u00e9daction \u00e9tait : votre m\u00e9tier \u00e0 la fin de votre \u00e9cole. Et j\u2019ai dit que je veux \u00eatre agriculteur. Cela m\u2019a habit\u00e9 jusqu\u2019en Terminale. Comme apr\u00e8s le Baccalaur\u00e9at, il fallait\u00a0 obligatoirement\u00a0 choisir\u00a0 un <\/span><span style=\"font-weight: 400\">m\u00e9tier et une fili\u00e8re, quand les inspecteurs qui orientaient les bacheliers sont arriv\u00e9s, je suis rest\u00e9 sur mon mot : je veux \u00eatre agriculteur. Quand j\u2019ai prononc\u00e9 cette phrase, dans la classe, tout le monde a ri. <\/span><\/p>\n<p><span style=\"font-weight: 400\">A l\u2019\u00e9poque, quand tes parents voulaient te punir, ils disaient qu\u2019ils allaient t\u2019envoyer au village pour cultiver. Et l\u00e0, les inspecteurs m\u2019ont dit que le terme appropri\u00e9 n\u2019est pas \u00ab agriculteur \u00bb mais plut\u00f4t \u00ab ing\u00e9nieur \u00bb. Apr\u00e8s le Bac, j\u2019ai \u00e9t\u00e9 \u00e0 l\u2019Institut sup\u00e9rieur polytechnique (ISP) de l\u2019universit\u00e9 de Ouagadougou en 1981 et je suis sorti en 1985. On a fait un long stage de 12 mois \u00e0 l\u2019INERA, sous la r\u00e9volution du Pr\u00e9sident Thomas Sankara. L\u2019INERA m\u2019a retenu pour faire la production sur le ma\u00efs. C\u2019est \u00e0 l\u2019issue de ce stage, qu\u2019on m\u2019a affect\u00e9 \u00e0 Farakob\u00e2, \u00e0 Bobo- Dioulasso. Jusqu\u2019\u00e0 ma retraite, je n\u2019ai plus boug\u00e9 de Farakob\u00e2, sauf pour aller faire de petites formations ou le doctorat.<\/span><\/p>\n<p><b>C.A.<\/b> <b>:<\/b><b><i>Vous<\/i><\/b> <b><i>\u00eates<\/i><\/b> <b><i>devenu<\/i><\/b> <b><i>s\u00e9lectionneur<\/i><\/b> <b><i>de<\/i><\/b> <b><i>plusieurs<\/i><\/b> <b><i>vari\u00e9t\u00e9s<\/i><\/b> <b><i>de<\/i><\/b> <b><i>c\u00e9r\u00e9ales<\/i><\/b> <b><i>et<\/i><\/b> <b><i>de<\/i><\/b> <b><i>plantes<\/i><\/b> <b><i>fruiti\u00e8res.<\/i><\/b> <b><i>En<\/i><\/b> <b><i>quoi<\/i><\/b> <b><i>consiste<\/i><\/b> <b><i>concr\u00e8tement<\/i><\/b> <b><i>le<\/i><\/b> <b><i>travail<\/i><\/b> <b><i>de<\/i><\/b> <b><i>s\u00e9lectionneur<\/i><\/b> <b><i>?<\/i><\/b><\/p>\n<p><b>J.S.<\/b> <b>:<\/b><span style=\"font-weight: 400\"> Le travail de s\u00e9lectionneur est tr\u00e8s captivant. Il est bas\u00e9 sur la g\u00e9n\u00e9tique. Quand vous obtenez une formation solide en g\u00e9n\u00e9tique et en am\u00e9lioration des plantes, vous pouvez toucher \u00e0 toutes les esp\u00e8ces v\u00e9g\u00e9tales parce que le principe de base, c\u2019est l\u2019ADN, le g\u00e8ne. Celui qui sait suivre les g\u00e8nes dans une plante peut d\u00e9cider d\u2019isoler certains g\u00e8nes et les regrouper dans ce qu\u2019on appelle une vari\u00e9t\u00e9 et isoler d\u2019autres g\u00e8nes dans d\u2019autres vari\u00e9t\u00e9s. Et le travail du s\u00e9lectionneur, c\u2019est juste <\/span><span style=\"font-weight: 400\">de pouvoir s\u00e9lectionner dans une vari\u00e9t\u00e9, des sous-types homog\u00e8nes et rentables surtout pour les utilisateurs. Si vous s\u00e9lectionnez et que ce n\u2019est pas rentable, \u00e7a n\u2019a aucun int\u00e9r\u00eat. J\u2019ai vraiment pris \u00e0 c\u0153ur ce m\u00e9tier et je me suis donn\u00e9 \u00e0 fond dans la formation, parce que l\u2019ambition de d\u00e9part m\u2019habite jusqu\u2019\u00e0 pr\u00e9sent : manger \u00e0 ma faim et faire manger mon peuple \u00e0 sa faim. <\/span><\/p>\n<p><span style=\"font-weight: 400\">Et c\u2019est pour \u00e7a que j\u2019ai travaill\u00e9 sur le ma\u00efs. Normalement, chacun fait une carri\u00e8re sur une plante. En 1998 d\u00e9j\u00e0, j\u2019ai eu un prix du minist\u00e8re en charge de l\u2019agriculture pour l\u2019atteinte de la s\u00e9curit\u00e9 alimentaire avec le ma\u00efs. C\u2019\u00e9tait lors d\u2019un forum de la recherche scientifique. Maintenant, on est autosuffisant pour le ma\u00efs, mais est-ce qu\u2019on l\u2019est pour d\u2019autres cultures ? C\u2019est pourquoi, j\u2019ai commenc\u00e9 \u00e0 travailler sur diverses cultures que je pensais compl\u00e9mentaires pour les consommateurs de ma\u00efs. Il y avait des \u00e9quipes qui travaillaient sur le sorgho, d\u2019autres sur le mil ou le fonio. Je ne pouvais pas aller sur ce terrain. Alors, j\u2019ai choisi de travailler sur des plantes que les gens n\u00e9gligeaient, notamment l\u2019oseille. Avec mes \u00e9tudiants que j\u2019encadrais, nous avons collect\u00e9 pr\u00e8s de 600 \u00e9chantillons dans plusieurs localit\u00e9s du pays. Et j\u2019ai appliqu\u00e9 la s\u00e9lection bas\u00e9e sur diff\u00e9rents caract\u00e8res. On a retenu 345 vari\u00e9t\u00e9s diff\u00e9rentes d\u2019oseille et j\u2019ai ressorti celles qui avaient le plus d\u2019avenir \u00e9conomique : les oseilles rouges. Les S\u00e9n\u00e9galais les appellent bissap. Nous avons cr\u00e9\u00e9 des vari\u00e9t\u00e9s sp\u00e9cifiques \u00e0 nous. Du Mali jusqu\u2019en Guin\u00e9e, ce sont nos vari\u00e9t\u00e9s\u00a0 d\u2019oseille\u00a0 qu\u2019on\u00a0 utilise.<\/span><\/p>\n<p><span style=\"font-weight: 400\">Apr\u00e8s le ma\u00efs, c\u2019est dans ce domaine que j\u2019ai excell\u00e9. Ensuite, j\u2019ai abord\u00e9 la pomme de terre pour la remettre en activit\u00e9. Parce que dans les ann\u00e9es 1990, l\u2019INERA avait arr\u00eat\u00e9 de travailler sur \u00e7a. Puisqu\u2019il n\u2019y avait pas quelqu\u2019un l\u00e0-dessus. Et j\u2019ai cr\u00e9\u00e9 et s\u00e9lectionn\u00e9 une douzaine de vari\u00e9t\u00e9s qui ont \u00e9t\u00e9 mises au catalogue. Cela a permis de relancer la culture de la pomme de terre. C\u2019est le tubercule le plus simple. Si vous le faites bouillir, avec ou sans sel, c\u2019est un aliment complet. Mais je suis un peu d\u00e9sol\u00e9, parce que les producteurs n\u2019ont pas su rentrer dans cette production tr\u00e8s vite et c\u2019est devenu un aliment de luxe. Apr\u00e8s la pomme de terre, je me suis int\u00e9ress\u00e9 aux vari\u00e9t\u00e9s de sauces comme le <\/span><i><span style=\"font-weight: 400\">gynandrou<\/span><\/i><span style=\"font-weight: 400\">, qu\u2019on appelle en dioula win-win ou kenebdo un moor\u00e9. Maintenant dans les c\u00e9r\u00e9monies \u00e0 Ouagadougou, il est un aliment qui accompagne le \u00ab t\u00f4 \u00bb.<\/span><\/p>\n<p><span style=\"font-weight: 400\"> Il y a aussi le <\/span><i><span style=\"font-weight: 400\">boulvanka<\/span><\/i><span style=\"font-weight: 400\">, les piments, les l\u00e9gumes, etc. Dans les ann\u00e9es 2000, on a cherch\u00e9 des plantes qui pouvaient apporter des nutriments qualitatifs \u00e0 l\u2019homme. C\u2019est l\u00e0 que la recherche sur les fruits est intervenue. Mais, il fallait \u00eatre prudent. A l\u2019INERA, il y a un programme qui s\u2019occupait des plantes \u00e0 tubercules, des plantes fruiti\u00e8res et mara\u00eech\u00e8res. Alors, il ne faut pas aller se mettre sur une plante sur laquelle travaille un chercheur. Sur la mangue et la papaye, il y avait d\u00e9j\u00e0 quelqu\u2019un. A chaque fois que je choisis une esp\u00e8ce, il y a quelqu\u2019un dessus. J\u2019ai pris le temps d\u2019observer de 2010 jusqu\u2019en 2015 et je ne voyais pas de r\u00e9sultats sur le terrain. Donc \u00e0 un moment donn\u00e9, j\u2019ai d\u00e9cid\u00e9 de travailler sur la papaye. J\u2019ai commenc\u00e9 \u00e0 titre priv\u00e9 \u00e0 la maison.<\/span><\/p>\n<figure id=\"attachment_2765\" aria-describedby=\"caption-attachment-2765\" style=\"width: 300px\" class=\"wp-caption alignright\"><img data-recalc-dims=\"1\" loading=\"lazy\" decoding=\"async\" data-attachment-id=\"2765\" data-permalink=\"https:\/\/www.sidwaya.info\/carrefour\/2025\/08\/18\/dr-jacob-sanou-maitre-de-recherche-en-agronomie-a-la-retraite-ma-plus-grande-satisfaction-cest-de-voir-le-president-ibrahim-traore-dans-un-champ-de-ble\/3-57\/\" data-orig-file=\"https:\/\/i0.wp.com\/www.sidwaya.info\/carrefour\/wp-content\/uploads\/sites\/8\/2025\/08\/3.jpg?fit=1240%2C827&amp;ssl=1\" data-orig-size=\"1240,827\" data-comments-opened=\"1\" data-image-meta=\"{&quot;aperture&quot;:&quot;5&quot;,&quot;credit&quot;:&quot;&quot;,&quot;camera&quot;:&quot;NIKON D3100&quot;,&quot;caption&quot;:&quot;&quot;,&quot;created_timestamp&quot;:&quot;1752574077&quot;,&quot;copyright&quot;:&quot;&quot;,&quot;focal_length&quot;:&quot;42&quot;,&quot;iso&quot;:&quot;3200&quot;,&quot;shutter_speed&quot;:&quot;0.016666666666667&quot;,&quot;title&quot;:&quot;&quot;,&quot;orientation&quot;:&quot;1&quot;}\" data-image-title=\"3\" data-image-description=\"\" data-image-caption=\"&lt;p&gt;\u00ab\u00a0Nous avons cr\u00e9\u00e9 40 vari\u00e9t\u00e9s diff\u00e9rentes de papaye\u00a0\u00bb.&lt;\/p&gt;\n\" data-medium-file=\"https:\/\/i0.wp.com\/www.sidwaya.info\/carrefour\/wp-content\/uploads\/sites\/8\/2025\/08\/3.jpg?fit=300%2C200&amp;ssl=1\" data-large-file=\"https:\/\/i0.wp.com\/www.sidwaya.info\/carrefour\/wp-content\/uploads\/sites\/8\/2025\/08\/3.jpg?fit=696%2C464&amp;ssl=1\" class=\"size-medium wp-image-2765\" src=\"https:\/\/i0.wp.com\/www.sidwaya.info\/carrefour\/wp-content\/uploads\/sites\/8\/2025\/08\/3.jpg?resize=300%2C200\" alt=\"\" width=\"300\" height=\"200\" srcset=\"https:\/\/i0.wp.com\/www.sidwaya.info\/carrefour\/wp-content\/uploads\/sites\/8\/2025\/08\/3.jpg?resize=300%2C200&amp;ssl=1 300w, https:\/\/i0.wp.com\/www.sidwaya.info\/carrefour\/wp-content\/uploads\/sites\/8\/2025\/08\/3.jpg?resize=1024%2C683&amp;ssl=1 1024w, https:\/\/i0.wp.com\/www.sidwaya.info\/carrefour\/wp-content\/uploads\/sites\/8\/2025\/08\/3.jpg?resize=768%2C512&amp;ssl=1 768w, https:\/\/i0.wp.com\/www.sidwaya.info\/carrefour\/wp-content\/uploads\/sites\/8\/2025\/08\/3.jpg?resize=630%2C420&amp;ssl=1 630w, https:\/\/i0.wp.com\/www.sidwaya.info\/carrefour\/wp-content\/uploads\/sites\/8\/2025\/08\/3.jpg?resize=150%2C100&amp;ssl=1 150w, https:\/\/i0.wp.com\/www.sidwaya.info\/carrefour\/wp-content\/uploads\/sites\/8\/2025\/08\/3.jpg?resize=696%2C464&amp;ssl=1 696w, https:\/\/i0.wp.com\/www.sidwaya.info\/carrefour\/wp-content\/uploads\/sites\/8\/2025\/08\/3.jpg?resize=1068%2C712&amp;ssl=1 1068w, https:\/\/i0.wp.com\/www.sidwaya.info\/carrefour\/wp-content\/uploads\/sites\/8\/2025\/08\/3.jpg?w=1240&amp;ssl=1 1240w\" sizes=\"auto, (max-width: 300px) 100vw, 300px\" \/><figcaption id=\"caption-attachment-2765\" class=\"wp-caption-text\">\u00ab\u00a0Nous avons cr\u00e9\u00e9 40 vari\u00e9t\u00e9s diff\u00e9rentes de papaye\u00a0\u00bb.<\/figcaption><\/figure>\n<p><span style=\"font-weight: 400\">J\u2019\u00e9tais alit\u00e9 \u00e0 la suite d\u2019un mal de dos et je disais \u00e0 mon \u00e9pouse que je voulais manger des fruits. Et elle m\u2019amenait de la papaye. Quand je mange et que c\u2019est bon, je mets de c\u00f4t\u00e9. \u00c7a, c\u2019est l\u2019esprit du s\u00e9lectionneur. Et apr\u00e8s, je les ai plant\u00e9s dans ma cour. Quand j\u2019ai repris service, je suis all\u00e9 les mettre dans mon petit jardin au bord des parcelles de ma\u00efs \u00e0 Farakob\u00e2. Jusqu\u2019\u00e0 ce que je commence, on importait tout de la C\u00f4te d\u2019Ivoire, \u00e0 l\u2019image de la vari\u00e9t\u00e9 solo mais qui ne faisait pas le bonheur des agriculteurs. <\/span><\/p>\n<p><span style=\"font-weight: 400\">J\u2019ai pris le temps de brasser et au bout de huit ans, j\u2019ai commenc\u00e9 \u00e0 s\u00e9lectionner les vari\u00e9t\u00e9s de papaye avec l\u2019appui d\u2019une association que j\u2019ai cr\u00e9\u00e9e, <\/span><span style=\"font-weight: 400\">Agro sans fronti\u00e8res Burkina. Aujourd\u2019hui, nous avons 40 vari\u00e9t\u00e9s diff\u00e9rentes, 20 ont la chair jaune et les autres sont orange. Tout est riche en vitamine A, mais plus encore pour l\u2019orange. Contrairement aux papayers qu\u2019on avait qui fleurissent au bout de neuf mois, j\u2019ai cr\u00e9\u00e9 des vari\u00e9t\u00e9s qui donnent des fleurs au troisi\u00e8me mois apr\u00e8s leur semis. Au sixi\u00e8me mois, on a les premiers fruits sur une plante de 90 cm \u00e0 peu pr\u00e8s. Mais au fur et \u00e0 mesure, elle grandit. <\/span><\/p>\n<p><span style=\"font-weight: 400\">Nous les avons appel\u00e9es Farakob\u00e2 papaye 1 pour la vari\u00e9t\u00e9 orange et Farakob\u00e2 papaye 2 pour la chair jaune. A l\u2019exercice de production, les gens ont dit que c\u2019est papayer nain. Alors que \u00e7a grandit. Et c\u2019est ce nom qui a pris toute l\u2019Afrique. On pourra peut-\u00eatre dire papayer pr\u00e9coce. Les autres arbres fruitiers sur lesquels je travaille, c\u2019est la pomme cannelle, le fruit de la passion, la goyave et les agrumes. Actuellement, on est en train d\u2019\u00e9tablir la collection r\u00e9elle du Burkina en mati\u00e8re d\u2019agrumes.<\/span><\/p>\n<p><b>C.A.<\/b> <b>:<\/b> <b><i>Vous<\/i><\/b> <b><i>avez<\/i><\/b> <b><i>aussi<\/i><\/b> <b><i>travaill\u00e9<\/i><\/b> <b><i>sur<\/i><\/b> <b><i>le<\/i><\/b> <b><i>bl\u00e9.<\/i><\/b> <b><i>Pourquoi<\/i><\/b> <b><i>le<\/i><\/b> <b><i>choix<\/i><\/b> <b><i>de<\/i><\/b> <b><i>cette<\/i><\/b> <b><i>c\u00e9r\u00e9ale<\/i><\/b> <b><i>?<\/i><\/b><\/p>\n<p><b>J.S.<\/b> <b>:<\/b><span style=\"font-weight: 400\"> Quand on a fini de travailler sur le ma\u00efs, on a cr\u00e9\u00e9 des vari\u00e9t\u00e9s que les gens vont exploiter encore <\/span><span style=\"font-weight: 400\">30 ans au minimum. Quand je partais de l\u2019INERA en 2024, j\u2019ai laiss\u00e9 des hybrides qu\u2019on n\u2019avait m\u00eame pas encore montr\u00e9s au public. Celui qui me remplace actuellement \u00e0 l\u2019INERA est l\u2019un de mes \u00e9tudiants, Dr Dao, qui a vraiment une grande possibilit\u00e9 de recherche. Il va sortir de nouvelles vari\u00e9t\u00e9s de ma\u00efs. Les gens retiennent que j\u2019ai amen\u00e9 les hybrides, comme Komsaya, Bondofa, qui ont permis de quitter <\/span><span style=\"font-weight: 400\">les rendements de 3 \u00e0 4 tonnes, pour aller \u00e0 7 tonnes, voire 9 tonnes \u00e0 l\u2019hectare. On a cr\u00e9\u00e9 d\u2019autres hybrides qui sont \u00e0 12, voire 14 tonnes \u00e0 l\u2019hectare. <\/span><\/p>\n<p><span style=\"font-weight: 400\">Mais ce qui vient apr\u00e8s, c\u2019est beaucoup plus important. Quand on a fini de cr\u00e9er les vari\u00e9t\u00e9s de ma\u00efs, on regarde maintenant le compl\u00e9ment. C\u2019est l\u00e0 que le bl\u00e9 est venu. Le compl\u00e9ment naturel du ma\u00efs, c\u2019est le bl\u00e9. Le ma\u00efs peut se m\u00e9langer \u00e0 la farine du bl\u00e9 pour faire du pain ou des p\u00e2tes. Quand j\u2019ai propos\u00e9, au d\u00e9but des ann\u00e9es 1990, de faire des s\u00e9lections et des cr\u00e9ations sur le bl\u00e9, mes coll\u00e8gues n\u2019\u00e9taient pas tr\u00e8s d\u2019accord avec moi. Ils m\u2019ont dit de m\u2019occuper seulement du ma\u00efs, alors qu\u2019on avait d\u00e9j\u00e0 suffisamment de vari\u00e9t\u00e9s sur cette c\u00e9r\u00e9ale. C\u2019est gr\u00e2ce \u00e0 un monsieur qui est d\u00e9c\u00e9d\u00e9, Dr N\u00e9bi\u00e9, qui \u00e9tait agronome, que j\u2019ai pu entreprendre les recherches sur le bl\u00e9, en compl\u00e9ment du ma\u00efs. On a travaill\u00e9 ensemble \u00e0 la vall\u00e9e du Kou et \u00e0 Niofila pour adapter les vari\u00e9t\u00e9s. <\/span><\/p>\n<p><span style=\"font-weight: 400\">Au total, on a cr\u00e9\u00e9 huit vari\u00e9t\u00e9s de bl\u00e9 venues du Maroc, qu\u2019on a adapt\u00e9es. De ces adaptations, il y a deux qui sont actuellement tr\u00e8s utilis\u00e9es, Kanz et Achtar. J\u2019ai cr\u00e9\u00e9 aussi une vari\u00e9t\u00e9 appel\u00e9e Bamba, qui a le meilleur rendement de toutes les vari\u00e9t\u00e9s qu\u2019on a. C\u2019est une cr\u00e9ation burkinab\u00e8. Mon probl\u00e8me avec le bl\u00e9, c\u2019\u00e9tait comment porter mes r\u00e9sultats \u00e0 l\u2019\u00e9chelle. Vous pouvez \u00eatre \u00e0 Farakob\u00e2 et avoir toujours le meilleur r\u00e9sultat. Mais si ce n\u2019est pas connu, \u00e7a ne nourrit pas le Burkinab\u00e8. Et pour \u00e7a, je remercie la presse qui m\u2019a accompagn\u00e9 dans la communication. La vari\u00e9t\u00e9 Bondofa a \u00e9t\u00e9 prim\u00e9e par le forum de la recherche scientifique et le ministre de l\u2019agriculture de l\u2019\u00e9poque, Salifou Diallo, a fait une op\u00e9ration sp\u00e9ciale sur \u00e7a. Et c\u2019est parti. Toute l\u2019Afrique de l\u2019Ouest a d\u00e9fil\u00e9 ici, pour regarder comment on cr\u00e9e des hybrides de ma\u00efs. Maintenant, les hybrides sont dans les habitudes des producteurs. Quand on a cr\u00e9\u00e9 Komsaya aussi, c\u2019\u00e9tait pareil. Il y a eu une op\u00e9ration o\u00f9 le minist\u00e8re s\u2019est engag\u00e9 \u00e0 le lancer, puisque lui, il est jaune, et Bondofa est blanc. C\u2019est par des op\u00e9rations comme cela, qu\u2019on peut porter \u00e0 l\u2019\u00e9chelle les r\u00e9sultats.<\/span><\/p>\n<p><span style=\"font-weight: 400\">Pour le bl\u00e9, j\u2019\u00e9tais vraiment d\u00e9sol\u00e9 <\/span><span style=\"font-weight: 400\">d\u2019avoir fait une recherche tr\u00e8s importante pour le Burkina et pour l\u2019Afrique et qui n\u2019est pas vulgaris\u00e9e. Les autres pays nous enviaient, parce que c\u2019est le seul endroit o\u00f9 il y <\/span><span style=\"font-weight: 400\">avait un programme de recherche, mais le politique s\u2019en fichait \u00e9norm\u00e9ment. Mais quand je suis all\u00e9 \u00e0 la retraite et que le minist\u00e8re de l\u2019agriculture m\u2019a approch\u00e9 pour dire qu\u2019on va m\u2019accompagner pour le bl\u00e9, j\u2019\u00e9tais soulag\u00e9. Quand on a mis le premier hectare en place, alors j\u2019\u00e9tais s\u00fbr que \u00e7a allait prendre. Et quand j\u2019ai vu le pr\u00e9sident du Faso dans un champ de bl\u00e9, j\u2019ai dit : \u00e7a, c\u2019est bon. Donc, l\u2019effort que j\u2019ai eu \u00e0 faire, pratiquement depuis 1998, n\u2019est pas vain. Et je crois qu\u2019aujourd\u2019hui, le bl\u00e9 a de beaux jours.<\/span><\/p>\n<p><b>C.A.<\/b> <b>:<\/b> <b><i>De<\/i><\/b> <b><i>fa\u00e7on<\/i><\/b> <b><i>succincte,<\/i><\/b> <b><i>quel<\/i><\/b> <b><i>est<\/i><\/b> <b><i>le<\/i><\/b> <b><i>processus<\/i><\/b> <b><i>par<\/i><\/b> <b><i>lequel<\/i><\/b> <b><i>on<\/i><\/b> <b><i>passe<\/i><\/b> <b><i>pour<\/i><\/b> <b><i>obtenir<\/i><\/b> <b><i>des<\/i><\/b> <b><i>semences<\/i><\/b> <b><i>am\u00e9lior\u00e9es<\/i><\/b> <b><i>?<\/i><\/b><\/p>\n<p><b>J.S.<\/b> <b>:<\/b><span style=\"font-weight: 400\"> Le processus est g\u00e9n\u00e9tique. D\u2019abord, quand vous prenez une esp\u00e8ce donn\u00e9e, le ma\u00efs par exemple, les grains contiennent des g\u00e8nes de couleur. On connait le ma\u00efs blanc, le jaune, le violet, le rouge, etc. Si vous prenez un \u00e9pi de ma\u00efs chez un paysan, il est m\u00e9lang\u00e9. Alors, le processus de s\u00e9lection simple pour cr\u00e9er un ma\u00efs de couleur uniforme, c\u2019est de s\u00e9lectionner les grains de m\u00eame couleur, de les semer et de contr\u00f4ler leur f\u00e9condation. Si je prends les grains jaunes pour semer dans un endroit, j\u2019\u00e9vite que les abeilles apportent du pollen d\u2019une autre plante. Je mets des sachets pour que ce ma\u00efs jaune se croise par lui-m\u00eame. Et quand il va se croiser, je regarde pour voir si d\u2019autres couleurs ressortent. Si c\u2019est le cas, je les \u00e9limine. C\u2019est ce qu\u2019on appelle la s\u00e9lection. Et si vous faites ce processus pendant un certain temps, vous obtiendrez un ma\u00efs qui est jaune pur, ou blanc pur, ou violet pur. <\/span><\/p>\n<p><span style=\"font-weight: 400\">L\u00e0, on dit que vous avez s\u00e9lectionn\u00e9 pour la couleur. Mais chacun des caract\u00e8res que vous regardez dans le ma\u00efs, la longueur, la largeur et la couleur de la feuille, la hauteur de la plante, est gouvern\u00e9 par des milliers de g\u00e8nes. Il faut arriver \u00e0 homog\u00e9n\u00e9iser dans une seule vari\u00e9t\u00e9 certains caract\u00e8res. Mais, il y a plusieurs techniques de s\u00e9lection. La plus simple que nos \u00e9tudiants et m\u00eame les paysans utilisent, est la s\u00e9lection massale. J\u2019entre dans un champ, je choisis mes \u00e9pis, mes graines, et je les multiplie. J\u2019\u00e9vite que d\u2019autres insectes viennent les polluer avec d\u2019autres sources de g\u00e8nes. C\u2019est \u00e7a qu\u2019on fait simplement en production de semences. Il y a la s\u00e9lection <\/span><span style=\"font-weight: 400\">massale et la s\u00e9lection g\u00e9n\u00e9alogique, en suivant la m\u00e8re ou le p\u00e8re. Le s\u00e9lectionneur, c\u2019est quelqu\u2019un qui est tr\u00e8s observateur. C\u2019est la premi\u00e8re qualit\u00e9. Le processus de s\u00e9lection peut \u00eatre trop long. Le minimum, c\u2019est entre 10 et 14 ans. Maintenant, on peut travailler trois fois dans l\u2019ann\u00e9e, en saison s\u00e8che froide, en saison s\u00e8che chaude et en saison humide. Donc, il faut diviser ce temps par trois.<\/span><\/p>\n<p><span style=\"font-weight: 400\">En r\u00e9sum\u00e9, le processus de cr\u00e9ation et de s\u00e9lection, c\u2019est de regrouper dans un v\u00e9g\u00e9tal, l\u2019ensemble des g\u00e8nes n\u00e9cessaires \u00e0 la bonne production pour avoir une qualit\u00e9 de vie et satisfaire les besoins des consommateurs.<\/span><\/p>\n<p><b>C.A.<\/b> <b>:<\/b> <b><i>Pour<\/i><\/b> <b><i>le<\/i><\/b> <b><i>ma\u00efs,<\/i><\/b> <b><i>est-ce<\/i><\/b> <b><i>qu\u2019on<\/i><\/b> <b><i>peut<\/i><\/b> <b><i>dire<\/i><\/b> <b><i>que<\/i><\/b> <b><i>vous<\/i><\/b> <b><i>avez<\/i><\/b> <b><i>atteint<\/i><\/b> <b><i>les<\/i><\/b> <b><i>objectifs<\/i><\/b> <b><i>?<\/i><\/b><\/p>\n<p><b>J.S.<\/b> <b>:<\/b><span style=\"font-weight: 400\"> Je ne peux pas me jeter des fleurs, mais si vous causez avec les producteurs, vous vous rendez compte qu\u2019ils sont satisfaits des r\u00e9sultats que nous avons produits \u00e0 l\u2019INERA. D\u2019abord, en termes de nombre de vari\u00e9t\u00e9s. Quand je commen\u00e7ais, le Burkina comptait trois vari\u00e9t\u00e9s, qui \u00e9taient des vari\u00e9t\u00e9s locales qu\u2019on a am\u00e9lior\u00e9es. Mais le rendement n\u2019\u00e9tait pas bon. C\u2019\u00e9tait entre 1,5 et 3 tonnes. Donc, de trois vari\u00e9t\u00e9s, on est pass\u00e9 \u00e0 50. Mais on ne peut pas s\u2019arr\u00eater \u00e0 ce r\u00e9sultat, parce que ce n\u2019est pas le nombre de vari\u00e9t\u00e9s qui compte. 12 vari\u00e9t\u00e9s sont activement utilis\u00e9es chaque ann\u00e9e au Burkina. Leur rendement va de 5 \u00e0 <\/span><span style=\"font-weight: 400\">12 tonnes \u00e0 l\u2019hectare, alors qu\u2019il \u00e9tait de 900 kg\/ha quand je commen\u00e7ais \u00e0 travailler. Il y a eu une am\u00e9lioration. On peut dire, de ce point de vue, qu\u2019on a \u00e9lev\u00e9 le niveau de la production. <\/span><\/p>\n<p><span style=\"font-weight: 400\">L\u2019autre indicateur qui montre que l\u2019\u00e9quipe a \u00e9t\u00e9 performante est qu\u2019\u00e0 l\u2019\u00e9poque, c\u2019est le \u00ab t\u00f4 \u00bb de sorgho qu\u2019on mangeait dans les villes. Mais aujourd\u2019hui, on n\u2019en trouve plus. Parce que le ma\u00efs a tellement bien march\u00e9 que les gens ne consomment plus le sorgho. Et le ma\u00efs est plus facile \u00e0 transformer que le sorgho. Quand je commen\u00e7ais, la production nationale en ma\u00efs \u00e9tait de 350 000 tonnes. Mais en 2024, elle \u00e9tait presque \u00e0 2 millions de tonnes. Un autre indicateur est que les vari\u00e9t\u00e9s qu\u2019on avait \u00e9taient juste pour faire le <\/span><span style=\"font-weight: 400\">\u00ab t\u00f4 \u00bb. Maintenant, on a cr\u00e9\u00e9 des vari\u00e9t\u00e9s pour les industries agroalimentaires. L\u2019autre \u00e9l\u00e9ment est qu\u2019on a am\u00e9lior\u00e9 et diversifi\u00e9 le ma\u00efs. Avant, c\u2019\u00e9tait du ma\u00efs \u00e0 \u00ab t\u00f4 \u00bb, <\/span><span style=\"font-weight: 400\">maintenant, c\u2019est du ma\u00efs \u00e0 griller, du ma\u00efs pop-corn, du ma\u00efs sucr\u00e9 de conserve, etc. On n\u2019a plus besoin de les importer.<\/span><\/p>\n<p><b>C.A.<\/b> <b>:<\/b> <b><i>Vous<\/i><\/b> <b><i>avez<\/i><\/b> <b><i>choisi<\/i><\/b> <b><i>des<\/i><\/b> <b><i>noms<\/i><\/b> <b><i>locaux<\/i><\/b> <b><i>comme<\/i><\/b> <b><i>Sanem,<\/i><\/b> <b><i>Wari,<\/i><\/b> <b><i>Bondofa,<\/i><\/b> <b><i>Komsaya\u2026,<\/i><\/b> <b><i>pour<\/i><\/b> <b><i>baptiser<\/i><\/b> <b><i>vos<\/i><\/b> <b><i>vari\u00e9t\u00e9s<\/i><\/b> <b><i>de<\/i><\/b> <b><i>ma\u00efs.<\/i><\/b> <b><i>Qu\u2019est-ce<\/i><\/b> <b><i>qui<\/i><\/b> <b><i>justifie<\/i><\/b> <b><i>cela<\/i><\/b> <b><i>?<\/i><\/b><\/p>\n<p><b>J.S.<\/b> <b>:<\/b><span style=\"font-weight: 400\"> Nous sommes dans un pays o\u00f9 l\u2019alphab\u00e9tisation en fran\u00e7ais ne touche que 10 \u00e0 20 % des locuteurs. Et les producteurs surtout ne parlent pas Fran\u00e7ais. Le nom de Bondofa, c\u2019est FBH34-SR. Vous croyez qu\u2019un paysan peut vraiment prononcer \u00e7a ? On a fait l\u2019exp\u00e9rience avec une vari\u00e9t\u00e9 qu\u2019on appelait SR-22, qui a fait aussi le beau jour de la production. Mais les paysans pronon\u00e7aient RS-22. Et \u00e7a, en souvenir de la moto qu\u2019on appelait BBRS. Donc, pour que les gens adoptent les vari\u00e9t\u00e9s, il faut leur donner des noms traditionnels, des noms dans nos langues. Au d\u00e9but, beaucoup de coll\u00e8gues se sont g\u00ean\u00e9s mais, moi, j\u2019appelle mes vari\u00e9t\u00e9s du nom le plus facile. <\/span><\/p>\n<p><span style=\"font-weight: 400\">D\u2019ailleurs, les paysans se sont associ\u00e9s pour donner ces noms. Bondofa a \u00e9t\u00e9 donn\u00e9 par des paysans de Koro qui ont \u00e9t\u00e9 les premiers \u00e0 produire la vari\u00e9t\u00e9. C\u2019est l\u00e0-bas qu\u2019on a fait la premi\u00e8re fois un hectare d\u2019hybride. Ils ont r\u00e9colt\u00e9 le ma\u00efs \u00e0 notre absence, parce qu\u2019il y avait beaucoup de termites, et ils ont rempli tous leurs greniers. A notre arriv\u00e9e, une dame nous accueille avec de l\u2019eau et nous dit : \u00ab votre ma\u00efs-l\u00e0 a rempli tous nos greniers \u00bb. Elle le dit en dioula : \u00ab A ta kaba ne yaa nta bondo b\u00e8\u00e8 fa \u00bb. J\u2019ai dit qu\u2019on va l\u2019appeler Bondofa alors.<\/span><\/p>\n<p><span style=\"font-weight: 400\">Il y a eu quelques critiques sur la <\/span><span style=\"font-weight: 400\">fa\u00e7on dont on a \u00e9crit Bondofa. Mais en tous les cas, les paysans arrivent \u00e0 le prononcer. Comme les recherches sont faites pour les producteurs et les consommateurs, j\u2019ai tout le temps pour chercher \u00e0 donner des noms locaux. Il en est de m\u00eame pour les hybrides Komsaya, en moor\u00e9, qui veut dire que la faim est finie. Et \u00e0 chaque fois, ces noms sont traduisibles dans toutes les langues. On a ensuite Wari, l\u2019argent en dioula, parce que \u00e7a donne de l\u2019argent. Avec un hectare, vous avez facilement 3 millions F CFA. On a essay\u00e9 aussi le meilleur hybride qui s\u2019appelle Sanem, l\u2019or en moor\u00e9.<\/span><\/p>\n<p><b>C.A.<\/b> <b>:<\/b> <b><i>Est-ce<\/i><\/b> <b><i>qu\u2019aujourd\u2019hui,<\/i><\/b> <b><i>des<\/i><\/b> <b><i>producteurs<\/i><\/b> <b><i>ont<\/i><\/b> <b><i>adopt\u00e9<\/i><\/b> <b><i>la<\/i><\/b> <b><i>vari\u00e9t\u00e9<\/i><\/b> <b><i>Sanem<\/i><\/b> <b><i>et<\/i><\/b> <b><i>l\u2019exp\u00e9rimentent<\/i><\/b> <b><i>sur<\/i><\/b> <b><i>le<\/i><\/b> <b><i>terrain<\/i><\/b> <b><i>?<\/i><\/b><\/p>\n<p><b>J.S.<\/b> <b>:<\/b><span style=\"font-weight: 400\"> Pas encore. Parce qu\u2019il y a un souci avec la semence. Jusqu\u2019\u00e0 pr\u00e9sent, l\u2019INERA n\u2019a pas r\u00e9ussi \u00e0 la produire en grande quantit\u00e9 pour qu\u2019on la mette \u00e0 la disposition des gens. Mais on produit les semences \u00e0 l\u2019INERA pour des exp\u00e9rimentations. C\u2019est le souci qu\u2019on a avec la nouvelle g\u00e9n\u00e9ration d\u2019hybrides, qui sont des hybrides simples. Parce que c\u2019est le croisement de deux mat\u00e9riels tr\u00e8s homog\u00e8nes. Pour cela, le rendement n\u2019est pas \u00e9lev\u00e9. Si on produit un hectare de Sanem, on ne va pas r\u00e9colter plus de 300 kg de semences. Alors que Wari, c\u2019est six tonnes et demie dans un hectare. C\u2019est cette difficult\u00e9 qui fait que, jusqu\u2019\u00e0 pr\u00e9sent,\u00a0 cette\u00a0 vari\u00e9t\u00e9\u00a0 n\u2019est\u00a0 pas <\/span><span style=\"font-weight: 400\">accessible aux producteurs. Celle qui commence \u00e0 \u00eatre actuellement accessible, c\u2019est la vari\u00e9t\u00e9 Kabako. Son rendement est extraordinaire. Il fait plus de 12 tonnes \u00e0 l\u2019hectare alors que Sanem est entre 11 et 12 tonnes.<\/span><\/p>\n<p><b>C.A.<\/b> <b>:<\/b> <b><i>Est-ce<\/i><\/b> <b><i>que<\/i><\/b> <b><i>vous<\/i><\/b> <b><i>avez<\/i><\/b> <b><i>eu<\/i><\/b> <b><i>des<\/i><\/b> <b><i>projets<\/i><\/b> <b><i>de<\/i><\/b> <b><i>recherche<\/i><\/b> <b><i>que<\/i><\/b> <b><i>vous<\/i><\/b> <b><i>n\u2019avez<\/i><\/b> <b><i>pas<\/i><\/b> <b><i>pu<\/i><\/b> <b><i>mettre<\/i><\/b> <b><i>en<\/i><\/b> <b><i>\u0153uvre<\/i><\/b> <b><i>et<\/i><\/b> <b><i>qui<\/i><\/b> <b><i>vous<\/i><\/b> <b><i>tiennent<\/i><\/b> <b><i>toujours<\/i><\/b> <b><i>\u00e0<\/i><\/b> <b><i>c\u0153ur<\/i><\/b> <b><i>?<\/i><\/b><\/p>\n<p><b>J.S.<\/b> <b>:<\/b><span style=\"font-weight: 400\"> Il y a des projets, mais je ne peux pas dire qu\u2019on n\u2019a pas mis en \u0153uvre. On a tout commenc\u00e9 et on continue. Actuellement, sur le ma\u00efs, on continue de cr\u00e9er de nouvelles vari\u00e9t\u00e9s avec l\u2019\u00e9quipe qui est en place \u00e0 l\u2019INERA. Les\u00a0 nouveaux\u00a0 hybrides\u00a0 qu\u2019on va utiliser dans 30 ans, nous sommes en train de travailler sur la cr\u00e9ation de leur mat\u00e9riel actuellement. J\u2019ai commenc\u00e9 un volet sur l\u2019am\u00e9lioration des esp\u00e8ces animales, notamment le lapin. Depuis 1988, j\u2019ai conserv\u00e9 une race de lapin, appel\u00e9e race bobo, parce qu\u2019on l\u2019a trouv\u00e9e ici. Elle est rustique et je la conserve telle que je l\u2019ai obtenue. J\u2019ai commenc\u00e9 \u00e0 travailler avec les sp\u00e9cialistes de l\u2019INERA pour son exploitation. Mais, il faut que l\u2019INERA nous donne plus de moyens pour que \u00e7a r\u00e9ussisse. Et pourquoi le lapin ? Parce que j\u2019avais pr\u00e9vu des \u00e9volutions positives en aviculture. Et dans le temps, on ne travaillait que pour la consommation humaine. Avec mon programme, j\u2019ai rajout\u00e9 la consommation animale et industrielle. <\/span><\/p>\n<p><span style=\"font-weight: 400\">J\u2019aurais voulu que l\u2019INERA mette plus de chercheurs sur le lapin parce que l\u2019\u00e8re de la consommation du poulet va passer \u00e0 un moment ou \u00e0 un autre. Les gens en auront marre. Et ce sont les <\/span><span style=\"font-weight: 400\">animaux comme le lapin, l\u2019agouti ou <\/span><span style=\"font-weight: 400\">m\u00eame les souris qui vont venir diversifier la consommation alimentaire en prot\u00e9ines. C\u2019est quelque chose de tr\u00e8s important, parce que la viande rouge est en train de montrer ses limites aujourd\u2019hui avec certaines maladies, comme la goutte. Donc, il faut aller \u00e0 la viande blanche et il n\u2019y a rien de mieux que le lapin. Dans 10 ans, le lapin va \u00eatre quelque chose de tr\u00e8s important. J\u2019aurais \u00e9galement voulu avoir plus de temps pour travailler sur les plantes \u00e9mergentes. Parce que dans les ann\u00e9es 2000, j\u2019ai rajout\u00e9 les plantes \u00e9mergentes \u00e0 la section ma\u00efs-bl\u00e9. Pour la simple raison que beaucoup de jardiniers dans nos villes et campagnes introduisent des plantes qui ne sont pas traditionnellement cultiv\u00e9es ici. Par exemple, l\u2019ananas, l\u2019avocatier, le cacaoyer, etc. Mais ce ne sont pas des chercheurs de profession. Le danger de ces jardins particuliers est qu\u2019ils peuvent introduire des maladies dans le pays. Il faut que la recherche s\u2019y penche. J\u2019ai donc cr\u00e9\u00e9 la section ma\u00efs-bl\u00e9-plantes \u00e9mergentes. Mon souhait est que l\u2019INERA fortifie toujours cette section. On a aussi d\u00e9velopp\u00e9 le curcuma et le gingembre et aujourd\u2019hui, le Burkina Faso en produit.<\/span><\/p>\n<p><span style=\"font-weight: 400\">Les premiers essais qu\u2019on a faits sur <\/span><span style=\"font-weight: 400\">l\u2019ananas sont devenus maintenant des choses courantes. Des gens produisent des hectares. On n\u2019a pas particuli\u00e8rement travaill\u00e9 sur le cacao, mais on l\u2019avait cibl\u00e9 comme une plante \u00e9mergente. Il y a aussi le caf\u00e9, le th\u00e9, la cola, les agrumes, etc. qu\u2019on peut d\u00e9velopper. Et comme j\u2019ai form\u00e9 beaucoup de gens, ils vont poursuivre.<\/span><\/p>\n<p><b>C.A.<\/b><span style=\"font-weight: 400\">\u00a0 <\/span><b>:<\/b><span style=\"font-weight: 400\">\u00a0 <\/span><b><i>Avant,<\/i><\/b><span style=\"font-weight: 400\">\u00a0 <\/span><b><i>on<\/i><\/b><span style=\"font-weight: 400\">\u00a0 <\/span><b><i>taxait<\/i><\/b><span style=\"font-weight: 400\">\u00a0 <\/span><b><i>les <\/i><\/b><b><i>chercheurs<\/i><\/b> <b><i>burkinab\u00e8<\/i><\/b> <b><i>de<\/i><\/b> <b><i>chercheurs<\/i><\/b> <b><i>qui<\/i><\/b> <b><i>ne<\/i><\/b> <b><i>trouvent<\/i><\/b> <b><i>pas.<\/i><\/b> <b><i>Est-ce<\/i><\/b> <b><i>\u00e0<\/i><\/b> <b><i>dire<\/i><\/b> <b><i>que<\/i><\/b> <b><i>cette<\/i><\/b> <b><i>\u00e9poque<\/i><\/b> <b><i>est<\/i><\/b> <b><i>r\u00e9volue<\/i><\/b> <b><i>?<\/i><\/b><\/p>\n<p><b>J.S.<\/b> <b>:<\/b><span style=\"font-weight: 400\"> Pour moi, elle est r\u00e9volue, parce que la boutade du Pr\u00e9sident Thomas Sankara a \u00e9t\u00e9 mal interpr\u00e9t\u00e9e. Il chahutait pour amener les gens \u00e0 travailler plus. Sinon, \u00e0 son \u00e9poque, quand il est venu \u00e0 Farakob\u00e2, il nous a dit personnellement : \u00ab l\u00e0, au moins, il y a des chercheurs qui ont trouv\u00e9 \u00bb. C\u2019\u00e9tait devant un panneau de vari\u00e9t\u00e9 de ma\u00efs que j\u2019avais affich\u00e9. Et effectivement, dans ma section, il n\u2019y a pas de chercheurs qui ne trouvent pas. La plus grande reconnaissance d\u2019ailleurs que nous gardons dans cette section, c\u2019est le t\u00e9moignage des producteurs. Aujourd\u2019hui, je ne peux pas aller dans une r\u00e9gion ou me trouver dans un espace public sans que quelqu\u2019un m\u2019interpelle sur telle ou telle vari\u00e9t\u00e9. \u00c7a, c\u2019est la plus grande f\u00e9licit\u00e9.<\/span><\/p>\n<p><b>C.A.<\/b> <b>:<\/b><b><i>Est-ce<\/i><\/b> <b><i>que<\/i><\/b> <b><i>cette<\/i><\/b> <b><i>boutade<\/i><\/b> <b><i>n\u2019est<\/i><\/b> <b><i>pas<\/i><\/b> <b><i>souvent<\/i><\/b> <b><i>li\u00e9e<\/i><\/b> <b><i>\u00e0<\/i><\/b> <b><i>la<\/i><\/b> <b><i>faible<\/i><\/b> <b><i>vulgarisation<\/i><\/b> <b><i>des<\/i><\/b> <b><i>r\u00e9sultats<\/i><\/b> <b><i>de<\/i><\/b> <b><i>vos<\/i><\/b> <b><i>recherches<\/i><\/b> <b><i>?<\/i><\/b><\/p>\n<p><b>J.S.<\/b> <b>:<\/b><span style=\"font-weight: 400\"> Absolument. C\u2019est parce que les s\u00e9lectionneurs donnent souvent des noms que les gens ne peuvent pas appeler. Pour le ma\u00efs, beaucoup peuvent dire le nom de la vari\u00e9t\u00e9 qu\u2019ils veulent. Mais pour le riz par exemple, ils sont rest\u00e9s sur les sigles de s\u00e9lection, FKR. C\u2019est compliqu\u00e9. Ce sont des probl\u00e8mes de vulgarisation qui font qu\u2019on ne trace pas les technologies des chercheurs. Si on va dans les cultures mara\u00eech\u00e8res aussi, on ne connait pas les noms des vari\u00e9t\u00e9s de piment ou de gombo. Parce que ce sont des <\/span><span style=\"font-weight: 400\">noms r\u00e9barbatifs. Cette anecdote est plus li\u00e9e \u00e0 la vulgarisation et au processus. Quand le processus est fait en int\u00e9grant les b\u00e9n\u00e9ficiaires qui vont donner des noms, facilement, on dira que les chercheurs ont trouv\u00e9.<\/span><\/p>\n<p><b>C.A.<\/b> <b>:<\/b> <b><i>Outre<\/i><\/b> <b><i>l\u2019insuffisance<\/i><\/b> <b><i>des<\/i><\/b> <b><i>moyens<\/i><\/b> <b><i>financiers,<\/i><\/b> <b><i>quelles<\/i><\/b> <b><i>sont<\/i><\/b> <b><i>les<\/i><\/b> <b><i>autres<\/i><\/b> <b><i>difficult\u00e9s<\/i><\/b> <b><i>que<\/i><\/b> <b><i>vous<\/i><\/b> <b><i>rencontrez<\/i><\/b> <b><i>dans<\/i><\/b> <b><i>le<\/i><\/b> <b><i>domaine<\/i><\/b> <b><i>de<\/i><\/b> <b><i>la<\/i><\/b> <b><i>recherche<\/i><\/b> <b><i>scientifique<\/i><\/b> <b><i>?<\/i><\/b><\/p>\n<p><b>J.S.<\/b> <b>:<\/b><span style=\"font-weight: 400\"> La premi\u00e8re difficult\u00e9, c\u2019est la faible reconnaissance par l\u2019autorit\u00e9 m\u00eame de la valeur de notre travail. Aujourd\u2019hui, il est plus facile \u00e0 une autorit\u00e9 de ressortir cette anecdote concernant les chercheurs qui cherchent et qui ne trouvent pas.<\/span><\/p>\n<p><span style=\"font-weight: 400\">Tout le monde a retenu cela. Et \u00e7a d\u00e9courage les chercheurs. Le manque de moyens aussi est un \u00e9l\u00e9ment important. C\u2019est pourquoi au d\u00e9but des ann\u00e9es 2000, \u00e0 chaque fois que j\u2019avais l\u2019occasion de parler \u00e0 la presse, j\u2019invectivais pratiquement les autorit\u00e9s et les invitais \u00e0 donner plus de moyens \u00e0 la recherche. On n\u2019a jamais eu un budget de recherche. Peut-\u00eatre que maintenant, ils ont commenc\u00e9. Sinon, m\u00eame les frais d\u2019entretien des infrastructures, il n\u2019y en avait pas. Pour le laboratoire des chercheurs, ce sont souvent eux qui vont vendre leur expertise \u00e0 un bailleur de fonds pour pouvoir acheter un microscope ou autre mat\u00e9riel. C\u2019est ce qui a amen\u00e9, entre-temps, des gens \u00e0 dire que notre recherche n\u2019est pas souveraine. Mais depuis un certain temps, quand m\u00eame, il faut reconna\u00eetre qu\u2019on a commenc\u00e9 \u00e0 aller dans le sens du financement de la recherche.<\/span><\/p>\n<p><span style=\"font-weight: 400\"> Il y a des fonds comp\u00e9titifs qu\u2019on a cr\u00e9\u00e9s. On devrait d\u2019abord mettre en place un fonds de souverainet\u00e9 afin que chaque chercheur ait un minimum de budget sur lequel on peut l\u2019interroger. Cela n\u2019existe pas jusqu\u2019\u00e0 pr\u00e9sent. Par contre, les fonds de comp\u00e9tition existent, mais ce n\u2019est pas suffisant. Pour le fonds d\u2019\u00e9quipement, nous avons pris 14 milliards F CFA avec la Banque mondiale dans les ann\u00e9es 1990 pour restructurer la recherche. Ce fonds est fini en 2006. Mais cela a \u00e9t\u00e9 un saupoudrage. Pour quatre instituts, c\u2019est peu. D\u2019ailleurs, \u00e7a concernait essentiellement l\u2019INERA et l\u2019IRSAT, les deux autres instituts (INSS et IRSS) n\u2019en ont\u00a0 pas\u00a0 b\u00e9n\u00e9fici\u00e9.\u00a0 Mais\u00a0 gr\u00e2ce \u00e0 la coop\u00e9ration avec ce nouveau <\/span><span style=\"font-weight: 400\">gouvernement, il y a des fonds qui sont allou\u00e9s \u00e0 la recherche et aux universit\u00e9s. Actuellement, on est en train de b\u00e2tir de nouvelles infrastructures dans toutes les universit\u00e9s. <\/span><\/p>\n<p><span style=\"font-weight: 400\">Apr\u00e8s, doit suivre le programme d\u2019\u00e9quipement des laboratoires. Dans notre premi\u00e8re universit\u00e9, on n\u2019avait pas de microscope \u00e9lectronique. Alors que c\u2019est un mat\u00e9riel essentiel. Ce n\u2019est que maintenant qu\u2019on l\u2019a. Il fallait aller \u00e0 Dakar pour regarder ses pr\u00e9parations. Le billet d\u2019avion aller- retour, c\u2019est d\u00e9j\u00e0 un budget pour un chercheur. Outre les \u00e9quipements et les infrastructures, il faut d\u2019autres fonds pour g\u00e9rer les stations de recherche, les laboratoires de recherche et les universit\u00e9s. Un effort particulier doit encore \u00eatre fait dans le recrutement des chercheurs <\/span><span style=\"font-weight: 400\">et des enseignants-chercheurs. On le fait, mais ce sont de petits volumes. Aujourd\u2019hui, nos universit\u00e9s forment \u00e0 tour de bras des gens en master et en doctorat. Mais quand on veut recruter pour le CNRST, c\u2019est une vingtaine de personnes pour cinq r\u00e9gions de recherche.<\/span><\/p>\n<p><span style=\"font-weight: 400\">Il faut \u00e9galement am\u00e9liorer la s\u00e9curit\u00e9 dans les centres de recherche. J\u2019ai beaucoup souffert de l\u2019ins\u00e9curit\u00e9 \u00e0 Farakob\u00e2 les trois derni\u00e8res ann\u00e9es avant ma retraite. Comme le centre est proche de la ville et n\u2019est pas cl\u00f4tur\u00e9, il y a la divagation des animaux, les vols, les d\u00e9linquants qui le fr\u00e9quentent, etc. Des gens viennent nuitamment couper les haies vives que nous avons entretenues pendant 30 ans. Mais, il y a une lueur d\u2019espoir avec ce gouvernement qui, vraiment, travaille.<\/span><\/p>\n<p><b>C.A.<\/b> <b>:<\/b> <b><i>Dans<\/i><\/b> <b><i>le<\/i><\/b> <b><i>cadre<\/i><\/b> <b><i>de<\/i><\/b> <b><i>vos<\/i><\/b> <b><i>travaux<\/i><\/b> <b><i>de<\/i><\/b> <b><i>recherche,<\/i><\/b> <b><i>quelle<\/i><\/b> <b><i>a<\/i><\/b> <b><i>\u00e9t\u00e9<\/i><\/b> <b><i>votre<\/i><\/b> <b><i>plus<\/i><\/b> <b><i>grande<\/i><\/b> <b><i>satisfaction<\/i><\/b> <b><i>?<\/i><\/b><\/p>\n<p><b>J.S.<\/b> <b>:<\/b><span style=\"font-weight: 400\"> Ma plus grande satisfaction, il faut le dire, c\u2019est d\u2019avoir vu le Pr\u00e9sident Ibrahim Traor\u00e9 dans un champ de bl\u00e9. Parce qu\u2019il a assur\u00e9 l\u2019extension, la vulgarisation et la p\u00e9rennisation de la culture du bl\u00e9 au Burkina. Les gens vont dire que tout le monde ne mange pas le bl\u00e9. Mais c\u2019est faux. L\u2019aliment le plus consomm\u00e9 par les Burkinab\u00e8, c\u2019est le pain. Si vous allez en campagne et que vous n\u2019amenez pas une baguette de pain, les enfants vont vous regarder comme un extraterrestre. Le bl\u00e9 est le dernier produit dont je voulais voir l\u2019acc\u00e9l\u00e9ration de la vulgarisation. Cela a \u00e9t\u00e9 ma plus grande satisfaction. J\u2019ai b\u00e9n\u00e9fici\u00e9 <\/span><span style=\"font-weight: 400\">aussi de m\u00e9dailles tout au long de ma carri\u00e8re. <\/span><\/p>\n<p><span style=\"font-weight: 400\">J\u2019ai \u00e9t\u00e9 fait Chevalier des palmes acad\u00e9miques, Chevalier de l\u2019ordre national et Officier de l\u2019ordre national. J\u2019avais vraiment des craintes de partir \u00e0 la retraite sans voir le gros pan que j\u2019ai mis sur le bl\u00e9 sortir. Mais, je suis aux anges. Je souhaite surtout que d\u2019autres chercheurs s\u2019inscrivent dans ce parcours. Il n\u2019y a rien de secret, c\u2019est juste le travail. Vous demanderez \u00e0 mes coll\u00e8gues, ils vous diront que c\u2019est le monsieur qui arrive t\u00f4t et qui part tard. Il y en a m\u00eame qui m\u2019ont dit que l\u2019INERA n\u2019est pas ma propri\u00e9t\u00e9. Mais je fais mon travail. Je ne fr\u00e9quente pas les bars ni les bo\u00eetes de nuit. Mon lieu de travail, c\u2019est en m\u00eame temps un lieu de sport. Quand je sors dans la journ\u00e9e, je peux faire 15 km dans mes parcelles.<\/span><\/p>\n<p><b>C.A.<\/b> <b>:<\/b> <b><i>Y<\/i><\/b> <b><i>a-t-il<\/i><\/b> <b><i>eu<\/i><\/b> <b><i>des<\/i><\/b> <b><i>regrets<\/i><\/b> <b><i>?<\/i><\/b><\/p>\n<p><b>J.S.<\/b> <b>:<\/b><span style=\"font-weight: 400\"> Le seul regret que j\u2019ai eu, c\u2019est au commencement. Quand je suis arriv\u00e9<\/span> <span style=\"font-weight: 400\">en<\/span> <span style=\"font-weight: 400\">1988,<\/span> <span style=\"font-weight: 400\">l\u2019Institut<\/span> <span style=\"font-weight: 400\">de recherches agronomiques tropicales (IRAT), qui travaillait pour le Burkina, repliait en France, parce que les Fran\u00e7ais avaient pronostiqu\u00e9 \u00e0 l\u2019\u00e9poque que ce n\u2019\u00e9tait pas n\u00e9cessaire de travailler sur le ma\u00efs et certaines cultures ici. Parce que le changement climatique allait faire que dans cette zone du monde, ce serait des s\u00e9cheresses successives. Et avant de partir, ils ont essay\u00e9 de<\/span> <span style=\"font-weight: 400\">convaincre<\/span> <span style=\"font-weight: 400\">nos<\/span> <span style=\"font-weight: 400\">autorit\u00e9s scientifiques de ne pas mettre un chercheur sur le ma\u00efs. Comme j\u2019ai \u00e9t\u00e9 stagiaire \u00e0 l\u2019IRAT, j\u2019avais gard\u00e9 mon mat\u00e9riel. Mais des coll\u00e8gues ont dit que tout leur\u00a0\u00a0<\/span><span style=\"font-weight: 400\">mat\u00e9riel a \u00e9t\u00e9 emmen\u00e9 en Europe. \u00c7a, c\u2019est un <\/span><span style=\"font-weight: 400\">grand regret, pas pour moi, mais pour les autres. Au Niger, quand les Fran\u00e7ais rentraient, ils ont jet\u00e9 toutes les ressources phyto-g\u00e9n\u00e9tiques dans des puits. J\u2019ai regrett\u00e9 que dans cette corporation de chercheurs, des gens puissent agir de la sorte. On a perdu des ressources g\u00e9n\u00e9tiques.<\/span><\/p>\n<p><b>C.A.<\/b> <b>:<\/b> <b><i>Apr\u00e8s<\/i><\/b> <b><i>plusieurs<\/i><\/b> <b><i>ann\u00e9es<\/i><\/b> <b><i>de<\/i><\/b> <b><i>service,<\/i><\/b> <b><i>vous<\/i><\/b> <b><i>\u00eates<\/i><\/b> <b><i>appel\u00e9<\/i><\/b> <b><i>\u00e0<\/i><\/b> <b><i>faire<\/i><\/b> <b><i>valoir<\/i><\/b> <b><i>vos<\/i><\/b> <b><i>droits<\/i><\/b> <b><i>\u00e0<\/i><\/b> <b><i>la<\/i><\/b> <b><i>retraite.<\/i><\/b> <b><i>Mais<\/i><\/b> <b><i>apparemment,<\/i><\/b> <b><i>vous<\/i><\/b> <b><i>ne<\/i><\/b> <b><i>vous<\/i><\/b> <b><i>reposez<\/i><\/b> <b><i>pas\u2026<\/i><\/b><\/p>\n<p><b>J.S.<\/b> <b>:<\/b><span style=\"font-weight: 400\"> D\u2019abord, il faut savoir que les Africains et particuli\u00e8rement les Burkinab\u00e8 sont en retard. Si on pouvait travailler deux ou trois fois plus, on r\u00e9sorberait en tr\u00e8s peu de temps notre retard. Il faut regarder juste quelques indicateurs. Est-ce qu\u2019au Burkina, aujourd\u2019hui, tout le monde a de quoi manger trois repas dans la journ\u00e9e ? Bien s\u00fbr que non. Et cela d\u00e9pend de quelques travailleurs. Si tu es s\u00e9lectionneur, tu dois pourvoir \u00e0 manger aux gens. On doit prendre conscience de cela. On se repose, mais en faisant un autre travail. Quand vous sortez de l\u2019Afrique et que vous vous rendez compte du gap, du retard que nous avons, au retour, si vous \u00eates conscient, vous ne pouvez pas vous reposer. <\/span><\/p>\n<p><span style=\"font-weight: 400\">La retraite, c\u2019est un changement d\u2019activit\u00e9. Maintenant, on ne va pas travailler comme quand on avait vingt ans. L\u2019effort physique ne sera pas le m\u00eame, mais au contraire, avec l\u2019\u00e2ge, avec l\u2019exp\u00e9rience et l\u2019acquisition de comp\u00e9tences, c\u2019est maintenant que les chercheurs ou les travailleurs qui sont \u00e0 la retraite devraient fournir le maximum. Parce que tu n\u2019as pas <\/span><span style=\"font-weight: 400\">besoin de courir pour partager ton exp\u00e9rience. Sauf que j\u2019ai gard\u00e9 le travail de la recherche qui est un peu champ\u00eatre. C\u2019est mon sport aussi. J\u2019accueille beaucoup d\u2019\u00e9tudiants que je forme. Pour moi, la retraite n\u2019est pas synonyme de la chaise longue pour se reposer.<\/span><\/p>\n<p><b>C.A.<\/b> <b>:<\/b><b><i>Est-ce<\/i><\/b> <b><i>que<\/i><\/b> <b><i>vous<\/i><\/b> <b><i>avez<\/i><\/b> <b><i>des<\/i><\/b> <b><i>anecdotes<\/i><\/b> <b><i>qui<\/i><\/b> <b><i>vous<\/i><\/b> <b><i>ont<\/i><\/b> <b><i>marqu\u00e9<\/i><\/b> <b><i>au<\/i><\/b> <b><i>cours<\/i><\/b> <b><i>de<\/i><\/b> <b><i>vos<\/i><\/b> <b><i>travaux<\/i><\/b> <b><i>et<\/i><\/b> <b><i>que<\/i><\/b> <b><i>vous<\/i><\/b> <b><i>voudriez<\/i><\/b> <b><i>partager<\/i><\/b> <b><i>avec<\/i><\/b> <b><i>nous<\/i><\/b> <b><i>?<\/i><\/b><\/p>\n<p><b>J.S.<\/b> <b>:<\/b><span style=\"font-weight: 400\"> Pour la vulgarisation du ma\u00efs \u00e0 griller, il a fallu d\u2019abord convaincre mes coll\u00e8gues qu\u2019on peut cr\u00e9er un ma\u00efs \u00e0 part qu\u2019on va griller. Il y a eu beaucoup de r\u00e9ticences. Ils n\u2019y croyaient pas. Je leur ai dit que le ma\u00efs qu\u2019on mange aujourd\u2019hui, n\u2019est pas le bon \u00e0 griller. Ils m\u2019ont contest\u00e9. Dans mon laboratoire, j\u2019ai <\/span><span style=\"font-weight: 400\">travaill\u00e9 sur les crit\u00e8res et j\u2019ai r\u00e9ussi \u00e0 sortir la premi\u00e8re vari\u00e9t\u00e9 de ma\u00efs \u00e0 griller. Et j\u2019ai souhait\u00e9 que lors d\u2019une visite officielle d\u2019une autorit\u00e9 du pays, on sorte ce ma\u00efs et qu\u2019on le grille. Et un jour, il y a eu une visite du pr\u00e9sident de l\u2019Assembl\u00e9e nationale, M\u00e9l\u00e9gu\u00e9 Traor\u00e9, sur la station de Farakob\u00e2. Nous avons allum\u00e9 un feu dans le champ de ma\u00efs et on a plac\u00e9 un fourneau \u00e0 griller et une marmite \u00e0 bouillir. <\/span><\/p>\n<p><span style=\"font-weight: 400\">Quand le visiteur est arriv\u00e9, pendant que les chercheurs l\u2019attendaient pour le saluer, il a fait le tour et est all\u00e9 directement prendre le ma\u00efs sur le fourneau. Et il dit : \u00ab c\u2019est \u00e7a les bonnes recherches \u00bb. Tout le monde a ri. Donc les coll\u00e8gues qui me contestaient ont adopt\u00e9 le r\u00e9sultat. Et ils \u00e9taient fiers de le pr\u00e9senter \u00e0 l\u2019autorit\u00e9. L\u2019autre anecdote, c\u2019est sur la papaye. Quand je commen\u00e7ais mes recherches, j\u2019avais des papayers \u00e0 la maison. Traditionnellement, il est reconnu que les feuilles de papayer sont utilis\u00e9es en th\u00e9rapie contre la jaunisse et le paludisme. Alors, une bonne dame venait prendre les feuilles chez moi. Finalement, je me suis dit pourquoi ne pas lui donner un ou deux pieds pour qu\u2019elle plante chez elle ? Quand elle est venue, ma femme lui a propos\u00e9 de prendre quelques plants. Elle a dit non, parce que des g\u00e9nies viennent dormir dedans la nuit. Et elle est partie sans prendre les papayers. Parce qu\u2019elle est convaincue que la nuit, les papayers marchent et reviennent avec des g\u00e9nies.<\/span><\/p>\n<p><span style=\"font-weight: 400\">\u270d<\/span> <b>Interview<\/b> <b>r\u00e9alis\u00e9e<\/b> <b>par<\/b> <b>Mady<\/b> <b>KABRE<\/b><\/p>\n","protected":false},"excerpt":{"rendered":"<p>Ma\u00eetre de recherche en agronomie, am\u00e9lioration des plantes, \u00e0 la retraite depuis le 18 f\u00e9vrier 2024, Dr Jacob Sanou est l\u2019actuel recteur de l\u2019universit\u00e9 Aube nouvelle de Bobo-Dioulasso. S\u00e9lectionneur de plusieurs vari\u00e9t\u00e9s de c\u00e9r\u00e9ales et de plantes fruiti\u00e8res, ce passionn\u00e9 d\u2019agriculture a pass\u00e9 pr\u00e8s de 40 ans \u00e0 travailler \u00e0 l\u2019atteinte de l\u2019autosuffisance alimentaire au [&hellip;]<\/p>\n","protected":false},"author":3,"featured_media":2767,"comment_status":"open","ping_status":"closed","sticky":false,"template":"","format":"standard","meta":{"jetpack_post_was_ever_published":false,"_jetpack_newsletter_access":"","_jetpack_dont_email_post_to_subs":false,"_jetpack_newsletter_tier_id":0,"_jetpack_memberships_contains_paywalled_content":false,"_jetpack_memberships_contains_paid_content":false,"footnotes":""},"categories":[562,83,47,89],"tags":[],"class_list":{"0":"post-2764","1":"post","2":"type-post","3":"status-publish","4":"format-standard","5":"has-post-thumbnail","7":"category-actualites","8":"category-agriculture","9":"category-interview","10":"category-la-une-site"},"jetpack_featured_media_url":"https:\/\/i0.wp.com\/www.sidwaya.info\/carrefour\/wp-content\/uploads\/sites\/8\/2025\/08\/1.jpg?fit=1240%2C827&ssl=1","jetpack_sharing_enabled":true,"jetpack_shortlink":"https:\/\/wp.me\/paqtIK-IA","jetpack-related-posts":[],"_links":{"self":[{"href":"https:\/\/www.sidwaya.info\/carrefour\/wp-json\/wp\/v2\/posts\/2764","targetHints":{"allow":["GET"]}}],"collection":[{"href":"https:\/\/www.sidwaya.info\/carrefour\/wp-json\/wp\/v2\/posts"}],"about":[{"href":"https:\/\/www.sidwaya.info\/carrefour\/wp-json\/wp\/v2\/types\/post"}],"author":[{"embeddable":true,"href":"https:\/\/www.sidwaya.info\/carrefour\/wp-json\/wp\/v2\/users\/3"}],"replies":[{"embeddable":true,"href":"https:\/\/www.sidwaya.info\/carrefour\/wp-json\/wp\/v2\/comments?post=2764"}],"version-history":[{"count":10,"href":"https:\/\/www.sidwaya.info\/carrefour\/wp-json\/wp\/v2\/posts\/2764\/revisions"}],"predecessor-version":[{"id":2778,"href":"https:\/\/www.sidwaya.info\/carrefour\/wp-json\/wp\/v2\/posts\/2764\/revisions\/2778"}],"wp:featuredmedia":[{"embeddable":true,"href":"https:\/\/www.sidwaya.info\/carrefour\/wp-json\/wp\/v2\/media\/2767"}],"wp:attachment":[{"href":"https:\/\/www.sidwaya.info\/carrefour\/wp-json\/wp\/v2\/media?parent=2764"}],"wp:term":[{"taxonomy":"category","embeddable":true,"href":"https:\/\/www.sidwaya.info\/carrefour\/wp-json\/wp\/v2\/categories?post=2764"},{"taxonomy":"post_tag","embeddable":true,"href":"https:\/\/www.sidwaya.info\/carrefour\/wp-json\/wp\/v2\/tags?post=2764"}],"curies":[{"name":"wp","href":"https:\/\/api.w.org\/{rel}","templated":true}]}}