{"id":2832,"date":"2025-09-25T22:09:34","date_gmt":"2025-09-25T22:09:34","guid":{"rendered":"https:\/\/www.sidwaya.info\/carrefour\/?p=2832"},"modified":"2025-09-25T22:16:56","modified_gmt":"2025-09-25T22:16:56","slug":"gestion-des-dechets-a-banfora-un-combat-pour-un-cadre-sain","status":"publish","type":"post","link":"https:\/\/www.sidwaya.info\/carrefour\/2025\/09\/25\/gestion-des-dechets-a-banfora-un-combat-pour-un-cadre-sain\/","title":{"rendered":"Gestion des d\u00e9chets \u00e0 Banfora: un combat pour un cadre sain"},"content":{"rendered":"<p><strong>Banfora, chef-lieu de la r\u00e9gion des Tannounyan, est constamment arros\u00e9 par des pluies en ce mois de juillet 2025. Sous ce ciel gris, un autre combat se livre : celui contre les ordures. Les autorit\u00e9s municipales et la population se sont engag\u00e9es \u00e0 assainir la ville. Ensemble, elles luttent pour un environnement propre, sain et accueillant. Carrefour africain plonge au c\u0153ur de cette bataille o\u00f9 le changement prend forme, lentement mais s\u00fbrement.<\/strong><\/p>\n<p>Banfora, chef-lieu de la r\u00e9gion de Tannounyan, en plein hivernage. La saison des pluies cr\u00e9e des flaques d\u2019eau sur les routes caboss\u00e9es de la ville. La circulation est parfois difficile. Le jour se l\u00e8ve. L\u2019air est frais. Les populations sortent de leurs demeures. Les services s\u2019ouvrent, les commerces aussi. Les motos ronronnent. Des sc\u00e8nes vivantes se d\u00e9roulent au march\u00e9 central, bruyant et color\u00e9. Les vendeurs crient \u00e0 tue-t\u00eate pour attirer les clients. Ces derniers marchandent.<\/p>\n<p>Ce lieu de commerce est \u00e9galement un carrefour de production de tout type de d\u00e9chets. Dans les parcelles nues et les routes secondaires, les hautes herbes camouflent souvent des ordures. Des d\u00e9potoirs \u00e0 ciel ouvert, on en trouve quelquefois. Jusqu\u2019\u00e0 pr\u00e9sent, le combat contre l\u2019insalubrit\u00e9 est de longue haleine. En parcourant la ville, la r\u00e9alit\u00e9 frappe nos regards. Une d\u00e9charge clandestine g\u00eet dans une parcelle vide. Biema Tou, directeur des services techniques municipaux, arpente chaque jour la ville et fait le m\u00eame constat.<\/p>\n<figure id=\"attachment_2838\" aria-describedby=\"caption-attachment-2838\" style=\"width: 300px\" class=\"wp-caption alignright\"><img data-recalc-dims=\"1\" loading=\"lazy\" decoding=\"async\" data-attachment-id=\"2838\" data-permalink=\"https:\/\/www.sidwaya.info\/carrefour\/2025\/09\/25\/gestion-des-dechets-a-banfora-un-combat-pour-un-cadre-sain\/5-37\/\" data-orig-file=\"https:\/\/i0.wp.com\/www.sidwaya.info\/carrefour\/wp-content\/uploads\/sites\/8\/2025\/09\/5-2.jpg?fit=1240%2C827&amp;ssl=1\" data-orig-size=\"1240,827\" data-comments-opened=\"1\" data-image-meta=\"{&quot;aperture&quot;:&quot;5&quot;,&quot;credit&quot;:&quot;&quot;,&quot;camera&quot;:&quot;NIKON D3100&quot;,&quot;caption&quot;:&quot;&quot;,&quot;created_timestamp&quot;:&quot;1752653190&quot;,&quot;copyright&quot;:&quot;&quot;,&quot;focal_length&quot;:&quot;45&quot;,&quot;iso&quot;:&quot;3200&quot;,&quot;shutter_speed&quot;:&quot;0.016666666666667&quot;,&quot;title&quot;:&quot;&quot;,&quot;orientation&quot;:&quot;1&quot;}\" data-image-title=\"5\" data-image-description=\"\" data-image-caption=\"&lt;p&gt;Biema Tou, agent de la mairie de Banfora, insiste : \u00ab la propret\u00e9 de la ville est une priorit\u00e9 collective \u00bb. &lt;\/p&gt;\n\" data-medium-file=\"https:\/\/i0.wp.com\/www.sidwaya.info\/carrefour\/wp-content\/uploads\/sites\/8\/2025\/09\/5-2.jpg?fit=300%2C200&amp;ssl=1\" data-large-file=\"https:\/\/i0.wp.com\/www.sidwaya.info\/carrefour\/wp-content\/uploads\/sites\/8\/2025\/09\/5-2.jpg?fit=696%2C464&amp;ssl=1\" class=\"size-medium wp-image-2838\" src=\"https:\/\/i0.wp.com\/www.sidwaya.info\/carrefour\/wp-content\/uploads\/sites\/8\/2025\/09\/5-2-300x200.jpg?resize=300%2C200&#038;ssl=1\" alt=\"\" width=\"300\" height=\"200\" srcset=\"https:\/\/i0.wp.com\/www.sidwaya.info\/carrefour\/wp-content\/uploads\/sites\/8\/2025\/09\/5-2.jpg?resize=300%2C200&amp;ssl=1 300w, https:\/\/i0.wp.com\/www.sidwaya.info\/carrefour\/wp-content\/uploads\/sites\/8\/2025\/09\/5-2.jpg?resize=1024%2C683&amp;ssl=1 1024w, https:\/\/i0.wp.com\/www.sidwaya.info\/carrefour\/wp-content\/uploads\/sites\/8\/2025\/09\/5-2.jpg?resize=768%2C512&amp;ssl=1 768w, https:\/\/i0.wp.com\/www.sidwaya.info\/carrefour\/wp-content\/uploads\/sites\/8\/2025\/09\/5-2.jpg?resize=630%2C420&amp;ssl=1 630w, https:\/\/i0.wp.com\/www.sidwaya.info\/carrefour\/wp-content\/uploads\/sites\/8\/2025\/09\/5-2.jpg?resize=150%2C100&amp;ssl=1 150w, https:\/\/i0.wp.com\/www.sidwaya.info\/carrefour\/wp-content\/uploads\/sites\/8\/2025\/09\/5-2.jpg?resize=696%2C464&amp;ssl=1 696w, https:\/\/i0.wp.com\/www.sidwaya.info\/carrefour\/wp-content\/uploads\/sites\/8\/2025\/09\/5-2.jpg?resize=1068%2C712&amp;ssl=1 1068w, https:\/\/i0.wp.com\/www.sidwaya.info\/carrefour\/wp-content\/uploads\/sites\/8\/2025\/09\/5-2.jpg?w=1240&amp;ssl=1 1240w\" sizes=\"auto, (max-width: 300px) 100vw, 300px\" \/><figcaption id=\"caption-attachment-2838\" class=\"wp-caption-text\">Biema Tou, agent de la mairie de Banfora, insiste : \u00ab la propret\u00e9 de la ville est une priorit\u00e9 collective \u00bb.<\/figcaption><\/figure>\n<p>\u00ab Les parcelles nues constituent un gros souci pour la commune \u00bb, d\u00e9clare-t-il, d\u00e9pit\u00e9. \u00ab On y jette tout : ordures, animaux morts, boues de vidange \u00bb, explique-t-il. Les r\u00e9serves administratives et autres espaces publics ont \u00e9t\u00e9 nettoy\u00e9s, signale M. Tou. Les agrobusiness men y ont jou\u00e9 un r\u00f4le. \u00ab On a \u00e9vacu\u00e9 beaucoup de tas d\u2019immondices.<\/p>\n<p>Mais comment ? A travers les agrobusiness men. Ils ont demand\u00e9 que ces d\u00e9chets soient envoy\u00e9s dans leurs champs. En contrepartie, ils paient le carburant. C\u2019est le partenariat gagnant-gagnant, m\u00eame si on ne g\u00e8re pas les d\u00e9chets dans les normes \u00bb, estime Biema Tou. Son \u00e9quipe note, observe et agit mais le chemin est long et sem\u00e9 d\u2019emb\u00fbches.<\/p>\n<h3>Des tas d\u2019ordures devant des domiciles<\/h3>\n<p>A un jet de pierres de l\u00e0, une sc\u00e8ne similaire se pr\u00e9sente. Un tas d\u2019immondices traine devant une cour. Une habitante y jette fra\u00eechement ses ordures. Une pratique courante. Pour autant, l\u2019espoir germe. La mairie a \u00e9chafaud\u00e9 un plan strat\u00e9gique, ambitieux. Au c\u0153ur de ce dispositif, se trouve la gestion int\u00e9gr\u00e9e des d\u00e9chets, une v\u00e9ritable machine en marche.<\/p>\n<figure id=\"attachment_2834\" aria-describedby=\"caption-attachment-2834\" style=\"width: 300px\" class=\"wp-caption alignleft\"><img data-recalc-dims=\"1\" loading=\"lazy\" decoding=\"async\" data-attachment-id=\"2834\" data-permalink=\"https:\/\/www.sidwaya.info\/carrefour\/2025\/09\/25\/gestion-des-dechets-a-banfora-un-combat-pour-un-cadre-sain\/1-94\/\" data-orig-file=\"https:\/\/i0.wp.com\/www.sidwaya.info\/carrefour\/wp-content\/uploads\/sites\/8\/2025\/09\/1-2.jpg?fit=1240%2C827&amp;ssl=1\" data-orig-size=\"1240,827\" data-comments-opened=\"1\" data-image-meta=\"{&quot;aperture&quot;:&quot;5.6&quot;,&quot;credit&quot;:&quot;&quot;,&quot;camera&quot;:&quot;NIKON D3100&quot;,&quot;caption&quot;:&quot;&quot;,&quot;created_timestamp&quot;:&quot;1752679236&quot;,&quot;copyright&quot;:&quot;&quot;,&quot;focal_length&quot;:&quot;36&quot;,&quot;iso&quot;:&quot;100&quot;,&quot;shutter_speed&quot;:&quot;0.008&quot;,&quot;title&quot;:&quot;&quot;,&quot;orientation&quot;:&quot;1&quot;}\" data-image-title=\"1\" data-image-description=\"\" data-image-caption=\"&lt;p&gt;Des d\u00e9chets valoris\u00e9s en compost par la JAD de la Como\u00e9.&lt;\/p&gt;\n\" data-medium-file=\"https:\/\/i0.wp.com\/www.sidwaya.info\/carrefour\/wp-content\/uploads\/sites\/8\/2025\/09\/1-2.jpg?fit=300%2C200&amp;ssl=1\" data-large-file=\"https:\/\/i0.wp.com\/www.sidwaya.info\/carrefour\/wp-content\/uploads\/sites\/8\/2025\/09\/1-2.jpg?fit=696%2C464&amp;ssl=1\" class=\"size-medium wp-image-2834\" src=\"https:\/\/i0.wp.com\/www.sidwaya.info\/carrefour\/wp-content\/uploads\/sites\/8\/2025\/09\/1-2-300x200.jpg?resize=300%2C200&#038;ssl=1\" alt=\"\" width=\"300\" height=\"200\" srcset=\"https:\/\/i0.wp.com\/www.sidwaya.info\/carrefour\/wp-content\/uploads\/sites\/8\/2025\/09\/1-2.jpg?resize=300%2C200&amp;ssl=1 300w, https:\/\/i0.wp.com\/www.sidwaya.info\/carrefour\/wp-content\/uploads\/sites\/8\/2025\/09\/1-2.jpg?resize=1024%2C683&amp;ssl=1 1024w, https:\/\/i0.wp.com\/www.sidwaya.info\/carrefour\/wp-content\/uploads\/sites\/8\/2025\/09\/1-2.jpg?resize=768%2C512&amp;ssl=1 768w, https:\/\/i0.wp.com\/www.sidwaya.info\/carrefour\/wp-content\/uploads\/sites\/8\/2025\/09\/1-2.jpg?resize=630%2C420&amp;ssl=1 630w, https:\/\/i0.wp.com\/www.sidwaya.info\/carrefour\/wp-content\/uploads\/sites\/8\/2025\/09\/1-2.jpg?resize=150%2C100&amp;ssl=1 150w, https:\/\/i0.wp.com\/www.sidwaya.info\/carrefour\/wp-content\/uploads\/sites\/8\/2025\/09\/1-2.jpg?resize=696%2C464&amp;ssl=1 696w, https:\/\/i0.wp.com\/www.sidwaya.info\/carrefour\/wp-content\/uploads\/sites\/8\/2025\/09\/1-2.jpg?resize=1068%2C712&amp;ssl=1 1068w, https:\/\/i0.wp.com\/www.sidwaya.info\/carrefour\/wp-content\/uploads\/sites\/8\/2025\/09\/1-2.jpg?w=1240&amp;ssl=1 1240w\" sizes=\"auto, (max-width: 300px) 100vw, 300px\" \/><figcaption id=\"caption-attachment-2834\" class=\"wp-caption-text\">Des d\u00e9chets valoris\u00e9s en compost par la JAD de la Como\u00e9.<\/figcaption><\/figure>\n<p>La brigade verte, la brigade ouvri\u00e8re et les services de pr\u00e9-collecte travaillent tous de concert. L\u2019objectif est clair : \u00e9radiquer les tas sauvages, \u00e9liminer les odeurs et rendre Banfora vivable. D\u00e9j\u00e0, des r\u00e9sultats commencent \u00e0 se faire sentir. Des d\u00e9potoirs ont disparu, fruits des efforts consentis. Une prise de conscience s\u2019installe au sein de la population. Certains habitants, soucieux de vivre dans un environnement sain, s\u2019abonnent aupr\u00e8s des pr\u00e9-collecteurs.<\/p>\n<p>C\u2019est le cas chez Fatimata Soma, habitante au quartier Bounouna. Elle a d\u00e9cid\u00e9 de s\u2019abonner \u00e0 un service de ramassage.<br \/>\n\u00ab Il n\u2019y a plus de jets sauvages \u00bb, dit-elle avec fiert\u00e9. Ses d\u00e9chets sont d\u00e9sormais plac\u00e9s dans une poubelle. Un agent passe deux fois par semaine avec un tricycle pour les ramasser et les diriger vers un centre de tri. \u00ab C\u2019est simple et efficace \u00bb, ajoute-t-elle. Adjaratou Soulama est du m\u00eame quartier. Elle a fait le m\u00eame choix.<\/p>\n<p>\u00ab Je suis satisfaite \u00e0 100% \u00bb, lance-t-elle, avec conviction. En d\u00e9pit de ces progr\u00e8s, des d\u00e9fis persistent. Les pannes fr\u00e9quentes des tricycles, les cas de maladies (collecteurs et animaux), les \u00e9v\u00e8nements impr\u00e9visibles et l\u2019\u00e9tat d\u00e9fectueux des routes, compliquent la t\u00e2che aux agents de pr\u00e9-collecte. Alors, Fatimata Soma patiente et stocke ses d\u00e9chets, sans les jeter.<\/p>\n<p>\u00ab Nous demandons des alternatives \u00bb supplie-t-elle. Adjaratou Soulama abonde dans le m\u00eame sens. Elle aussi doit g\u00e9rer les impr\u00e9vus. En cas de panne de moto de collecte par exemple, elle utilise des sacs temporaires. \u00ab Tous devraient s\u2019abonner \u00bb, conseille-t-elle, convaincue que la propret\u00e9 est l\u2019affaire de tous. Tagassini Kon\u00e9 est animatrice \u00e0 l\u2019association Natura. Elle g\u00e8re avec tact, les cas de force majeure. Elle appelle les abonn\u00e9s ou se d\u00e9place chez eux pour les rassurer. Derri\u00e8re cette lutte se cachent \u00e9galement des h\u00e9ros invisibles.<\/p>\n<figure id=\"attachment_2836\" aria-describedby=\"caption-attachment-2836\" style=\"width: 300px\" class=\"wp-caption alignright\"><img data-recalc-dims=\"1\" loading=\"lazy\" decoding=\"async\" data-attachment-id=\"2836\" data-permalink=\"https:\/\/www.sidwaya.info\/carrefour\/2025\/09\/25\/gestion-des-dechets-a-banfora-un-combat-pour-un-cadre-sain\/3-61\/\" data-orig-file=\"https:\/\/i0.wp.com\/www.sidwaya.info\/carrefour\/wp-content\/uploads\/sites\/8\/2025\/09\/3-2.jpg?fit=1240%2C827&amp;ssl=1\" data-orig-size=\"1240,827\" data-comments-opened=\"1\" data-image-meta=\"{&quot;aperture&quot;:&quot;5.6&quot;,&quot;credit&quot;:&quot;&quot;,&quot;camera&quot;:&quot;NIKON D3100&quot;,&quot;caption&quot;:&quot;&quot;,&quot;created_timestamp&quot;:&quot;1752679277&quot;,&quot;copyright&quot;:&quot;&quot;,&quot;focal_length&quot;:&quot;55&quot;,&quot;iso&quot;:&quot;220&quot;,&quot;shutter_speed&quot;:&quot;0.008&quot;,&quot;title&quot;:&quot;&quot;,&quot;orientation&quot;:&quot;1&quot;}\" data-image-title=\"3\" data-image-description=\"\" data-image-caption=\"&lt;p&gt;Siaka Sagnon exhorte les producteurs \u00e0 acheter son compost pour fertiliser leurs champs.&lt;\/p&gt;\n\" data-medium-file=\"https:\/\/i0.wp.com\/www.sidwaya.info\/carrefour\/wp-content\/uploads\/sites\/8\/2025\/09\/3-2.jpg?fit=300%2C200&amp;ssl=1\" data-large-file=\"https:\/\/i0.wp.com\/www.sidwaya.info\/carrefour\/wp-content\/uploads\/sites\/8\/2025\/09\/3-2.jpg?fit=696%2C464&amp;ssl=1\" class=\"size-medium wp-image-2836\" src=\"https:\/\/i0.wp.com\/www.sidwaya.info\/carrefour\/wp-content\/uploads\/sites\/8\/2025\/09\/3-2-300x200.jpg?resize=300%2C200&#038;ssl=1\" alt=\"\" width=\"300\" height=\"200\" srcset=\"https:\/\/i0.wp.com\/www.sidwaya.info\/carrefour\/wp-content\/uploads\/sites\/8\/2025\/09\/3-2.jpg?resize=300%2C200&amp;ssl=1 300w, https:\/\/i0.wp.com\/www.sidwaya.info\/carrefour\/wp-content\/uploads\/sites\/8\/2025\/09\/3-2.jpg?resize=1024%2C683&amp;ssl=1 1024w, https:\/\/i0.wp.com\/www.sidwaya.info\/carrefour\/wp-content\/uploads\/sites\/8\/2025\/09\/3-2.jpg?resize=768%2C512&amp;ssl=1 768w, https:\/\/i0.wp.com\/www.sidwaya.info\/carrefour\/wp-content\/uploads\/sites\/8\/2025\/09\/3-2.jpg?resize=630%2C420&amp;ssl=1 630w, https:\/\/i0.wp.com\/www.sidwaya.info\/carrefour\/wp-content\/uploads\/sites\/8\/2025\/09\/3-2.jpg?resize=150%2C100&amp;ssl=1 150w, https:\/\/i0.wp.com\/www.sidwaya.info\/carrefour\/wp-content\/uploads\/sites\/8\/2025\/09\/3-2.jpg?resize=696%2C464&amp;ssl=1 696w, https:\/\/i0.wp.com\/www.sidwaya.info\/carrefour\/wp-content\/uploads\/sites\/8\/2025\/09\/3-2.jpg?resize=1068%2C712&amp;ssl=1 1068w, https:\/\/i0.wp.com\/www.sidwaya.info\/carrefour\/wp-content\/uploads\/sites\/8\/2025\/09\/3-2.jpg?w=1240&amp;ssl=1 1240w\" sizes=\"auto, (max-width: 300px) 100vw, 300px\" \/><figcaption id=\"caption-attachment-2836\" class=\"wp-caption-text\">Siaka Sagnon exhorte les producteurs \u00e0 acheter son compost pour fertiliser leurs champs.<\/figcaption><\/figure>\n<p>Lydie Som\u00e9, pr\u00e9sidente de l\u2019association Natura, est une pionni\u00e8re dans ce domaine. Cr\u00e9\u00e9e en 2003, son association compte 25 membres, principalement des femmes. Seulement deux hommes parmi ce personnel f\u00e9minin, s\u2019occupent, eux, de la conduite des tricycles. Mme Som\u00e9 veille scrupuleusement \u00e0 la sant\u00e9 de ses employ\u00e9s en s\u2019assurant qu\u2019ils disposent de l\u2019\u00e9quipement n\u00e9cessaire : bottes, gants, cache-nez et gilets.<\/p>\n<p>\u00ab Nous devons minimiser les risques \u00bb, affirme-t-elle. Malgr\u00e9 ces pr\u00e9cautions, les blessures arrivent parfois et l\u2019association prend en charge les frais m\u00e9dicaux. Cette association applique des crit\u00e8res stricts pour prot\u00e9ger ses membres : aucune femme enceinte ou allaitante ne peut participer aux activit\u00e9s. \u00ab Elles reviennent apr\u00e8s le sevrage de leurs enfants \u00bb, pr\u00e9cise Lydie Som\u00e9, soulignant l\u2019organisation m\u00e9ticuleuse de l\u2019association. Des fiches techniques mensuelles sont remplies pour suivre les quantit\u00e9s collect\u00e9es et la mairie est au courant de tout.<\/p>\n<p>Celle-ci offre \u00e9galement du mat\u00e9riel de travail comme des r\u00e2teaux. \u00ab Gr\u00e2ce \u00e0 cette organisation, nous savons combien de tonnes de d\u00e9chets sont collect\u00e9es par an \u00bb, conclut Mme Som\u00e9. Plus loin, la Jeunesse associative pour le d\u00e9veloppement (JAD) de la Como\u00e9 s\u2019active dans les secteurs 5 et 7. Pour les membres de cette structure, les d\u00e9chets repr\u00e9sentent un v\u00e9ritable gagne-pain. Le personnel est majoritairement compos\u00e9 de jeunes. Siaka Sagnon qui g\u00e8re le compostage indique : \u00ab nous nous battons malgr\u00e9 le peu<br \/>\nd\u2019abonn\u00e9s \u00bb.<\/p>\n<figure id=\"attachment_2837\" aria-describedby=\"caption-attachment-2837\" style=\"width: 300px\" class=\"wp-caption alignleft\"><img data-recalc-dims=\"1\" loading=\"lazy\" decoding=\"async\" data-attachment-id=\"2837\" data-permalink=\"https:\/\/www.sidwaya.info\/carrefour\/2025\/09\/25\/gestion-des-dechets-a-banfora-un-combat-pour-un-cadre-sain\/4-51\/\" data-orig-file=\"https:\/\/i0.wp.com\/www.sidwaya.info\/carrefour\/wp-content\/uploads\/sites\/8\/2025\/09\/4-2.jpg?fit=1240%2C827&amp;ssl=1\" data-orig-size=\"1240,827\" data-comments-opened=\"1\" data-image-meta=\"{&quot;aperture&quot;:&quot;5.6&quot;,&quot;credit&quot;:&quot;&quot;,&quot;camera&quot;:&quot;NIKON D3100&quot;,&quot;caption&quot;:&quot;&quot;,&quot;created_timestamp&quot;:&quot;1262342628&quot;,&quot;copyright&quot;:&quot;&quot;,&quot;focal_length&quot;:&quot;40&quot;,&quot;iso&quot;:&quot;400&quot;,&quot;shutter_speed&quot;:&quot;0.008&quot;,&quot;title&quot;:&quot;&quot;,&quot;orientation&quot;:&quot;1&quot;}\" data-image-title=\"4\" data-image-description=\"\" data-image-caption=\"&lt;p&gt;Lydie Som\u00e9, pr\u00e9sidente de l\u2019association Natura, est la pionni\u00e8re dans la pr\u00e9-collecte des d\u00e9chets \u00e0 Banfora.&lt;\/p&gt;\n\" data-medium-file=\"https:\/\/i0.wp.com\/www.sidwaya.info\/carrefour\/wp-content\/uploads\/sites\/8\/2025\/09\/4-2.jpg?fit=300%2C200&amp;ssl=1\" data-large-file=\"https:\/\/i0.wp.com\/www.sidwaya.info\/carrefour\/wp-content\/uploads\/sites\/8\/2025\/09\/4-2.jpg?fit=696%2C464&amp;ssl=1\" class=\"size-medium wp-image-2837\" src=\"https:\/\/i0.wp.com\/www.sidwaya.info\/carrefour\/wp-content\/uploads\/sites\/8\/2025\/09\/4-2-300x200.jpg?resize=300%2C200&#038;ssl=1\" alt=\"\" width=\"300\" height=\"200\" srcset=\"https:\/\/i0.wp.com\/www.sidwaya.info\/carrefour\/wp-content\/uploads\/sites\/8\/2025\/09\/4-2.jpg?resize=300%2C200&amp;ssl=1 300w, https:\/\/i0.wp.com\/www.sidwaya.info\/carrefour\/wp-content\/uploads\/sites\/8\/2025\/09\/4-2.jpg?resize=1024%2C683&amp;ssl=1 1024w, https:\/\/i0.wp.com\/www.sidwaya.info\/carrefour\/wp-content\/uploads\/sites\/8\/2025\/09\/4-2.jpg?resize=768%2C512&amp;ssl=1 768w, https:\/\/i0.wp.com\/www.sidwaya.info\/carrefour\/wp-content\/uploads\/sites\/8\/2025\/09\/4-2.jpg?resize=630%2C420&amp;ssl=1 630w, https:\/\/i0.wp.com\/www.sidwaya.info\/carrefour\/wp-content\/uploads\/sites\/8\/2025\/09\/4-2.jpg?resize=150%2C100&amp;ssl=1 150w, https:\/\/i0.wp.com\/www.sidwaya.info\/carrefour\/wp-content\/uploads\/sites\/8\/2025\/09\/4-2.jpg?resize=696%2C464&amp;ssl=1 696w, https:\/\/i0.wp.com\/www.sidwaya.info\/carrefour\/wp-content\/uploads\/sites\/8\/2025\/09\/4-2.jpg?resize=1068%2C712&amp;ssl=1 1068w, https:\/\/i0.wp.com\/www.sidwaya.info\/carrefour\/wp-content\/uploads\/sites\/8\/2025\/09\/4-2.jpg?w=1240&amp;ssl=1 1240w\" sizes=\"auto, (max-width: 300px) 100vw, 300px\" \/><figcaption id=\"caption-attachment-2837\" class=\"wp-caption-text\">Lydie Som\u00e9, pr\u00e9sidente de l\u2019association Natura, est la pionni\u00e8re dans la pr\u00e9-collecte des d\u00e9chets \u00e0 Banfora.<\/figcaption><\/figure>\n<p>Les soci\u00e9t\u00e9s de pr\u00e9-collecte proposent un tarif de 1 000 F CFA par mois par m\u00e9nage. Pour certains, c\u2019est cher. Alors, les m\u00e9nages d\u00e9munis paient un forfait \u00e0 500 F CFA. \u00ab Nous voulons \u00e9viter les jets sauvages \u00bb, ajoute M. Sagnon. Fougoussi H\u00e9ma, un abonn\u00e9 depuis dix ans, approuve. \u00ab La collaboration est bonne, il n\u2019y a jamais de conflits entre nous \u00bb, indique-t-il. Ce citoyen mod\u00e8le insiste sur l\u2019importance de s\u2019abonner pour pr\u00e9server la sant\u00e9 de la communaut\u00e9. Cependant, les chiffres ne sont pas rassurants. Banfora compte environ 13 000 m\u00e9nages potentiels, selon M. Tou, avec une population d\u2019environ 160 000 habitants. Le directeur des services techniques municipaux soupire face \u00e0 cette r\u00e9alit\u00e9. \u00ab<\/p>\n<p>Notre objectif est d\u2019atteindre 40% d\u2019abonn\u00e9s d\u2019ici 2030 contre 16% actuellement \u00bb, rel\u00e8ve-t-il. Les brigades de collecte incitent les citoyens \u00e0 trier leurs d\u00e9chets. Des points de collecte sont install\u00e9s partout en ville. On note toujours des r\u00e9ticences. Lassina Gninmin, un agent de la soci\u00e9t\u00e9 sucri\u00e8re de la Como\u00e9 (SN-SOSUCO) \u00e0 la retraite, \u00e9voque le manque de moyens et avoue jeter encore ses ordures dans la nature.<\/p>\n<p>Mais, il promet de s\u2019abonner bient\u00f4t. Les autorit\u00e9s continuent de travailler, renfor\u00e7ant la sensibilisation. La police de l\u2019hygi\u00e8ne publique, une nouvelle initiative pluridisciplinaire, a vu le jour. Elle regroupe des membres de la mairie, de l\u2019environnement, des polices nationale et municipale, de la gendarmerie, de la sant\u00e9 et de l\u2019\u00e9levage. Ces agents ont pr\u00eat\u00e9 serment et sont d\u00e9sormais en action. Ils n\u2019h\u00e9sitent pas \u00e0 s\u00e9vir contre les pollueurs, imposant des sanctions et amendes.<\/p>\n<figure id=\"attachment_2841\" aria-describedby=\"caption-attachment-2841\" style=\"width: 300px\" class=\"wp-caption alignright\"><img data-recalc-dims=\"1\" loading=\"lazy\" decoding=\"async\" data-attachment-id=\"2841\" data-permalink=\"https:\/\/www.sidwaya.info\/carrefour\/2025\/09\/25\/gestion-des-dechets-a-banfora-un-combat-pour-un-cadre-sain\/8-25\/\" data-orig-file=\"https:\/\/i0.wp.com\/www.sidwaya.info\/carrefour\/wp-content\/uploads\/sites\/8\/2025\/09\/8-2.jpg?fit=1240%2C827&amp;ssl=1\" data-orig-size=\"1240,827\" data-comments-opened=\"1\" data-image-meta=\"{&quot;aperture&quot;:&quot;5.6&quot;,&quot;credit&quot;:&quot;&quot;,&quot;camera&quot;:&quot;NIKON D3100&quot;,&quot;caption&quot;:&quot;&quot;,&quot;created_timestamp&quot;:&quot;1752679299&quot;,&quot;copyright&quot;:&quot;&quot;,&quot;focal_length&quot;:&quot;18&quot;,&quot;iso&quot;:&quot;100&quot;,&quot;shutter_speed&quot;:&quot;0.008&quot;,&quot;title&quot;:&quot;&quot;,&quot;orientation&quot;:&quot;1&quot;}\" data-image-title=\"8\" data-image-description=\"\" data-image-caption=\"&lt;p&gt;Le compost produit par la JAD de la Como\u00e9 est test\u00e9 dans ce champ&lt;br \/&gt;\nde patate et de ma\u00efs.&lt;\/p&gt;\n\" data-medium-file=\"https:\/\/i0.wp.com\/www.sidwaya.info\/carrefour\/wp-content\/uploads\/sites\/8\/2025\/09\/8-2.jpg?fit=300%2C200&amp;ssl=1\" data-large-file=\"https:\/\/i0.wp.com\/www.sidwaya.info\/carrefour\/wp-content\/uploads\/sites\/8\/2025\/09\/8-2.jpg?fit=696%2C464&amp;ssl=1\" class=\"size-medium wp-image-2841\" src=\"https:\/\/i0.wp.com\/www.sidwaya.info\/carrefour\/wp-content\/uploads\/sites\/8\/2025\/09\/8-2-300x200.jpg?resize=300%2C200&#038;ssl=1\" alt=\"\" width=\"300\" height=\"200\" srcset=\"https:\/\/i0.wp.com\/www.sidwaya.info\/carrefour\/wp-content\/uploads\/sites\/8\/2025\/09\/8-2.jpg?resize=300%2C200&amp;ssl=1 300w, https:\/\/i0.wp.com\/www.sidwaya.info\/carrefour\/wp-content\/uploads\/sites\/8\/2025\/09\/8-2.jpg?resize=1024%2C683&amp;ssl=1 1024w, https:\/\/i0.wp.com\/www.sidwaya.info\/carrefour\/wp-content\/uploads\/sites\/8\/2025\/09\/8-2.jpg?resize=768%2C512&amp;ssl=1 768w, https:\/\/i0.wp.com\/www.sidwaya.info\/carrefour\/wp-content\/uploads\/sites\/8\/2025\/09\/8-2.jpg?resize=630%2C420&amp;ssl=1 630w, https:\/\/i0.wp.com\/www.sidwaya.info\/carrefour\/wp-content\/uploads\/sites\/8\/2025\/09\/8-2.jpg?resize=150%2C100&amp;ssl=1 150w, https:\/\/i0.wp.com\/www.sidwaya.info\/carrefour\/wp-content\/uploads\/sites\/8\/2025\/09\/8-2.jpg?resize=696%2C464&amp;ssl=1 696w, https:\/\/i0.wp.com\/www.sidwaya.info\/carrefour\/wp-content\/uploads\/sites\/8\/2025\/09\/8-2.jpg?resize=1068%2C712&amp;ssl=1 1068w, https:\/\/i0.wp.com\/www.sidwaya.info\/carrefour\/wp-content\/uploads\/sites\/8\/2025\/09\/8-2.jpg?w=1240&amp;ssl=1 1240w\" sizes=\"auto, (max-width: 300px) 100vw, 300px\" \/><figcaption id=\"caption-attachment-2841\" class=\"wp-caption-text\">Le compost produit par la JAD de la Como\u00e9 est test\u00e9 dans ce champ<br \/>de patate et de ma\u00efs.<\/figcaption><\/figure>\n<p>\u00ab La propret\u00e9 de la ville est une priorit\u00e9 collective \u00bb, insiste Biema Tou. Les t\u00e2ches sont bien r\u00e9parties : les soci\u00e9t\u00e9s de pr\u00e9-collecte ramassent les d\u00e9chets chez les abonn\u00e9s, la brigade ouvri\u00e8re nettoie les espaces publics et la brigade verte transporte les ordures vers les centres d\u2019enfouissement. La mairie intensifie ses efforts pour assainir la ville. Elle veut convaincre les plus sceptiques.<\/p>\n<h3>La valorisation, un enjeu crucial<\/h3>\n<p>Collecter les ordures est une chose, les valoriser en est une autre. Ce maillon de la cha\u00eene constitue un enjeu majeur. Les d\u00e9chets ne sont pas uniquement une source de pollution mais aussi une opportunit\u00e9. Parmi les soci\u00e9t\u00e9s de collecte, seule la JAD de la Como\u00e9 s\u2019en sort dans ce domaine. Siaka Sagnon et ses camarades transforment les d\u00e9chets en compost. Dans un bassin couvert de b\u00e2ches, pourrissent des ordures de tous genres.<\/p>\n<p>Le processus de fabrication dure environ deux semaines. Le produit fini est test\u00e9 sur place. A c\u00f4t\u00e9 se dresse un champ de ma\u00efs et de patate douce. Il prosp\u00e8re gr\u00e2ce au compost. Siaka Sagnon assure que ce produit a \u00e9t\u00e9 utilis\u00e9 pour fertiliser le sol et sa qualit\u00e9 est reconnue. \u00ab Un producteur d\u2019une autre r\u00e9gion a pass\u00e9 une commande de 50 tonnes apr\u00e8s avoir r\u00e9alis\u00e9 des analyses qui ont montr\u00e9 la qualit\u00e9 du produit \u00bb, informe-t-il.<\/p>\n<figure id=\"attachment_2842\" aria-describedby=\"caption-attachment-2842\" style=\"width: 300px\" class=\"wp-caption alignleft\"><img data-recalc-dims=\"1\" loading=\"lazy\" decoding=\"async\" data-attachment-id=\"2842\" data-permalink=\"https:\/\/www.sidwaya.info\/carrefour\/2025\/09\/25\/gestion-des-dechets-a-banfora-un-combat-pour-un-cadre-sain\/9-16\/\" data-orig-file=\"https:\/\/i0.wp.com\/www.sidwaya.info\/carrefour\/wp-content\/uploads\/sites\/8\/2025\/09\/9-1.jpg?fit=1240%2C827&amp;ssl=1\" data-orig-size=\"1240,827\" data-comments-opened=\"1\" data-image-meta=\"{&quot;aperture&quot;:&quot;6.3&quot;,&quot;credit&quot;:&quot;&quot;,&quot;camera&quot;:&quot;NIKON D3100&quot;,&quot;caption&quot;:&quot;&quot;,&quot;created_timestamp&quot;:&quot;1262349839&quot;,&quot;copyright&quot;:&quot;&quot;,&quot;focal_length&quot;:&quot;31&quot;,&quot;iso&quot;:&quot;100&quot;,&quot;shutter_speed&quot;:&quot;0.00625&quot;,&quot;title&quot;:&quot;&quot;,&quot;orientation&quot;:&quot;1&quot;}\" data-image-title=\"9\" data-image-description=\"\" data-image-caption=\"&lt;p&gt;Ce centre de tri construit par la mairie avec l\u2019appui d\u2019un partenaire va insuffler une nouvelle dynamique dans la gestion des d\u00e9chets.&lt;\/p&gt;\n\" data-medium-file=\"https:\/\/i0.wp.com\/www.sidwaya.info\/carrefour\/wp-content\/uploads\/sites\/8\/2025\/09\/9-1.jpg?fit=300%2C200&amp;ssl=1\" data-large-file=\"https:\/\/i0.wp.com\/www.sidwaya.info\/carrefour\/wp-content\/uploads\/sites\/8\/2025\/09\/9-1.jpg?fit=696%2C464&amp;ssl=1\" class=\"size-medium wp-image-2842\" src=\"https:\/\/i0.wp.com\/www.sidwaya.info\/carrefour\/wp-content\/uploads\/sites\/8\/2025\/09\/9-1-300x200.jpg?resize=300%2C200&#038;ssl=1\" alt=\"\" width=\"300\" height=\"200\" srcset=\"https:\/\/i0.wp.com\/www.sidwaya.info\/carrefour\/wp-content\/uploads\/sites\/8\/2025\/09\/9-1.jpg?resize=300%2C200&amp;ssl=1 300w, https:\/\/i0.wp.com\/www.sidwaya.info\/carrefour\/wp-content\/uploads\/sites\/8\/2025\/09\/9-1.jpg?resize=1024%2C683&amp;ssl=1 1024w, https:\/\/i0.wp.com\/www.sidwaya.info\/carrefour\/wp-content\/uploads\/sites\/8\/2025\/09\/9-1.jpg?resize=768%2C512&amp;ssl=1 768w, https:\/\/i0.wp.com\/www.sidwaya.info\/carrefour\/wp-content\/uploads\/sites\/8\/2025\/09\/9-1.jpg?resize=630%2C420&amp;ssl=1 630w, https:\/\/i0.wp.com\/www.sidwaya.info\/carrefour\/wp-content\/uploads\/sites\/8\/2025\/09\/9-1.jpg?resize=150%2C100&amp;ssl=1 150w, https:\/\/i0.wp.com\/www.sidwaya.info\/carrefour\/wp-content\/uploads\/sites\/8\/2025\/09\/9-1.jpg?resize=696%2C464&amp;ssl=1 696w, https:\/\/i0.wp.com\/www.sidwaya.info\/carrefour\/wp-content\/uploads\/sites\/8\/2025\/09\/9-1.jpg?resize=1068%2C712&amp;ssl=1 1068w, https:\/\/i0.wp.com\/www.sidwaya.info\/carrefour\/wp-content\/uploads\/sites\/8\/2025\/09\/9-1.jpg?w=1240&amp;ssl=1 1240w\" sizes=\"auto, (max-width: 300px) 100vw, 300px\" \/><figcaption id=\"caption-attachment-2842\" class=\"wp-caption-text\">Ce centre de tri construit par la mairie avec l\u2019appui d\u2019un partenaire va insuffler une nouvelle dynamique dans la gestion des d\u00e9chets.<\/figcaption><\/figure>\n<p>Le sac de 50 kg de compost est vendu \u00e0 3 000 F CFA. \u00ab Le produit a \u00e9t\u00e9 certifi\u00e9 mais ils ont moins de commandes \u00bb, reconnait Biema Tou. Siaka Sagnon exhorte les producteurs de la r\u00e9gion \u00e0 manifester un int\u00e9r\u00eat pour ce fertilisant biologique qui a montr\u00e9 ses preuves. Cela permettra aussi \u00e0 sa structure, poursuit-il, de lancer une production \u00e0 grande \u00e9chelle. D\u2019autres mat\u00e9riaux, comme les plastiques, peuvent \u00eatre recycl\u00e9s et les m\u00e9taux vendus. Mme Som\u00e9 songe \u00e0 transformer ces plastiques en objets utilitaires.<\/p>\n<p>Tout est une question de moyens, selon ses dires. D\u2019ailleurs, elle envisage de r\u00e9aliser ce projet avec les autres structures de collecte. \u00ab Nous envisageons une valorisation commune, confiant la gestion \u00e0 une \u00e9quipe regroupant toutes les structures de collecte. Cela nous permettra de trier, de produire du compost et m\u00eame transformer le plastique en objets utilitaires \u00bb, affirme-t-elle.<\/p>\n<p>La mairie a b\u00e9n\u00e9fici\u00e9 d\u2019un appui du Projet d\u2019am\u00e9lioration de la gouvernance dans 19 villes moyennes du Burkina, pour construire un centre de tri. Il est constitu\u00e9 d\u2019une d\u00e9charge finale avec deux alv\u00e9oles et un bassin de d\u00e9cantation. La r\u00e9ception a \u00e9t\u00e9 faite par la commune. Cependant, d\u00e9voile M. Tou, toutes les conditions ne sont pas encore r\u00e9unies pour sa mise en service. Et pour cause ? Il manque le volet assainissement. \u00ab Il n\u2019y a pas de toilettes, ni eau courante \u00bb, soutient-il.<\/p>\n<figure id=\"attachment_2839\" aria-describedby=\"caption-attachment-2839\" style=\"width: 300px\" class=\"wp-caption alignright\"><img data-recalc-dims=\"1\" loading=\"lazy\" decoding=\"async\" data-attachment-id=\"2839\" data-permalink=\"https:\/\/www.sidwaya.info\/carrefour\/2025\/09\/25\/gestion-des-dechets-a-banfora-un-combat-pour-un-cadre-sain\/6-38\/\" data-orig-file=\"https:\/\/i0.wp.com\/www.sidwaya.info\/carrefour\/wp-content\/uploads\/sites\/8\/2025\/09\/6-2.jpg?fit=1240%2C827&amp;ssl=1\" data-orig-size=\"1240,827\" data-comments-opened=\"1\" data-image-meta=\"{&quot;aperture&quot;:&quot;5.6&quot;,&quot;credit&quot;:&quot;&quot;,&quot;camera&quot;:&quot;NIKON D3100&quot;,&quot;caption&quot;:&quot;&quot;,&quot;created_timestamp&quot;:&quot;1262345611&quot;,&quot;copyright&quot;:&quot;&quot;,&quot;focal_length&quot;:&quot;48&quot;,&quot;iso&quot;:&quot;160&quot;,&quot;shutter_speed&quot;:&quot;0.008&quot;,&quot;title&quot;:&quot;&quot;,&quot;orientation&quot;:&quot;1&quot;}\" data-image-title=\"6\" data-image-description=\"\" data-image-caption=\"&lt;p&gt;Fatimata Soma, abonn\u00e9e des services de pr\u00e9-collecte, ne jette plus ses d\u00e9chets dans la nature.&lt;\/p&gt;\n\" data-medium-file=\"https:\/\/i0.wp.com\/www.sidwaya.info\/carrefour\/wp-content\/uploads\/sites\/8\/2025\/09\/6-2.jpg?fit=300%2C200&amp;ssl=1\" data-large-file=\"https:\/\/i0.wp.com\/www.sidwaya.info\/carrefour\/wp-content\/uploads\/sites\/8\/2025\/09\/6-2.jpg?fit=696%2C464&amp;ssl=1\" class=\"size-medium wp-image-2839\" src=\"https:\/\/i0.wp.com\/www.sidwaya.info\/carrefour\/wp-content\/uploads\/sites\/8\/2025\/09\/6-2-300x200.jpg?resize=300%2C200&#038;ssl=1\" alt=\"\" width=\"300\" height=\"200\" srcset=\"https:\/\/i0.wp.com\/www.sidwaya.info\/carrefour\/wp-content\/uploads\/sites\/8\/2025\/09\/6-2.jpg?resize=300%2C200&amp;ssl=1 300w, https:\/\/i0.wp.com\/www.sidwaya.info\/carrefour\/wp-content\/uploads\/sites\/8\/2025\/09\/6-2.jpg?resize=1024%2C683&amp;ssl=1 1024w, https:\/\/i0.wp.com\/www.sidwaya.info\/carrefour\/wp-content\/uploads\/sites\/8\/2025\/09\/6-2.jpg?resize=768%2C512&amp;ssl=1 768w, https:\/\/i0.wp.com\/www.sidwaya.info\/carrefour\/wp-content\/uploads\/sites\/8\/2025\/09\/6-2.jpg?resize=630%2C420&amp;ssl=1 630w, https:\/\/i0.wp.com\/www.sidwaya.info\/carrefour\/wp-content\/uploads\/sites\/8\/2025\/09\/6-2.jpg?resize=150%2C100&amp;ssl=1 150w, https:\/\/i0.wp.com\/www.sidwaya.info\/carrefour\/wp-content\/uploads\/sites\/8\/2025\/09\/6-2.jpg?resize=696%2C464&amp;ssl=1 696w, https:\/\/i0.wp.com\/www.sidwaya.info\/carrefour\/wp-content\/uploads\/sites\/8\/2025\/09\/6-2.jpg?resize=1068%2C712&amp;ssl=1 1068w, https:\/\/i0.wp.com\/www.sidwaya.info\/carrefour\/wp-content\/uploads\/sites\/8\/2025\/09\/6-2.jpg?w=1240&amp;ssl=1 1240w\" sizes=\"auto, (max-width: 300px) 100vw, 300px\" \/><figcaption id=\"caption-attachment-2839\" class=\"wp-caption-text\">Fatimata Soma, abonn\u00e9e des services de pr\u00e9-collecte, ne jette plus ses d\u00e9chets dans la nature.<\/figcaption><\/figure>\n<p>\u00ab En principe, si le syst\u00e8me est bien men\u00e9, ce qui est valorisable, on le fait, ce qui ne l\u2019est pas est envoy\u00e9 dans la d\u00e9charge finale \u00bb, atteste-t-il. Le v\u0153u le plus cher de Mme Som\u00e9 est que ce centre soit mis rapidement en service pour leur permettre de valoriser les d\u00e9chets. Dans sa propre structure, les comp\u00e9tences ne manquent pas. Des femmes ont \u00e9t\u00e9 form\u00e9es \u00e0 la fabrication du compost \u00e0 partir des ordures collect\u00e9es.<\/p>\n<p>Un atout qu\u2019elle pourra exploiter \u00e0 tout moment si la collaboration avec les autres structures n\u2019aboutit pas. \u00ab Nous avons encore beaucoup de chemin \u00e0 parcourir, mais ensemble, nous pouvons am\u00e9liorer la situation \u00bb, pense-t-elle. Banfora pourrait briller dans le domaine de l\u2019\u00e9conomie circulaire mais \u00e0 une condition : \u00e9duquer, former et investir massivement dans la gestion des d\u00e9chets.<\/p>\n<figure id=\"attachment_2840\" aria-describedby=\"caption-attachment-2840\" style=\"width: 300px\" class=\"wp-caption alignleft\"><img data-recalc-dims=\"1\" loading=\"lazy\" decoding=\"async\" data-attachment-id=\"2840\" data-permalink=\"https:\/\/www.sidwaya.info\/carrefour\/2025\/09\/25\/gestion-des-dechets-a-banfora-un-combat-pour-un-cadre-sain\/7-28\/\" data-orig-file=\"https:\/\/i0.wp.com\/www.sidwaya.info\/carrefour\/wp-content\/uploads\/sites\/8\/2025\/09\/7-2.jpg?fit=1240%2C827&amp;ssl=1\" data-orig-size=\"1240,827\" data-comments-opened=\"1\" data-image-meta=\"{&quot;aperture&quot;:&quot;5.6&quot;,&quot;credit&quot;:&quot;&quot;,&quot;camera&quot;:&quot;NIKON D3100&quot;,&quot;caption&quot;:&quot;&quot;,&quot;created_timestamp&quot;:&quot;1262348519&quot;,&quot;copyright&quot;:&quot;&quot;,&quot;focal_length&quot;:&quot;52&quot;,&quot;iso&quot;:&quot;180&quot;,&quot;shutter_speed&quot;:&quot;0.008&quot;,&quot;title&quot;:&quot;&quot;,&quot;orientation&quot;:&quot;1&quot;}\" data-image-title=\"7\" data-image-description=\"\" data-image-caption=\"&lt;p&gt;Lassina Gninmin, un agent de la SOSUCO \u00e0 la retraite, dit jeter ses ordures dans la nature par faute de moyens. &lt;\/p&gt;\n\" data-medium-file=\"https:\/\/i0.wp.com\/www.sidwaya.info\/carrefour\/wp-content\/uploads\/sites\/8\/2025\/09\/7-2.jpg?fit=300%2C200&amp;ssl=1\" data-large-file=\"https:\/\/i0.wp.com\/www.sidwaya.info\/carrefour\/wp-content\/uploads\/sites\/8\/2025\/09\/7-2.jpg?fit=696%2C464&amp;ssl=1\" class=\"size-medium wp-image-2840\" src=\"https:\/\/i0.wp.com\/www.sidwaya.info\/carrefour\/wp-content\/uploads\/sites\/8\/2025\/09\/7-2-300x200.jpg?resize=300%2C200&#038;ssl=1\" alt=\"\" width=\"300\" height=\"200\" srcset=\"https:\/\/i0.wp.com\/www.sidwaya.info\/carrefour\/wp-content\/uploads\/sites\/8\/2025\/09\/7-2.jpg?resize=300%2C200&amp;ssl=1 300w, https:\/\/i0.wp.com\/www.sidwaya.info\/carrefour\/wp-content\/uploads\/sites\/8\/2025\/09\/7-2.jpg?resize=1024%2C683&amp;ssl=1 1024w, https:\/\/i0.wp.com\/www.sidwaya.info\/carrefour\/wp-content\/uploads\/sites\/8\/2025\/09\/7-2.jpg?resize=768%2C512&amp;ssl=1 768w, https:\/\/i0.wp.com\/www.sidwaya.info\/carrefour\/wp-content\/uploads\/sites\/8\/2025\/09\/7-2.jpg?resize=630%2C420&amp;ssl=1 630w, https:\/\/i0.wp.com\/www.sidwaya.info\/carrefour\/wp-content\/uploads\/sites\/8\/2025\/09\/7-2.jpg?resize=150%2C100&amp;ssl=1 150w, https:\/\/i0.wp.com\/www.sidwaya.info\/carrefour\/wp-content\/uploads\/sites\/8\/2025\/09\/7-2.jpg?resize=696%2C464&amp;ssl=1 696w, https:\/\/i0.wp.com\/www.sidwaya.info\/carrefour\/wp-content\/uploads\/sites\/8\/2025\/09\/7-2.jpg?resize=1068%2C712&amp;ssl=1 1068w, https:\/\/i0.wp.com\/www.sidwaya.info\/carrefour\/wp-content\/uploads\/sites\/8\/2025\/09\/7-2.jpg?w=1240&amp;ssl=1 1240w\" sizes=\"auto, (max-width: 300px) 100vw, 300px\" \/><figcaption id=\"caption-attachment-2840\" class=\"wp-caption-text\">Lassina Gninmin, un agent de la SOSUCO \u00e0 la retraite, dit jeter ses ordures dans la nature par faute de moyens.<\/figcaption><\/figure>\n<p>Actuellement, les d\u00e9chets sont d\u00e9vers\u00e9s dans la nature. La d\u00e9charge finale est situ\u00e9e \u00e0 quelques m\u00e8tres seulement du centre de tri nouvellement construit. La nature en souffre. L\u00e0 o\u00f9 sont d\u00e9pos\u00e9s les d\u00e9chets, la verdure est absente. Les bouteilles et les sachets entravent les v\u00e9g\u00e9taux de pousser. Un producteur agricole tente sa chance en semant sur la d\u00e9charge publique. Mais les plants sont tapis au sol.<\/p>\n<p>La gestion des d\u00e9chets \u00e0 Banfora est un d\u00e9fi collectif. Les habitants, les autorit\u00e9s et les associations doivent continuer \u00e0 travailler ensemble. La sensibilisation et la valorisation des d\u00e9chets sont des cl\u00e9s essentielles pour un avenir durable. Le combat continu avec d\u00e9termination pour une ville plus propre et agr\u00e9able \u00e0 vivre.<\/p>\n<p style=\"text-align: right\"><strong>Ouamtinga Michel ILBOUDO<\/strong><br \/>\nomichel20@gmail.com<\/p>\n<hr \/>\n<p>&nbsp;<\/p>\n<p><strong>Banfora dot\u00e9 de 25 tricycles<\/strong><\/p>\n<p>Dans le cadre de l\u2019assainissement, la commune de Banfora a b\u00e9n\u00e9fici\u00e9 d\u2019un soutien de taille. Il s\u2019agit de celui du Pr\u00e9sident du Faso, Ibrahim Traor\u00e9. A travers l\u2019initiative pr\u00e9sidentielle, la commune a eu 25 tricycles pour faciliter le ramassage des ordures. La commune a \u00e9galement re\u00e7u cent brigadiers, engag\u00e9s dans les travaux d\u2019assainissement de la ville. Curage des caniveaux, nettoyage des lieux publics, entre autres, sont leurs domaines d\u2019intervention. La commune dispose d\u2019une tractopelle et d\u2019une benne pour enlever les ordures. Leur capacit\u00e9 est d\u2019environ huit voyages par jour. A en croire Biema Tou, le transport des d\u00e9chets ne pose pas probl\u00e8me. Le plus gros souci, ce sont les moyens financiers.<\/p>\n<p style=\"text-align: right\"><strong>O.M.I.<\/strong><\/p>\n","protected":false},"excerpt":{"rendered":"<p>Banfora, chef-lieu de la r\u00e9gion des Tannounyan, est constamment arros\u00e9 par des pluies en ce mois de juillet 2025. Sous ce ciel gris, un autre combat se livre : celui contre les ordures. Les autorit\u00e9s municipales et la population se sont engag\u00e9es \u00e0 assainir la ville. Ensemble, elles luttent pour un environnement propre, sain et [&hellip;]<\/p>\n","protected":false},"author":3,"featured_media":2835,"comment_status":"open","ping_status":"closed","sticky":false,"template":"","format":"standard","meta":{"jetpack_post_was_ever_published":false,"_jetpack_newsletter_access":"","_jetpack_dont_email_post_to_subs":false,"_jetpack_newsletter_tier_id":0,"_jetpack_memberships_contains_paywalled_content":false,"_jetpack_memberships_contains_paid_content":false,"footnotes":""},"categories":[562,22,89,28],"tags":[],"class_list":{"0":"post-2832","1":"post","2":"type-post","3":"status-publish","4":"format-standard","5":"has-post-thumbnail","7":"category-actualites","8":"category-environnement","9":"category-la-une-site","10":"category-societe"},"jetpack_featured_media_url":"https:\/\/i0.wp.com\/www.sidwaya.info\/carrefour\/wp-content\/uploads\/sites\/8\/2025\/09\/2-2.jpg?fit=1240%2C827&ssl=1","jetpack_sharing_enabled":true,"jetpack_shortlink":"https:\/\/wp.me\/paqtIK-JG","jetpack-related-posts":[],"_links":{"self":[{"href":"https:\/\/www.sidwaya.info\/carrefour\/wp-json\/wp\/v2\/posts\/2832","targetHints":{"allow":["GET"]}}],"collection":[{"href":"https:\/\/www.sidwaya.info\/carrefour\/wp-json\/wp\/v2\/posts"}],"about":[{"href":"https:\/\/www.sidwaya.info\/carrefour\/wp-json\/wp\/v2\/types\/post"}],"author":[{"embeddable":true,"href":"https:\/\/www.sidwaya.info\/carrefour\/wp-json\/wp\/v2\/users\/3"}],"replies":[{"embeddable":true,"href":"https:\/\/www.sidwaya.info\/carrefour\/wp-json\/wp\/v2\/comments?post=2832"}],"version-history":[{"count":4,"href":"https:\/\/www.sidwaya.info\/carrefour\/wp-json\/wp\/v2\/posts\/2832\/revisions"}],"predecessor-version":[{"id":2847,"href":"https:\/\/www.sidwaya.info\/carrefour\/wp-json\/wp\/v2\/posts\/2832\/revisions\/2847"}],"wp:featuredmedia":[{"embeddable":true,"href":"https:\/\/www.sidwaya.info\/carrefour\/wp-json\/wp\/v2\/media\/2835"}],"wp:attachment":[{"href":"https:\/\/www.sidwaya.info\/carrefour\/wp-json\/wp\/v2\/media?parent=2832"}],"wp:term":[{"taxonomy":"category","embeddable":true,"href":"https:\/\/www.sidwaya.info\/carrefour\/wp-json\/wp\/v2\/categories?post=2832"},{"taxonomy":"post_tag","embeddable":true,"href":"https:\/\/www.sidwaya.info\/carrefour\/wp-json\/wp\/v2\/tags?post=2832"}],"curies":[{"name":"wp","href":"https:\/\/api.w.org\/{rel}","templated":true}]}}