{"id":2849,"date":"2025-09-25T22:29:04","date_gmt":"2025-09-25T22:29:04","guid":{"rendered":"https:\/\/www.sidwaya.info\/carrefour\/?p=2849"},"modified":"2025-09-25T22:40:18","modified_gmt":"2025-09-25T22:40:18","slug":"initiatives-presidentielles-au-burkina-pour-un-developpement-endogene-durable","status":"publish","type":"post","link":"https:\/\/www.sidwaya.info\/carrefour\/2025\/09\/25\/initiatives-presidentielles-au-burkina-pour-un-developpement-endogene-durable\/","title":{"rendered":"Initiatives pr\u00e9sidentielles au Burkina: pour un d\u00e9veloppement endog\u00e8ne durable"},"content":{"rendered":"<p><strong>Pour le d\u00e9veloppement endog\u00e8ne du Burkina Faso, sous l\u2019impulsion du Pr\u00e9sident du Faso, le capitaine Ibrahim Traor\u00e9, des programmes sont lanc\u00e9s dans plusieurs secteurs : agriculture, \u00e9ducation, sant\u00e9, infrastructures routi\u00e8res &#8230; Ces initiatives pr\u00e9sidentielles pilot\u00e9es par le Bureau national des Grands projets du Burkina (BN-GPB) ont une dur\u00e9e de mise en \u0153uvre de 5 ans.<\/strong><\/p>\n<p>Les Initiatives pr\u00e9sidentielles viennent en appui aux politiques sectorielles des d\u00e9partements minist\u00e9riels et des collectivit\u00e9s territoriales en mati\u00e8re de d\u00e9veloppement \u00e9conomique et social. Il s\u2019agit de l\u2019Initiative pr\u00e9sidentielle pour la production agricole et l\u2019autosuffisance alimentaire (IP-P3A), de l\u2019Initiative pr\u00e9sidentielle Faso M\u00eabo, de l\u2019Initiative pr\u00e9sidentielle pour une \u00e9ducation de qualit\u00e9 pour tous (IPEQ), de l\u2019Initiative pr\u00e9sidentielle pour la sant\u00e9 (IPS), de l\u2019Initiative pr\u00e9sidentielle pour le d\u00e9veloppement communautaire (IPDC) et de l\u2019Initiative pr\u00e9sidentielle pour la rel\u00e8ve de l\u2019\u00e9lite sportive (IP-RELIS).<\/p>\n<p>Ces ambitieux programmes quinquennaux sont conduits par le Bureau national des Grands projets du Burkina (BN-GPB). L\u2019agriculture occupe une place pr\u00e9pond\u00e9rante dans<\/p>\n<p>l\u2019\u00e9conomie du Burkina Faso. C\u2019est pourquoi, un programme, \u00e0 savoir l\u2019IP-P3A, lui est consacr\u00e9. Il a \u00e9t\u00e9 adopt\u00e9 en Conseil des ministres du 24 juillet 2024. Sa mise en \u0153uvre a d\u00e9j\u00e0 permis d\u2019engranger des r\u00e9sultats.<\/p>\n<p>En effet, son coordonnateur national, Abdourasmane K. Konat\u00e9, a assist\u00e9, le samedi 28 juin 2025, \u00e0 la premi\u00e8re r\u00e9colte de la banane plantain produit dans le pays. C\u2019\u00e9tait dans les champs \u00e0 Diarradougou dans la province du Houet (r\u00e9gion du Guiriko). Plus de 70 000 rejets ont \u00e9t\u00e9 mis \u00e0 la disposition des producteurs qui ont \u00e9galement b\u00e9n\u00e9fici\u00e9 d\u2019un renforcement de capacit\u00e9s et d\u2019un accompagnement en intrants et en \u00e9quipements hydro-agricoles.<\/p>\n<p>Toujours dans le cadre de ce programme, la formation des jeunes en mati\u00e8re agricole est un levier important. Dans cette optique, environ 8 000 jeunes b\u00e9n\u00e9ficient d\u2019une formation en agriculture intensive.<br \/>\nLe ministre de l\u2019Agriculture, des Ressources animales et halieutiques, Isma\u00ebl Sombi\u00e9, a jug\u00e9 le bilan de la campagne agricole 2024-2025 satisfaisant. En effet, \u00e0 l\u2019entendre, l\u2019Initiative pr\u00e9sidentielle pour la production agricole et l\u2019autosuffisance alimentaire et l\u2019offensive agropastorale et halieutique 2023-2025 ont boost\u00e9 les productions.<\/p>\n<p>La campagne a \u00e9t\u00e9 marqu\u00e9e par une pluviom\u00e9trie normale exc\u00e9dentaire sur certaines parties du territoire. Celle-ci varie entre 491 mm et 1 700 mm d\u2019eau. Ce qui a permis d\u2019avoir une production importante. Le ministre a indiqu\u00e9 qu\u2019un changement de paradigme<\/p>\n<figure id=\"attachment_2854\" aria-describedby=\"caption-attachment-2854\" style=\"width: 300px\" class=\"wp-caption alignleft\"><img data-recalc-dims=\"1\" loading=\"lazy\" decoding=\"async\" data-attachment-id=\"2854\" data-permalink=\"https:\/\/www.sidwaya.info\/carrefour\/2025\/09\/25\/initiatives-presidentielles-au-burkina-pour-un-developpement-endogene-durable\/4-52\/\" data-orig-file=\"https:\/\/i0.wp.com\/www.sidwaya.info\/carrefour\/wp-content\/uploads\/sites\/8\/2025\/09\/4-3.jpg?fit=1240%2C799&amp;ssl=1\" data-orig-size=\"1240,799\" data-comments-opened=\"1\" data-image-meta=\"{&quot;aperture&quot;:&quot;0&quot;,&quot;credit&quot;:&quot;COOPTAIWAN&quot;,&quot;camera&quot;:&quot;&quot;,&quot;caption&quot;:&quot;&quot;,&quot;created_timestamp&quot;:&quot;1749652128&quot;,&quot;copyright&quot;:&quot;&quot;,&quot;focal_length&quot;:&quot;0&quot;,&quot;iso&quot;:&quot;0&quot;,&quot;shutter_speed&quot;:&quot;0&quot;,&quot;title&quot;:&quot;&quot;,&quot;orientation&quot;:&quot;1&quot;}\" data-image-title=\"4\" data-image-description=\"\" data-image-caption=\"&lt;p&gt;Le Premier ministre, Jean Emmanuel Ou\u00e9draogo, est en train de poser des pav\u00e9s \u00e0 Ouagadougou dans le cadre de Faso M\u00eabo. &lt;\/p&gt;\n\" data-medium-file=\"https:\/\/i0.wp.com\/www.sidwaya.info\/carrefour\/wp-content\/uploads\/sites\/8\/2025\/09\/4-3.jpg?fit=300%2C193&amp;ssl=1\" data-large-file=\"https:\/\/i0.wp.com\/www.sidwaya.info\/carrefour\/wp-content\/uploads\/sites\/8\/2025\/09\/4-3.jpg?fit=696%2C449&amp;ssl=1\" class=\"size-medium wp-image-2854\" src=\"https:\/\/i0.wp.com\/www.sidwaya.info\/carrefour\/wp-content\/uploads\/sites\/8\/2025\/09\/4-3-300x193.jpg?resize=300%2C193&#038;ssl=1\" alt=\"\" width=\"300\" height=\"193\" srcset=\"https:\/\/i0.wp.com\/www.sidwaya.info\/carrefour\/wp-content\/uploads\/sites\/8\/2025\/09\/4-3.jpg?resize=300%2C193&amp;ssl=1 300w, https:\/\/i0.wp.com\/www.sidwaya.info\/carrefour\/wp-content\/uploads\/sites\/8\/2025\/09\/4-3.jpg?resize=1024%2C660&amp;ssl=1 1024w, https:\/\/i0.wp.com\/www.sidwaya.info\/carrefour\/wp-content\/uploads\/sites\/8\/2025\/09\/4-3.jpg?resize=768%2C495&amp;ssl=1 768w, https:\/\/i0.wp.com\/www.sidwaya.info\/carrefour\/wp-content\/uploads\/sites\/8\/2025\/09\/4-3.jpg?resize=652%2C420&amp;ssl=1 652w, https:\/\/i0.wp.com\/www.sidwaya.info\/carrefour\/wp-content\/uploads\/sites\/8\/2025\/09\/4-3.jpg?resize=150%2C97&amp;ssl=1 150w, https:\/\/i0.wp.com\/www.sidwaya.info\/carrefour\/wp-content\/uploads\/sites\/8\/2025\/09\/4-3.jpg?resize=696%2C448&amp;ssl=1 696w, https:\/\/i0.wp.com\/www.sidwaya.info\/carrefour\/wp-content\/uploads\/sites\/8\/2025\/09\/4-3.jpg?resize=1068%2C688&amp;ssl=1 1068w, https:\/\/i0.wp.com\/www.sidwaya.info\/carrefour\/wp-content\/uploads\/sites\/8\/2025\/09\/4-3.jpg?w=1240&amp;ssl=1 1240w\" sizes=\"auto, (max-width: 300px) 100vw, 300px\" \/><figcaption id=\"caption-attachment-2854\" class=\"wp-caption-text\">Le Premier ministre, Jean Emmanuel Ou\u00e9draogo, est en train de poser des pav\u00e9s \u00e0 Ouagadougou dans le cadre de Faso M\u00eabo.<\/figcaption><\/figure>\n<p>au niveau des diff\u00e9rents acteurs, surtout au niveau des producteurs qui ont compris la vision du pr\u00e9sident et qui se sont s\u2019engag\u00e9s, a \u00e9t\u00e9 un avantage. Ceux-ci ont emblav\u00e9 de nouvelles superficies cultivables, ont suivi les conseils de l\u2019encadrement technique pour atteindre les r\u00e9sultats optimums.<\/p>\n<p>Les acteurs du minist\u00e8re ont \u00e9galement contribu\u00e9 \u00e0 l\u2019atteinte de ces r\u00e9sultats. Avec l\u2019octroi des moyens mobiles aux producteurs, des brigades de m\u00e9canisation agricole ont \u00e9t\u00e9 mises en place dans chaque commune pour faire des labours gratuits. Selon le ministre en charge de l\u2019agriculture, l\u2019ensemble de ces facteurs a permis d\u2019avoir, pour cette campagne agricole humide, des r\u00e9sultats in\u00e9dits.<\/p>\n<p>\u00ab La campagne est exc\u00e9dentaire avec un accroissement de 900 mille tonnes de c\u00e9r\u00e9ales par rapport \u00e0 la campagne derni\u00e8re. En 2023, la campagne \u00e9tait de 5 147 000 tonnes de c\u00e9r\u00e9ales. Cette ann\u00e9e, elle est estim\u00e9e \u00e0 6 077 000 tonnes de c\u00e9r\u00e9ales. Soit un accroissement de 18, 07% et de 21,4% par rapport \u00e0 la moyenne des campagnes des cinq derni\u00e8res ann\u00e9es \u00bb, affirme-t-il.<\/p>\n<p>Pour le riz, le taux d\u2019accroissement est de 33% (675 000 tonnes) par rapport \u00e0 la quantit\u00e9 de riz produite en 2023 (500 000 tonnes). La production en ma\u00efs est pass\u00e9e de plus de 1 900 000 tonnes en 2023 \u00e0 2 377 000 tonnes en 2024. Soit un accroissement de plus de 300 000 tonnes. Cette production couvre enti\u00e8rement les besoins de consommation aussi bien pour les populations que pour les animaux, fait savoir le ministre. Les autres cultures vivri\u00e8res ont connu un accroissement \u00e0 16,46%.<\/p>\n<p>C\u2019est le cas de l\u2019igname et de la patate douce. Il est \u00e0 environ 34,49% pour la moyenne des cultures des cinq derni\u00e8res ann\u00e9es. Quant aux cultures de rente, elles ont donn\u00e9 autour de 1 981 797 tonnes, soit une hausse de 11, 17 %. Pour la moyenne des cinq derni\u00e8res ann\u00e9es, elle est de 21,14 %. Le bilan est positif pour l\u2019ensemble des r\u00e9gions. Toutefois, quatre sont d\u00e9ficitaires, une r\u00e9gion en \u00e9quilibre et huit sont exc\u00e9dentaires.<\/p>\n<h3>L\u2019Initiative pr\u00e9sidentielle Faso M\u00eabo<\/h3>\n<p>Faso M\u00eabo vise \u00e0 acc\u00e9l\u00e9rer le d\u00e9senclavement des villes et des campagnes par la construction de routes et le d\u00e9veloppement de l\u2019urbanisme durable. C\u2019est l\u2019initiative qui fait l\u2019objet de beaucoup d\u2019engouement pour les Burkinab\u00e8. Hommes et femmes, jeunes et vieux \u00ab rivalisent \u00bb de g\u00e9n\u00e9rosit\u00e9 dans les dons en nature et en esp\u00e8ce pour l\u2019ex\u00e9cution de ce programme. On n\u2019h\u00e9site pas \u00e0 mettre la main \u00e0 la p\u00e2te pour aider \u00e0 la confection, au ramassage ou \u00e0 la pose de pav\u00e9s.<\/p>\n<figure id=\"attachment_2852\" aria-describedby=\"caption-attachment-2852\" style=\"width: 300px\" class=\"wp-caption alignright\"><img data-recalc-dims=\"1\" loading=\"lazy\" decoding=\"async\" data-attachment-id=\"2852\" data-permalink=\"https:\/\/www.sidwaya.info\/carrefour\/2025\/09\/25\/initiatives-presidentielles-au-burkina-pour-un-developpement-endogene-durable\/2-66\/\" data-orig-file=\"https:\/\/i0.wp.com\/www.sidwaya.info\/carrefour\/wp-content\/uploads\/sites\/8\/2025\/09\/2-3.jpg?fit=1240%2C560&amp;ssl=1\" data-orig-size=\"1240,560\" data-comments-opened=\"1\" data-image-meta=\"{&quot;aperture&quot;:&quot;0&quot;,&quot;credit&quot;:&quot;COOPTAIWAN&quot;,&quot;camera&quot;:&quot;&quot;,&quot;caption&quot;:&quot;&quot;,&quot;created_timestamp&quot;:&quot;1754999605&quot;,&quot;copyright&quot;:&quot;&quot;,&quot;focal_length&quot;:&quot;0&quot;,&quot;iso&quot;:&quot;0&quot;,&quot;shutter_speed&quot;:&quot;0&quot;,&quot;title&quot;:&quot;&quot;,&quot;orientation&quot;:&quot;1&quot;}\" data-image-title=\"2\" data-image-description=\"\" data-image-caption=\"&lt;p&gt;De la banane plantain produite au Burkina Faso.&lt;\/p&gt;\n\" data-medium-file=\"https:\/\/i0.wp.com\/www.sidwaya.info\/carrefour\/wp-content\/uploads\/sites\/8\/2025\/09\/2-3.jpg?fit=300%2C135&amp;ssl=1\" data-large-file=\"https:\/\/i0.wp.com\/www.sidwaya.info\/carrefour\/wp-content\/uploads\/sites\/8\/2025\/09\/2-3.jpg?fit=696%2C314&amp;ssl=1\" class=\"size-medium wp-image-2852\" src=\"https:\/\/i0.wp.com\/www.sidwaya.info\/carrefour\/wp-content\/uploads\/sites\/8\/2025\/09\/2-3-300x135.jpg?resize=300%2C135&#038;ssl=1\" alt=\"\" width=\"300\" height=\"135\" srcset=\"https:\/\/i0.wp.com\/www.sidwaya.info\/carrefour\/wp-content\/uploads\/sites\/8\/2025\/09\/2-3.jpg?resize=300%2C135&amp;ssl=1 300w, https:\/\/i0.wp.com\/www.sidwaya.info\/carrefour\/wp-content\/uploads\/sites\/8\/2025\/09\/2-3.jpg?resize=1024%2C462&amp;ssl=1 1024w, https:\/\/i0.wp.com\/www.sidwaya.info\/carrefour\/wp-content\/uploads\/sites\/8\/2025\/09\/2-3.jpg?resize=768%2C347&amp;ssl=1 768w, https:\/\/i0.wp.com\/www.sidwaya.info\/carrefour\/wp-content\/uploads\/sites\/8\/2025\/09\/2-3.jpg?resize=930%2C420&amp;ssl=1 930w, https:\/\/i0.wp.com\/www.sidwaya.info\/carrefour\/wp-content\/uploads\/sites\/8\/2025\/09\/2-3.jpg?resize=150%2C68&amp;ssl=1 150w, https:\/\/i0.wp.com\/www.sidwaya.info\/carrefour\/wp-content\/uploads\/sites\/8\/2025\/09\/2-3.jpg?resize=696%2C314&amp;ssl=1 696w, https:\/\/i0.wp.com\/www.sidwaya.info\/carrefour\/wp-content\/uploads\/sites\/8\/2025\/09\/2-3.jpg?resize=1068%2C482&amp;ssl=1 1068w, https:\/\/i0.wp.com\/www.sidwaya.info\/carrefour\/wp-content\/uploads\/sites\/8\/2025\/09\/2-3.jpg?w=1240&amp;ssl=1 1240w\" sizes=\"auto, (max-width: 300px) 100vw, 300px\" \/><figcaption id=\"caption-attachment-2852\" class=\"wp-caption-text\">De la banane plantain produite au Burkina Faso.<\/figcaption><\/figure>\n<p>C\u2019est le Conseil des ministres du 16 octobre 2024 qui a adopt\u00e9 un d\u00e9cret portant lancement de l\u2019Initiative pr\u00e9sidentielle \u00abFaso M\u00eabo\u00bb. Le ministre d\u2019Etat en son temps, Rimtalba Jean Emmanuel Ou\u00e9draogo, indiquait que cette initiative d\u00e9note de la volont\u00e9 du chef de l\u2019Etat d\u2019apporter des r\u00e9ponses appropri\u00e9es aux pr\u00e9occupations et aux d\u00e9fis des citoyens burkinab\u00e8. Elle est structur\u00e9e autour de deux composantes. \u00ab La premi\u00e8re concerne la construction d\u2019infrastructures routi\u00e8res par des brigades de la route \u00e0 des co\u00fbts moins \u00e9lev\u00e9s.<\/p>\n<p>La deuxi\u00e8me fait r\u00e9f\u00e9rence \u00e0 l\u2019am\u00e9nagement et \u00e0 l\u2019embellissement urbain \u00e0 travers la construction de logements d\u00e9cents, l\u2019assainissement et la cr\u00e9ation d\u2019espaces publics verts \u00bb, explique le ministre d\u2019Etat. Le 27 mars 2025, la structure a re\u00e7u du chef de l\u2019Etat, le capitaine Ibrahim Traor\u00e9, un premier lot de mat\u00e9riel. Ce lot est compos\u00e9 de v\u00e9hicules Pick-up, de machines recycleuses, de bulldozers, de pelles, de b\u00e9tonni\u00e8res, de camions, de porte-chars, des projecteurs mobiles, etc.<\/p>\n<p>\u00ab C\u2019est le processus de r\u00e9volution de nos infrastructures qui a commenc\u00e9. C\u2019est ce qui a amen\u00e9 la cr\u00e9ation de l\u2019Initiative pr\u00e9sidentielle Faso M\u00eabo. Si dans des petits pays qui n\u2019ont pas de ressources, ils ont des routes d\u00e9partementales qui sont bitum\u00e9es, il n\u2019y a pas de raison qu\u2019au Burkina Faso, nous ne puissions pas bitumer nos voies pour rallier nos diff\u00e9rentes localit\u00e9s \u00bb, indique le chef de l\u2019Etat.<\/p>\n<p>Selon lui, la reconqu\u00eate du territoire, engag\u00e9e par les forces combattantes, requiert un r\u00e9seau routier en bon \u00e9tat. L\u2019objectif \u00e9tant de pouvoir bitumer, chaque ann\u00e9e, entre 3 000<br \/>\net 5 000 km de routes au Burkina Faso, selon le coordonnateur national de l\u2019Initiative pr\u00e9sidentielle Faso M\u00eabo,le commandant Zoodnoma Ahmed Sakand\u00e9. Pour lui, l\u2019engagement communautaire est partout effectif. Les mat\u00e9riels sont des dons et la main-d\u2019\u0153uvre est essentiellement compos\u00e9e de volontaires et de travailleurs d\u2019int\u00e9r\u00eat commun.<\/p>\n<p>Les accotements et terre-pleins centraux des principales art\u00e8res sont rev\u00eatus de pav\u00e9s.Cette dynamique visible pour l\u2019instant dans la seule ville de Ouagadougou est appel\u00e9e \u00e0 s\u2019\u00e9tendre dans tout le pays. Le 31 mai 2025, une d\u00e9l\u00e9gation du gouvernement, dirig\u00e9e par le Premier ministre, Rimtalba Jean Emmanuel Ou\u00e9draogo, s\u2019est rendue au quartier g\u00e9n\u00e9ral de Faso M\u00eabo \u00e0 Ouagadougou. Ils ont encourag\u00e9 les premiers responsables de Faso M\u00eabo et les volontaires qui y travaillent.<\/p>\n<p>Ils ont cotis\u00e9 pour faire don de 150 tonnes de ciment. Apr\u00e8s le site de fabrication des pav\u00e9s, ils se sont rendus sur l\u2019Avenue du Burkina pour la pose de pav\u00e9s. \u00ab Faso M\u00eabo, c\u2019est un appel lanc\u00e9 \u00e0 chaque citoyen du Burkina Faso. Il faut que tous, nous nous levions et que chacun apporte sa pierre \u00e0 la construction du pays. La r\u00e9volution populaire et progressiste que nous pr\u00f4nons passe par des actions concr\u00e8tes.<\/p>\n<figure id=\"attachment_2853\" aria-describedby=\"caption-attachment-2853\" style=\"width: 300px\" class=\"wp-caption alignleft\"><img data-recalc-dims=\"1\" loading=\"lazy\" decoding=\"async\" data-attachment-id=\"2853\" data-permalink=\"https:\/\/www.sidwaya.info\/carrefour\/2025\/09\/25\/initiatives-presidentielles-au-burkina-pour-un-developpement-endogene-durable\/3-62\/\" data-orig-file=\"https:\/\/i0.wp.com\/www.sidwaya.info\/carrefour\/wp-content\/uploads\/sites\/8\/2025\/09\/3-3.jpg?fit=1240%2C561&amp;ssl=1\" data-orig-size=\"1240,561\" data-comments-opened=\"1\" data-image-meta=\"{&quot;aperture&quot;:&quot;0&quot;,&quot;credit&quot;:&quot;COOPTAIWAN&quot;,&quot;camera&quot;:&quot;&quot;,&quot;caption&quot;:&quot;&quot;,&quot;created_timestamp&quot;:&quot;1755631875&quot;,&quot;copyright&quot;:&quot;&quot;,&quot;focal_length&quot;:&quot;0&quot;,&quot;iso&quot;:&quot;0&quot;,&quot;shutter_speed&quot;:&quot;0&quot;,&quot;title&quot;:&quot;&quot;,&quot;orientation&quot;:&quot;1&quot;}\" data-image-title=\"3\" data-image-description=\"\" data-image-caption=\"&lt;p&gt;Le ministre de l\u2019Agriculture, des Ressources animales et halieutiques, Isma\u00ebl Sombi\u00e9, en visite dans un champ de riz.&lt;\/p&gt;\n\" data-medium-file=\"https:\/\/i0.wp.com\/www.sidwaya.info\/carrefour\/wp-content\/uploads\/sites\/8\/2025\/09\/3-3.jpg?fit=300%2C136&amp;ssl=1\" data-large-file=\"https:\/\/i0.wp.com\/www.sidwaya.info\/carrefour\/wp-content\/uploads\/sites\/8\/2025\/09\/3-3.jpg?fit=696%2C315&amp;ssl=1\" class=\"size-medium wp-image-2853\" src=\"https:\/\/i0.wp.com\/www.sidwaya.info\/carrefour\/wp-content\/uploads\/sites\/8\/2025\/09\/3-3-300x136.jpg?resize=300%2C136&#038;ssl=1\" alt=\"\" width=\"300\" height=\"136\" srcset=\"https:\/\/i0.wp.com\/www.sidwaya.info\/carrefour\/wp-content\/uploads\/sites\/8\/2025\/09\/3-3.jpg?resize=300%2C136&amp;ssl=1 300w, https:\/\/i0.wp.com\/www.sidwaya.info\/carrefour\/wp-content\/uploads\/sites\/8\/2025\/09\/3-3.jpg?resize=1024%2C463&amp;ssl=1 1024w, https:\/\/i0.wp.com\/www.sidwaya.info\/carrefour\/wp-content\/uploads\/sites\/8\/2025\/09\/3-3.jpg?resize=768%2C347&amp;ssl=1 768w, https:\/\/i0.wp.com\/www.sidwaya.info\/carrefour\/wp-content\/uploads\/sites\/8\/2025\/09\/3-3.jpg?resize=928%2C420&amp;ssl=1 928w, https:\/\/i0.wp.com\/www.sidwaya.info\/carrefour\/wp-content\/uploads\/sites\/8\/2025\/09\/3-3.jpg?resize=150%2C68&amp;ssl=1 150w, https:\/\/i0.wp.com\/www.sidwaya.info\/carrefour\/wp-content\/uploads\/sites\/8\/2025\/09\/3-3.jpg?resize=696%2C315&amp;ssl=1 696w, https:\/\/i0.wp.com\/www.sidwaya.info\/carrefour\/wp-content\/uploads\/sites\/8\/2025\/09\/3-3.jpg?resize=1068%2C483&amp;ssl=1 1068w, https:\/\/i0.wp.com\/www.sidwaya.info\/carrefour\/wp-content\/uploads\/sites\/8\/2025\/09\/3-3.jpg?w=1240&amp;ssl=1 1240w\" sizes=\"auto, (max-width: 300px) 100vw, 300px\" \/><figcaption id=\"caption-attachment-2853\" class=\"wp-caption-text\">Le ministre de l\u2019Agriculture, des Ressources animales et halieutiques, Isma\u00ebl Sombi\u00e9, en visite dans un champ de riz.<\/figcaption><\/figure>\n<p>Nous devons \u00eatre des acteurs et non de simples t\u00e9moins passifs \u00bb, d\u00e9clare le chef du gouvernement. Un fait a marqu\u00e9 les esprits. C\u2019est le don \u00e0 Faso M\u00eabo d\u2019un sac de ciment par Tinguilga Naba, un septuag\u00e9naire de la commune de Sapon\u00e9. Le secteur de l\u2019\u00e9ducation n\u2019est pas en reste. D\u2019o\u00f9 l\u2019Initiative pr\u00e9sidentielle pour une \u00e9ducation de qualit\u00e9 pour tous (IPEQ). Elle a \u00e9t\u00e9 cr\u00e9\u00e9e par un d\u00e9cret adopt\u00e9 en Conseil des ministres du 20 juin 2024. Elle a l\u2019ambition d\u2019offrir aux Burkinab\u00e8 une \u00e9ducation innovante, d\u00e9barrass\u00e9e des insuffisances de tous ordres. Sa mise en \u0153uvre repose sur sept principales composantes.<\/p>\n<p>Ce sont, la construction, la s\u00e9curisation, la normalisation et la modernisation des infrastructures \u00e9ducatives ; la cr\u00e9ation d\u2019une universit\u00e9 polytechnique; la r\u00e9forme des structures de gestion de l\u2019\u00e9cole et la dynamisation de la participation des acteurs de l\u2019\u00e9ducation; la dynamisation des cadres d\u2019apprentissage et de formation continue des enseignants; l\u2019assainissement et l\u2019encadrement de la d\u00e9livrance des dipl\u00f4mes; la dynamisation de l\u2019enseignement professionnel et technique; l\u2019organisation de la discipline scolaire et de la propret\u00e9 des \u00e9tablissements.<\/p>\n<p>A terme, l\u2019IPEQ permettra de changer la forme habituelle des \u00e9coles par la construction des \u00e9difices \u00e0 niveau regroupant plusieurs ordres d\u2019enseignements afin de faciliter l\u2019enseignement civique et patriotique. Il s\u2019agit aussi de mettre les universit\u00e9s<br \/>\naux normes par la construction d\u2019amphith\u00e9\u00e2tres, de biblioth\u00e8ques et de restaurants universitaires. Sans oublier la valorisation de la recherche scientifique. C\u2019est ainsi que le 2 janvier 2025, le coup d\u2019envoi des travaux de construction de 40 amphith\u00e9\u00e2tres au sein des universit\u00e9s et centres universitaires du Burkina Faso a \u00e9t\u00e9 donn\u00e9 par le directeur de cabinet, repr\u00e9sentant le pr\u00e9sident du Faso, Martha C\u00e9leste Anderson M\u00e9dah, \u00e0 l\u2019universit\u00e9 Thomas-Sankara.<\/p>\n<h3>L\u2019Initiative pr\u00e9sidentielle pour la sant\u00e9<\/h3>\n<p style=\"text-align: left\">En ces lieux, il est pr\u00e9vu la r\u00e9alisation d\u2019un amphith\u00e9\u00e2tre de 1 000 places, de 12 laboratoires, de 15 salles de travaux dirig\u00e9s, de deux salles modulables d\u2019une capacit\u00e9 de 200 places, de 20 bureaux pour enseignants, d\u2019une salle de vid\u00e9osurveillance&#8230; Des innovations sont \u00e0 noter. Les personnes \u00e0 mobilit\u00e9 r\u00e9duite sont prises en compte \u00e0 travers la r\u00e9alisation d\u2019un ascenseur et de rames d\u2019acc\u00e8s. Le secteur de la sant\u00e9 est aussi pris en compte dans ces nouveaux programmes.<\/p>\n<p style=\"text-align: left\">Adopt\u00e9 en Conseil des ministres, le 3 juillet 2024, l\u2019IPS vise \u00e0 r\u00e9former le syst\u00e8me de sant\u00e9 \u00e0 travers l\u2019am\u00e9lioration de l\u2019offre de sant\u00e9 et de l\u2019accessibilit\u00e9 des Burkinab\u00e8 aux soins de sant\u00e9, l\u2019am\u00e9lioration du cadre de travail du personnel. Elle est mise en \u0153uvre \u00e0 travers quatre composantes dont la construction et l\u2019\u00e9quipement de 55 centres m\u00e9dicaux communaux, la construction de 5 services de r\u00e9animation, la construction d\u2019un Institut du c\u0153ur, d\u2019anesth\u00e9sie-r\u00e9animation dans des h\u00f4pitaux et le diagnostic mol\u00e9culaire du cancer du sein.<\/p>\n<figure id=\"attachment_2855\" aria-describedby=\"caption-attachment-2855\" style=\"width: 300px\" class=\"wp-caption alignright\"><img data-recalc-dims=\"1\" loading=\"lazy\" decoding=\"async\" data-attachment-id=\"2855\" data-permalink=\"https:\/\/www.sidwaya.info\/carrefour\/2025\/09\/25\/initiatives-presidentielles-au-burkina-pour-un-developpement-endogene-durable\/5-38\/\" data-orig-file=\"https:\/\/i0.wp.com\/www.sidwaya.info\/carrefour\/wp-content\/uploads\/sites\/8\/2025\/09\/5-3.jpg?fit=1240%2C824&amp;ssl=1\" data-orig-size=\"1240,824\" data-comments-opened=\"1\" data-image-meta=\"{&quot;aperture&quot;:&quot;0&quot;,&quot;credit&quot;:&quot;COOPTAIWAN&quot;,&quot;camera&quot;:&quot;&quot;,&quot;caption&quot;:&quot;&quot;,&quot;created_timestamp&quot;:&quot;1755094581&quot;,&quot;copyright&quot;:&quot;&quot;,&quot;focal_length&quot;:&quot;0&quot;,&quot;iso&quot;:&quot;0&quot;,&quot;shutter_speed&quot;:&quot;0&quot;,&quot;title&quot;:&quot;&quot;,&quot;orientation&quot;:&quot;1&quot;}\" data-image-title=\"5\" data-image-description=\"\" data-image-caption=\"&lt;p&gt;Le directeur de cabinet, repr\u00e9sentant le pr\u00e9sident du Faso, C\u00e9leste Anderson M\u00e9dah, donne le coup d\u2019envoi des travaux de construction d\u2019amphith\u00e9\u00e2tres \u00e0 l\u2019universit\u00e9 Thomas-Sankara.&lt;\/p&gt;\n\" data-medium-file=\"https:\/\/i0.wp.com\/www.sidwaya.info\/carrefour\/wp-content\/uploads\/sites\/8\/2025\/09\/5-3.jpg?fit=300%2C199&amp;ssl=1\" data-large-file=\"https:\/\/i0.wp.com\/www.sidwaya.info\/carrefour\/wp-content\/uploads\/sites\/8\/2025\/09\/5-3.jpg?fit=696%2C462&amp;ssl=1\" class=\"size-medium wp-image-2855\" src=\"https:\/\/i0.wp.com\/www.sidwaya.info\/carrefour\/wp-content\/uploads\/sites\/8\/2025\/09\/5-3-300x199.jpg?resize=300%2C199&#038;ssl=1\" alt=\"\" width=\"300\" height=\"199\" srcset=\"https:\/\/i0.wp.com\/www.sidwaya.info\/carrefour\/wp-content\/uploads\/sites\/8\/2025\/09\/5-3.jpg?resize=300%2C199&amp;ssl=1 300w, https:\/\/i0.wp.com\/www.sidwaya.info\/carrefour\/wp-content\/uploads\/sites\/8\/2025\/09\/5-3.jpg?resize=1024%2C680&amp;ssl=1 1024w, https:\/\/i0.wp.com\/www.sidwaya.info\/carrefour\/wp-content\/uploads\/sites\/8\/2025\/09\/5-3.jpg?resize=768%2C510&amp;ssl=1 768w, https:\/\/i0.wp.com\/www.sidwaya.info\/carrefour\/wp-content\/uploads\/sites\/8\/2025\/09\/5-3.jpg?resize=632%2C420&amp;ssl=1 632w, https:\/\/i0.wp.com\/www.sidwaya.info\/carrefour\/wp-content\/uploads\/sites\/8\/2025\/09\/5-3.jpg?resize=150%2C100&amp;ssl=1 150w, https:\/\/i0.wp.com\/www.sidwaya.info\/carrefour\/wp-content\/uploads\/sites\/8\/2025\/09\/5-3.jpg?resize=696%2C463&amp;ssl=1 696w, https:\/\/i0.wp.com\/www.sidwaya.info\/carrefour\/wp-content\/uploads\/sites\/8\/2025\/09\/5-3.jpg?resize=1068%2C710&amp;ssl=1 1068w, https:\/\/i0.wp.com\/www.sidwaya.info\/carrefour\/wp-content\/uploads\/sites\/8\/2025\/09\/5-3.jpg?w=1240&amp;ssl=1 1240w\" sizes=\"auto, (max-width: 300px) 100vw, 300px\" \/><figcaption id=\"caption-attachment-2855\" class=\"wp-caption-text\">Le directeur de cabinet, repr\u00e9sentant le pr\u00e9sident du Faso, C\u00e9leste Anderson M\u00e9dah, donne le coup d\u2019envoi des travaux de construction d\u2019amphith\u00e9\u00e2tres \u00e0 l\u2019universit\u00e9 Thomas-Sankara.<\/figcaption><\/figure>\n<p style=\"text-align: left\">Les r\u00e9alisations doivent se faire sur les cinq prochaines ann\u00e9es et sur toute l\u2019\u00e9tendue du territoire national. Le 31 janviers 2025, a eu lieu le lancement des travaux de construction des centres m\u00e9dicaux communaux. C\u2019\u00e9tait \u00e0 B\u00e9r\u00e9gadougou, commune situ\u00e9e \u00e0 une quinzaine de kilom\u00e8tres de Banfora (r\u00e9gion des Tannounyan). Le capitaine Martha C\u00e9leste Anderson M\u00e9dah pr\u00e9cise que pour l\u2019ann\u00e9e 2025, une vingtaine de centres m\u00e9dicaux communaux, deux unit\u00e9s d\u2019h\u00e9modialyse, cinq blocs de r\u00e9animation et un institut du c\u0153ur seront r\u00e9alis\u00e9s, ainsi que la mise \u00e0 disposition de produits innovants pour permettre le diagnostic mol\u00e9culaire du cancer du sein.<\/p>\n<p style=\"text-align: left\">\u00ab L\u2019objectif est d\u2019am\u00e9liorer l\u2019offre et la qualit\u00e9 des soins de sant\u00e9, en modernisant les infrastructures sanitaires et en rapprochant les services des populations \u00bb, selon le coordonnateur national de l\u2019IPS, Drissa Traor\u00e9. La construction d\u2019une unit\u00e9 d\u2019h\u00e9modialyse dans les diff\u00e9rentes r\u00e9gions qui n\u2019en disposent pas, serait, selon M. Traor\u00e9, la cinqui\u00e8me composante en r\u00e9flexion. Le sport, facteur de coh\u00e9sion sociale, va connaitre \u00e9galement des r\u00e9formes. Elles figurent dans l\u2019Initiative pr\u00e9sidentielle pour la rel\u00e8ve de l\u2019\u00e9lite sportive (IP-RELIS). En effet, c\u2019est un programme ambitieux et strat\u00e9gique qui doit couvrir l\u2019ensemble des 13 r\u00e9gions afin de doter le Burkina Faso d\u2019infrastructures sportives modernes, accessibles et durables.<\/p>\n<p style=\"text-align: left\">L\u2019IP-RELIS s\u2019articule autour de deux composantes principales. La premi\u00e8re porte sur la construction et la r\u00e9novation d\u2019infrastructures sportives modernes. Il est pr\u00e9vu la cr\u00e9ation d\u2019acad\u00e9mies sportives dans chaque r\u00e9gion, avec des complexes multisports comprenant terrains, vestiaires, infirmeries, biblioth\u00e8ques et espaces pour enfants. Il est aussi pr\u00e9vu la cr\u00e9ation des centres de formation sportive dans les provinces pour d\u00e9tecter et encadrer les jeunes talents.<\/p>\n<figure id=\"attachment_2856\" aria-describedby=\"caption-attachment-2856\" style=\"width: 300px\" class=\"wp-caption alignleft\"><img data-recalc-dims=\"1\" loading=\"lazy\" decoding=\"async\" data-attachment-id=\"2856\" data-permalink=\"https:\/\/www.sidwaya.info\/carrefour\/2025\/09\/25\/initiatives-presidentielles-au-burkina-pour-un-developpement-endogene-durable\/6-39\/\" data-orig-file=\"https:\/\/i0.wp.com\/www.sidwaya.info\/carrefour\/wp-content\/uploads\/sites\/8\/2025\/09\/6-3.jpg?fit=1240%2C1020&amp;ssl=1\" data-orig-size=\"1240,1020\" data-comments-opened=\"1\" data-image-meta=\"{&quot;aperture&quot;:&quot;0&quot;,&quot;credit&quot;:&quot;COOPTAIWAN&quot;,&quot;camera&quot;:&quot;&quot;,&quot;caption&quot;:&quot;&quot;,&quot;created_timestamp&quot;:&quot;1755001875&quot;,&quot;copyright&quot;:&quot;&quot;,&quot;focal_length&quot;:&quot;0&quot;,&quot;iso&quot;:&quot;0&quot;,&quot;shutter_speed&quot;:&quot;0&quot;,&quot;title&quot;:&quot;&quot;,&quot;orientation&quot;:&quot;1&quot;}\" data-image-title=\"6\" data-image-description=\"\" data-image-caption=\"&lt;p&gt;La formation des jeunes en mati\u00e8re agricole est un levier important dans le d\u00e9veloppement endog\u00e8ne du pays.&lt;\/p&gt;\n\" data-medium-file=\"https:\/\/i0.wp.com\/www.sidwaya.info\/carrefour\/wp-content\/uploads\/sites\/8\/2025\/09\/6-3.jpg?fit=300%2C247&amp;ssl=1\" data-large-file=\"https:\/\/i0.wp.com\/www.sidwaya.info\/carrefour\/wp-content\/uploads\/sites\/8\/2025\/09\/6-3.jpg?fit=696%2C572&amp;ssl=1\" class=\"size-medium wp-image-2856\" src=\"https:\/\/i0.wp.com\/www.sidwaya.info\/carrefour\/wp-content\/uploads\/sites\/8\/2025\/09\/6-3-300x247.jpg?resize=300%2C247&#038;ssl=1\" alt=\"\" width=\"300\" height=\"247\" srcset=\"https:\/\/i0.wp.com\/www.sidwaya.info\/carrefour\/wp-content\/uploads\/sites\/8\/2025\/09\/6-3.jpg?resize=300%2C247&amp;ssl=1 300w, https:\/\/i0.wp.com\/www.sidwaya.info\/carrefour\/wp-content\/uploads\/sites\/8\/2025\/09\/6-3.jpg?resize=1024%2C842&amp;ssl=1 1024w, https:\/\/i0.wp.com\/www.sidwaya.info\/carrefour\/wp-content\/uploads\/sites\/8\/2025\/09\/6-3.jpg?resize=768%2C632&amp;ssl=1 768w, https:\/\/i0.wp.com\/www.sidwaya.info\/carrefour\/wp-content\/uploads\/sites\/8\/2025\/09\/6-3.jpg?resize=511%2C420&amp;ssl=1 511w, https:\/\/i0.wp.com\/www.sidwaya.info\/carrefour\/wp-content\/uploads\/sites\/8\/2025\/09\/6-3.jpg?resize=150%2C123&amp;ssl=1 150w, https:\/\/i0.wp.com\/www.sidwaya.info\/carrefour\/wp-content\/uploads\/sites\/8\/2025\/09\/6-3.jpg?resize=696%2C573&amp;ssl=1 696w, https:\/\/i0.wp.com\/www.sidwaya.info\/carrefour\/wp-content\/uploads\/sites\/8\/2025\/09\/6-3.jpg?resize=1068%2C879&amp;ssl=1 1068w, https:\/\/i0.wp.com\/www.sidwaya.info\/carrefour\/wp-content\/uploads\/sites\/8\/2025\/09\/6-3.jpg?w=1240&amp;ssl=1 1240w\" sizes=\"auto, (max-width: 300px) 100vw, 300px\" \/><figcaption id=\"caption-attachment-2856\" class=\"wp-caption-text\">La formation des jeunes en mati\u00e8re agricole est un levier important dans le d\u00e9veloppement endog\u00e8ne du pays.<\/figcaption><\/figure>\n<p style=\"text-align: left\">Un stade olympique de 20 000 places \u00e0 Ouagadougou, deux stades de<br \/>\n15 000 places, dont un est d\u00e9j\u00e0 en construction \u00e0 Bobo-Dioulasso, quatre autres stades de 10 000 places sont, entre autres, des projets \u00e0 r\u00e9aliser. La r\u00e9novation d\u2019infrastructures existantes dont le palais des Sports de Ouaga 2000 est annonc\u00e9e. Le second volet est ax\u00e9 sur l\u2019\u00e9quipement et la gestion durable des infrastructures. Celui-ci envisage l\u2019acquisition d\u2019\u00e9quipements modernes pour les nouveaux sites, la mise en place de syst\u00e8mes de gestion et de maintenance durables et des actions de sensibilisation \u00e0 l\u2019utilisation responsable des infrastructures.<\/p>\n<p style=\"text-align: left\">Le ministre des Sports, de la Jeunesse et de l\u2019Emploi, Roland Somda, a proc\u00e9d\u00e9 le 8 mai 2025 \u00e0 Kaya, \u00e0 la pose de la premi\u00e8re pierre de l\u2019Acad\u00e9mie sportive de la r\u00e9gion des Kuils\u00e9. Cet acte symbolique marque le lancement officiel de la construction de 13 acad\u00e9mies sportives \u00e0 travers l\u2019ensemble du territoire national. Chaque acad\u00e9mie constituera un v\u00e9ritable p\u00f4le d\u2019excellence, dot\u00e9 d\u2019infrastructures de derni\u00e8re g\u00e9n\u00e9ration. L\u2019objectif est d\u2019offrir \u00e0 la jeunesse burkinab\u00e8 un cadre optimal pour l\u2019\u00e9closion, la formation et l\u2019accompagnement des talents sportifs.<\/p>\n<p style=\"text-align: left\">Ces infrastructures comprendront notamment un terrain de football, une piste d\u2019athl\u00e9tisme, un terrain multisports (basket-ball, handball, volley-ball), des tribunes, des vestiaires, une infirmerie ainsi que des salles de classe. Ces centres d\u2019excellence permettront non seulement la d\u00e9tection et la formation continue de champions, mais offriront aussi \u00e0 chaque jeune Burkinab\u00e8 l\u2019opportunit\u00e9 de r\u00eaver, de se surpasser et de s\u2019\u00e9panouir \u00e0 travers le sport.<\/p>\n<p style=\"text-align: left\">Pour mener \u00e0 bien cette initiative, un comit\u00e9 de suivi et de supervision a \u00e9t\u00e9 install\u00e9 le 26<\/p>\n<figure id=\"attachment_2857\" aria-describedby=\"caption-attachment-2857\" style=\"width: 300px\" class=\"wp-caption alignright\"><img data-recalc-dims=\"1\" loading=\"lazy\" decoding=\"async\" data-attachment-id=\"2857\" data-permalink=\"https:\/\/www.sidwaya.info\/carrefour\/2025\/09\/25\/initiatives-presidentielles-au-burkina-pour-un-developpement-endogene-durable\/7-29\/\" data-orig-file=\"https:\/\/i0.wp.com\/www.sidwaya.info\/carrefour\/wp-content\/uploads\/sites\/8\/2025\/09\/7-3.jpg?fit=1240%2C826&amp;ssl=1\" data-orig-size=\"1240,826\" data-comments-opened=\"1\" data-image-meta=\"{&quot;aperture&quot;:&quot;0&quot;,&quot;credit&quot;:&quot;COOPTAIWAN&quot;,&quot;camera&quot;:&quot;&quot;,&quot;caption&quot;:&quot;&quot;,&quot;created_timestamp&quot;:&quot;1755633273&quot;,&quot;copyright&quot;:&quot;&quot;,&quot;focal_length&quot;:&quot;0&quot;,&quot;iso&quot;:&quot;0&quot;,&quot;shutter_speed&quot;:&quot;0&quot;,&quot;title&quot;:&quot;&quot;,&quot;orientation&quot;:&quot;1&quot;}\" data-image-title=\"7\" data-image-description=\"\" data-image-caption=\"&lt;p&gt;Des unit\u00e9s de transformation comme \u00ab Nebnooma \u00bb ont b\u00e9n\u00e9fici\u00e9&lt;br \/&gt;\nde subventions de l\u2019Etat. &lt;\/p&gt;\n\" data-medium-file=\"https:\/\/i0.wp.com\/www.sidwaya.info\/carrefour\/wp-content\/uploads\/sites\/8\/2025\/09\/7-3.jpg?fit=300%2C200&amp;ssl=1\" data-large-file=\"https:\/\/i0.wp.com\/www.sidwaya.info\/carrefour\/wp-content\/uploads\/sites\/8\/2025\/09\/7-3.jpg?fit=696%2C464&amp;ssl=1\" class=\"size-medium wp-image-2857\" src=\"https:\/\/i0.wp.com\/www.sidwaya.info\/carrefour\/wp-content\/uploads\/sites\/8\/2025\/09\/7-3-300x200.jpg?resize=300%2C200&#038;ssl=1\" alt=\"\" width=\"300\" height=\"200\" srcset=\"https:\/\/i0.wp.com\/www.sidwaya.info\/carrefour\/wp-content\/uploads\/sites\/8\/2025\/09\/7-3.jpg?resize=300%2C200&amp;ssl=1 300w, https:\/\/i0.wp.com\/www.sidwaya.info\/carrefour\/wp-content\/uploads\/sites\/8\/2025\/09\/7-3.jpg?resize=1024%2C682&amp;ssl=1 1024w, https:\/\/i0.wp.com\/www.sidwaya.info\/carrefour\/wp-content\/uploads\/sites\/8\/2025\/09\/7-3.jpg?resize=768%2C512&amp;ssl=1 768w, https:\/\/i0.wp.com\/www.sidwaya.info\/carrefour\/wp-content\/uploads\/sites\/8\/2025\/09\/7-3.jpg?resize=631%2C420&amp;ssl=1 631w, https:\/\/i0.wp.com\/www.sidwaya.info\/carrefour\/wp-content\/uploads\/sites\/8\/2025\/09\/7-3.jpg?resize=150%2C100&amp;ssl=1 150w, https:\/\/i0.wp.com\/www.sidwaya.info\/carrefour\/wp-content\/uploads\/sites\/8\/2025\/09\/7-3.jpg?resize=696%2C464&amp;ssl=1 696w, https:\/\/i0.wp.com\/www.sidwaya.info\/carrefour\/wp-content\/uploads\/sites\/8\/2025\/09\/7-3.jpg?resize=1068%2C711&amp;ssl=1 1068w, https:\/\/i0.wp.com\/www.sidwaya.info\/carrefour\/wp-content\/uploads\/sites\/8\/2025\/09\/7-3.jpg?w=1240&amp;ssl=1 1240w\" sizes=\"auto, (max-width: 300px) 100vw, 300px\" \/><figcaption id=\"caption-attachment-2857\" class=\"wp-caption-text\">Des unit\u00e9s de transformation comme \u00ab Nebnooma \u00bb ont b\u00e9n\u00e9fici\u00e9<br \/>de subventions de l\u2019Etat.<\/figcaption><\/figure>\n<p style=\"text-align: left\">mai 2025 avec pour mission de veiller \u00e0 la bonne conduite, au suivi rigoureux et \u00e0 l\u2019\u00e9valuation constante des travaux. Un volet d\u00e9veloppement communautaire est \u00e9galement pris en compte dans cet ambitieux programme. Il est d\u00e9crypt\u00e9 dans l\u2019Initiative pr\u00e9sidentielle pour le d\u00e9veloppement communautaire (IPDC).<\/p>\n<p style=\"text-align: left\">Adopt\u00e9e en conseil des ministres le 30 ao\u00fbt 2023, elle repose sur des actions citoyennes au profit des mairies, des arrondissements&#8230; L\u2019IPDC est une invite aux populations \u00e0 se mobiliser et \u00e0 prendre en charge leurs probl\u00e8mes de d\u00e9veloppement (assainissement, voiries, r\u00e9alisation d\u2019infrastructures socio-\u00e9conomiques). Ce sont des chantiers patriotiques qui am\u00e8nent les Burkinab\u00e8 \u00e0 s\u2019auto-prendre en charge.<\/p>\n<p>&nbsp;<\/p>\n<p style=\"text-align: right\"><strong>Habibata WARA<\/strong><\/p>\n","protected":false},"excerpt":{"rendered":"<p>Pour le d\u00e9veloppement endog\u00e8ne du Burkina Faso, sous l\u2019impulsion du Pr\u00e9sident du Faso, le capitaine Ibrahim Traor\u00e9, des programmes sont lanc\u00e9s dans plusieurs secteurs : agriculture, \u00e9ducation, sant\u00e9, infrastructures routi\u00e8res &#8230; Ces initiatives pr\u00e9sidentielles pilot\u00e9es par le Bureau national des Grands projets du Burkina (BN-GPB) ont une dur\u00e9e de mise en \u0153uvre de 5 ans. [&hellip;]<\/p>\n","protected":false},"author":3,"featured_media":2851,"comment_status":"open","ping_status":"closed","sticky":false,"template":"","format":"standard","meta":{"jetpack_post_was_ever_published":false,"_jetpack_newsletter_access":"","_jetpack_dont_email_post_to_subs":false,"_jetpack_newsletter_tier_id":0,"_jetpack_memberships_contains_paywalled_content":false,"_jetpack_memberships_contains_paid_content":false,"footnotes":""},"categories":[562,87,82,89],"tags":[],"class_list":{"0":"post-2849","1":"post","2":"type-post","3":"status-publish","4":"format-standard","5":"has-post-thumbnail","7":"category-actualites","8":"category-developpement","9":"category-dossier","10":"category-la-une-site"},"jetpack_featured_media_url":"https:\/\/i0.wp.com\/www.sidwaya.info\/carrefour\/wp-content\/uploads\/sites\/8\/2025\/09\/1-3.jpg?fit=1240%2C932&ssl=1","jetpack_sharing_enabled":true,"jetpack_shortlink":"https:\/\/wp.me\/paqtIK-JX","jetpack-related-posts":[],"_links":{"self":[{"href":"https:\/\/www.sidwaya.info\/carrefour\/wp-json\/wp\/v2\/posts\/2849","targetHints":{"allow":["GET"]}}],"collection":[{"href":"https:\/\/www.sidwaya.info\/carrefour\/wp-json\/wp\/v2\/posts"}],"about":[{"href":"https:\/\/www.sidwaya.info\/carrefour\/wp-json\/wp\/v2\/types\/post"}],"author":[{"embeddable":true,"href":"https:\/\/www.sidwaya.info\/carrefour\/wp-json\/wp\/v2\/users\/3"}],"replies":[{"embeddable":true,"href":"https:\/\/www.sidwaya.info\/carrefour\/wp-json\/wp\/v2\/comments?post=2849"}],"version-history":[{"count":3,"href":"https:\/\/www.sidwaya.info\/carrefour\/wp-json\/wp\/v2\/posts\/2849\/revisions"}],"predecessor-version":[{"id":2859,"href":"https:\/\/www.sidwaya.info\/carrefour\/wp-json\/wp\/v2\/posts\/2849\/revisions\/2859"}],"wp:featuredmedia":[{"embeddable":true,"href":"https:\/\/www.sidwaya.info\/carrefour\/wp-json\/wp\/v2\/media\/2851"}],"wp:attachment":[{"href":"https:\/\/www.sidwaya.info\/carrefour\/wp-json\/wp\/v2\/media?parent=2849"}],"wp:term":[{"taxonomy":"category","embeddable":true,"href":"https:\/\/www.sidwaya.info\/carrefour\/wp-json\/wp\/v2\/categories?post=2849"},{"taxonomy":"post_tag","embeddable":true,"href":"https:\/\/www.sidwaya.info\/carrefour\/wp-json\/wp\/v2\/tags?post=2849"}],"curies":[{"name":"wp","href":"https:\/\/api.w.org\/{rel}","templated":true}]}}