{"id":2946,"date":"2025-12-04T01:09:43","date_gmt":"2025-12-04T01:09:43","guid":{"rendered":"https:\/\/www.sidwaya.info\/carrefour\/?p=2946"},"modified":"2025-12-04T01:10:48","modified_gmt":"2025-12-04T01:10:48","slug":"opportunites-dinvestissement-au-burkina-des-afrodescendants-saisissent-la-balle-au-bond","status":"publish","type":"post","link":"https:\/\/www.sidwaya.info\/carrefour\/2025\/12\/04\/opportunites-dinvestissement-au-burkina-des-afrodescendants-saisissent-la-balle-au-bond\/","title":{"rendered":"Opportunit\u00e9s d\u2019investissement au Burkina: des Afrodescendants saisissent  la balle au bond"},"content":{"rendered":"<p><strong>A l\u2019initiative de l\u2019Institut de d\u00e9veloppement de la diaspora africaine (ADDI), le Burkina Faso a accueilli sur son sol une d\u00e9l\u00e9gation de 700 Afrodescendants (descendants d\u2019anciens esclaves), qui ont s\u00e9journ\u00e9 du 28 octobre au 8 novembre 2025, \u00e0 Ouagadougou, la capitale burkinab\u00e8. Le clou de cette visite en terre ancestrale du Burkina, a \u00e9t\u00e9 la rencontre avec le Pr\u00e9sident du Faso, le capitaine Ibrahim Traor\u00e9, pour qui, ils vouent une grande admiration.<\/strong><\/p>\n<p>Venus des Etats-Unis, de l\u2019Europe et des Cara\u00efbes, ces membres de la diaspora africaine se sont quelque peu reconnect\u00e9s \u00e0 leurs racines, autour du concept \u00ab Back to your roots \u00bb (retour aux sources). Au cours de leur s\u00e9jour de deux semaines, ils ont, entre autres, particip\u00e9 \u00e0 des conf\u00e9rences sur l\u2019Afrique pr\u00e9coloniale et le panafricanisme, effectu\u00e9 des visites au palais du Mogho Naaba et au M\u00e9morial Thomas-Sankara, d\u00e9couvert des mets locaux burkinab\u00e8 au cours d\u2019une soir\u00e9e de d\u00e9gustation, organis\u00e9 un salon de business consacr\u00e9 aux opportunit\u00e9s d\u2019affaires qu\u2019offre le Burkina Faso.<\/p>\n<p>Etant entendu que parmi ce groupe d\u2019afrodescendants, figuraient de potentiels investisseurs. Pour la pr\u00e9sidente de l\u2019ADDI et cheffe de la d\u00e9l\u00e9gation, Dr Arikana Chihobori, il s\u2019agit, \u00e0 travers une telle visite, de r\u00e9duire le foss\u00e9 entre la diaspora et le continent africain et explorer les opportunit\u00e9s d\u2019investissement. Et le choix du Burkina se justifie surtout par le leadership qu\u2019incarne le pr\u00e9sident du Faso. Le Burkina Faso, a-t-elle constat\u00e9, est dirig\u00e9 par un homme courageux et transformationnel ; un dirigeant qui a montr\u00e9 que l\u2019Afrique peut se lever et d\u00e9fendre son territoire. Voil\u00e0 pourquoi, ils (les Afrodescendants) consid\u00e8rent le capitaine Ibrahim Traor\u00e9 comme leur h\u00e9ros.<\/p>\n<p>La rencontre entre les afrodescendants et leur h\u00e9ros a effectivement constitu\u00e9 pour eux un moment \u00e9mouvant et important. S\u2019adressant \u00e0 ses admirateurs qui renouent avec leurs racines, le chef de l\u2019Etat s\u2019est r\u00e9joui de leur visite au Burkina et salu\u00e9 leur volont\u00e9 et leur d\u00e9termination \u00e0 investir au pays des Hommes int\u00e8gres. A ce propos, le capitaine Ibrahim Traor\u00e9 leur a fait part de sa d\u00e9cision de les exempter des conditions financi\u00e8res, relatives \u00e0 l\u2019acquisition de la carte de r\u00e9sident permanent.<\/p>\n<h3>Souhait de r\u00e9sider en permanence au Burkina<\/h3>\n<p style=\"text-align: left\">Cette d\u00e9cision traduit la volont\u00e9 du chef de l\u2019Etat de faciliter le retour de ces membres de la diaspora qui souhaitent investir et r\u00e9sider permanemment au Burkina. Pour le capitaine Traor\u00e9, les domaines d\u2019investissement sont encore vastes au Burkina : immobilier, agriculture, transformation des mati\u00e8res premi\u00e8res et agro-alimentaire, \u00e9nergie, etc. Saluant le projet des afrodescendants d\u2019implanter une Radiot\u00e9l\u00e9vision panafricaine au Burkina, le pr\u00e9sident du Faso a indiqu\u00e9 que cet outil de communication est une arme puissante dans la lutte pour la dignit\u00e9 de l\u2019Afrique et de l\u2019homme noir.<\/p>\n<p style=\"text-align: left\">Le capitaine Traor\u00e9 voit en ce m\u00e9dia, une v\u00e9ritable opportunit\u00e9 de v\u00e9hiculer l\u2019information vraie et authentique au sujet de l\u2019Afrique au d\u00e9triment des messages n\u00e9gatifs que distillent les m\u00e9dias occidentaux au sujet du continent noir.<\/p>\n<p style=\"text-align: left\">Pour leur part, les Afrodescendants, par la voix de leur porte-parole, disent soutenir pleinement le capitaine Traor\u00e9 dans sa lutte pour la souverainet\u00e9 de l\u2019Afrique et la dignit\u00e9 de l\u2019homme noir. Dans le m\u00eame \u00e9lan, ils saluent la dynamique souverainiste engag\u00e9e dans les autres pays de l\u2019Alliance des Etats du Sahel (AES).<\/p>\n<p>&nbsp;<\/p>\n<p style=\"text-align: left\"><strong>Gabriel SAMA<\/strong><\/p>\n<p>&nbsp;<\/p>\n","protected":false},"excerpt":{"rendered":"<p>A l\u2019initiative de l\u2019Institut de d\u00e9veloppement de la diaspora africaine (ADDI), le Burkina Faso a accueilli sur son sol une d\u00e9l\u00e9gation de 700 Afrodescendants (descendants d\u2019anciens esclaves), qui ont s\u00e9journ\u00e9 du 28 octobre au 8 novembre 2025, \u00e0 Ouagadougou, la capitale burkinab\u00e8. Le clou de cette visite en terre ancestrale du Burkina, a \u00e9t\u00e9 la [&hellip;]<\/p>\n","protected":false},"author":3,"featured_media":2948,"comment_status":"open","ping_status":"closed","sticky":false,"template":"","format":"standard","meta":{"jetpack_post_was_ever_published":false,"_jetpack_newsletter_access":"","_jetpack_dont_email_post_to_subs":false,"_jetpack_newsletter_tier_id":0,"_jetpack_memberships_contains_paywalled_content":false,"_jetpack_memberships_contains_paid_content":false,"footnotes":""},"categories":[562,85,82,30,89],"tags":[],"class_list":{"0":"post-2946","1":"post","2":"type-post","3":"status-publish","4":"format-standard","5":"has-post-thumbnail","7":"category-actualites","8":"category-diaspora","9":"category-dossier","10":"category-international","11":"category-la-une-site"},"jetpack_featured_media_url":"https:\/\/i0.wp.com\/www.sidwaya.info\/carrefour\/wp-content\/uploads\/sites\/8\/2025\/12\/1-1.jpg?fit=1575%2C1369&ssl=1","jetpack_sharing_enabled":true,"jetpack_shortlink":"https:\/\/wp.me\/paqtIK-Lw","jetpack-related-posts":[],"_links":{"self":[{"href":"https:\/\/www.sidwaya.info\/carrefour\/wp-json\/wp\/v2\/posts\/2946","targetHints":{"allow":["GET"]}}],"collection":[{"href":"https:\/\/www.sidwaya.info\/carrefour\/wp-json\/wp\/v2\/posts"}],"about":[{"href":"https:\/\/www.sidwaya.info\/carrefour\/wp-json\/wp\/v2\/types\/post"}],"author":[{"embeddable":true,"href":"https:\/\/www.sidwaya.info\/carrefour\/wp-json\/wp\/v2\/users\/3"}],"replies":[{"embeddable":true,"href":"https:\/\/www.sidwaya.info\/carrefour\/wp-json\/wp\/v2\/comments?post=2946"}],"version-history":[{"count":1,"href":"https:\/\/www.sidwaya.info\/carrefour\/wp-json\/wp\/v2\/posts\/2946\/revisions"}],"predecessor-version":[{"id":2947,"href":"https:\/\/www.sidwaya.info\/carrefour\/wp-json\/wp\/v2\/posts\/2946\/revisions\/2947"}],"wp:featuredmedia":[{"embeddable":true,"href":"https:\/\/www.sidwaya.info\/carrefour\/wp-json\/wp\/v2\/media\/2948"}],"wp:attachment":[{"href":"https:\/\/www.sidwaya.info\/carrefour\/wp-json\/wp\/v2\/media?parent=2946"}],"wp:term":[{"taxonomy":"category","embeddable":true,"href":"https:\/\/www.sidwaya.info\/carrefour\/wp-json\/wp\/v2\/categories?post=2946"},{"taxonomy":"post_tag","embeddable":true,"href":"https:\/\/www.sidwaya.info\/carrefour\/wp-json\/wp\/v2\/tags?post=2946"}],"curies":[{"name":"wp","href":"https:\/\/api.w.org\/{rel}","templated":true}]}}