{"id":203,"date":"2018-10-04T07:39:26","date_gmt":"2018-10-04T05:39:26","guid":{"rendered":"https:\/\/www.sidwaya.info\/editions\/2018\/10\/04\/francois-compaore-devrait-savoir-le-5-decembre-sil-est-extrade-au-burkina-faso\/"},"modified":"2018-11-06T14:19:40","modified_gmt":"2018-11-06T13:19:40","slug":"francois-compaore-devrait-savoir-le-5-decembre-sil-est-extrade-au-burkina-faso","status":"publish","type":"post","link":"https:\/\/www.sidwaya.info\/editions\/2018\/10\/04\/francois-compaore-devrait-savoir-le-5-decembre-sil-est-extrade-au-burkina-faso\/","title":{"rendered":"Fran\u00e7ois Compaor\u00e9 devrait savoir le 5 d\u00e9cembre s\u2019il est extrad\u00e9 au Burkina Faso"},"content":{"rendered":"<p><strong>Fran\u00e7ois Compaor\u00e9, le fr\u00e8re de l&rsquo;ex-pr\u00e9sident Blaise Compaor\u00e9, devra encore patienter avant de savoir si la justice fran\u00e7aise accepte son extradition, r\u00e9clam\u00e9e par le Burkina Faso. En juin, la chambre de l&rsquo;instruction de la Cour d&rsquo;appel de Paris avait demand\u00e9 \u00e0 la justice du Burkina Faso de lui fournir des \u00e9l\u00e9ments mat\u00e9riels et pr\u00e9cis prouvant l\u2019implication de Fran\u00e7ois Compaor\u00e9. Le pays s&rsquo;est pli\u00e9 \u00e0 cette demande, ce qui a conduit finalement \u00e0 un nouveau report.<\/strong><\/p>\n<p>Les juges veulent prendre le temps d&rsquo;examiner les \u00e9l\u00e9ments compl\u00e9mentaires apport\u00e9s par Ouagadougou, qui souhaite poursuivre Fran\u00e7ois Compaor\u00e9 pour \u00ab\u00a0incitation \u00e0 l&rsquo;assassinat\u00a0\u00bb du journaliste Norbert Zongo et ses compagnons, en 1998. Il s\u2019agit d\u2019\u00e9l\u00e9ments sur les armes utilis\u00e9es, sur des membres du r\u00e9giment de s\u00e9curit\u00e9 pr\u00e9sidentielle, mais surtout de tr\u00e8s nombreux t\u00e9moignages comme l&rsquo;a soulign\u00e9 une juge en d\u00e9but d&rsquo;audience.<\/p>\n<p>Dans ses r\u00e9quisitions, en tout cas, l&rsquo;avocat g\u00e9n\u00e9ral a pour sa part \u00e9mis un avis favorable \u00e0 l&rsquo;extradition de Fran\u00e7ois Compaor\u00e9. M\u00eame si la \u00ab\u00a0chambre d\u2019instruction n\u2019est pas oblig\u00e9e de suivre les r\u00e9quisitions\u00a0\u00bb, maitre Anta Guiss\u00e9, l&rsquo;une des avocates de l&rsquo;Etat burkinab\u00e8 est \u00ab\u00a0ravie\u00a0\u00bb du d\u00e9roul\u00e9 de cette premi\u00e8re \u00e9tape. Elle se r\u00e9jouit que les r\u00e9quisitions aient \u00ab\u00a0\u00e9t\u00e9 extr\u00eamement fouill\u00e9es [\u2026], extr\u00eamement circonstanci\u00e9es, extr\u00eamement motiv\u00e9es\u00a0\u00bb.<\/p>\n<p>De son c\u00f4t\u00e9, maitre Pierre Olivier Sur, l&rsquo;avocat de Fran\u00e7ois Compaor\u00e9 a d\u00e9nonc\u00e9 ce qu&rsquo;il juge \u00eatre un faux en \u00e9criture de la part d&rsquo;un juge d&rsquo;instruction burkinab\u00e8, mais surtout un \u00ab\u00a0proc\u00e8s politique\u00a0\u00bb et des man\u0153uvres pour que la France accepte l&rsquo;extradition.<\/p>\n<p>Il affirme que si le pr\u00e9venu \u00e9tait \u00ab\u00a0un personnage lambda\u00a0\u00bb, le Burkina n\u2019aurait pas \u00ab\u00a0aboli la peine de mort, tent\u00e9 de ratifier un nouveau trait\u00e9 de coop\u00e9ration judiciaire avec la France, modifi\u00e9 son code p\u00e9nal, modifi\u00e9 le code de proc\u00e9dure p\u00e9nale\u00a0\u00bb pendant l\u2019ann\u00e9e qu\u2019a dur\u00e9 la proc\u00e9dure d\u2019extradition.<\/p>\n<p>Dernier \u00e0 s&rsquo;exprimer devant les juges, Fran\u00e7ois Compaor\u00e9 a lui aussi \u00e9voqu\u00e9 des motivations politiques, affirmant avoir \u00e9t\u00e9 choqu\u00e9 comme tous par l&rsquo;assassinat de Norbert Zongo, mais n&rsquo;avoir incit\u00e9 personne \u00e0 le faire.<\/p>\n<p>Source: <a href=\"http:\/\/www.rfi.fr\/afrique\/20181004-francois-compaore-extradition-burkina-faso-france-justice\" target=\"_blank\" rel=\"noopener\">RFI<\/a><\/p>\n","protected":false},"excerpt":{"rendered":"<p>Fran\u00e7ois Compaor\u00e9, le fr\u00e8re de l&rsquo;ex-pr\u00e9sident Blaise Compaor\u00e9, devra encore patienter avant de savoir si la justice fran\u00e7aise accepte son extradition, r\u00e9clam\u00e9e par le Burkina Faso. En juin, la chambre de l&rsquo;instruction de la Cour d&rsquo;appel de Paris avait demand\u00e9 \u00e0 la justice du Burkina Faso de lui fournir des \u00e9l\u00e9ments mat\u00e9riels et pr\u00e9cis prouvant [&hellip;]<\/p>\n","protected":false},"author":1,"featured_media":204,"comment_status":"open","ping_status":"open","sticky":false,"template":"","format":"standard","meta":{"jetpack_post_was_ever_published":false,"_jetpack_newsletter_access":"","_jetpack_dont_email_post_to_subs":false,"_jetpack_newsletter_tier_id":0,"_jetpack_memberships_contains_paywalled_content":false,"_jetpack_memberships_contains_paid_content":false,"footnotes":""},"categories":[18],"tags":[],"class_list":{"0":"post-203","1":"post","2":"type-post","3":"status-publish","4":"format-standard","5":"has-post-thumbnail","7":"category-international"},"jetpack_featured_media_url":"https:\/\/i0.wp.com\/www.sidwaya.info\/editions\/wp-content\/uploads\/sites\/9\/2018\/11\/000_tu5ti_0.jpg?fit=1024%2C578&ssl=1","jetpack_sharing_enabled":true,"jetpack_shortlink":"https:\/\/wp.me\/paquYs-3h","jetpack-related-posts":[],"_links":{"self":[{"href":"https:\/\/www.sidwaya.info\/editions\/wp-json\/wp\/v2\/posts\/203","targetHints":{"allow":["GET"]}}],"collection":[{"href":"https:\/\/www.sidwaya.info\/editions\/wp-json\/wp\/v2\/posts"}],"about":[{"href":"https:\/\/www.sidwaya.info\/editions\/wp-json\/wp\/v2\/types\/post"}],"author":[{"embeddable":true,"href":"https:\/\/www.sidwaya.info\/editions\/wp-json\/wp\/v2\/users\/1"}],"replies":[{"embeddable":true,"href":"https:\/\/www.sidwaya.info\/editions\/wp-json\/wp\/v2\/comments?post=203"}],"version-history":[{"count":0,"href":"https:\/\/www.sidwaya.info\/editions\/wp-json\/wp\/v2\/posts\/203\/revisions"}],"wp:featuredmedia":[{"embeddable":true,"href":"https:\/\/www.sidwaya.info\/editions\/wp-json\/wp\/v2\/media\/204"}],"wp:attachment":[{"href":"https:\/\/www.sidwaya.info\/editions\/wp-json\/wp\/v2\/media?parent=203"}],"wp:term":[{"taxonomy":"category","embeddable":true,"href":"https:\/\/www.sidwaya.info\/editions\/wp-json\/wp\/v2\/categories?post=203"},{"taxonomy":"post_tag","embeddable":true,"href":"https:\/\/www.sidwaya.info\/editions\/wp-json\/wp\/v2\/tags?post=203"}],"curies":[{"name":"wp","href":"https:\/\/api.w.org\/{rel}","templated":true}]}}