{"id":225,"date":"2018-10-02T21:11:41","date_gmt":"2018-10-02T19:11:41","guid":{"rendered":"https:\/\/www.sidwaya.info\/editions\/2018\/10\/02\/burkinabe-des-zones-rurales-ivoiriennes-dans-la-hantise-de-lexpropriation-des-terres\/"},"modified":"2018-11-06T14:21:15","modified_gmt":"2018-11-06T13:21:15","slug":"burkinabe-des-zones-rurales-ivoiriennes-dans-la-hantise-de-lexpropriation-des-terres","status":"publish","type":"post","link":"https:\/\/www.sidwaya.info\/editions\/2018\/10\/02\/burkinabe-des-zones-rurales-ivoiriennes-dans-la-hantise-de-lexpropriation-des-terres\/","title":{"rendered":"Burkinab\u00e8 des zones rurales ivoiriennes: Dans la hantise de l\u2019expropriation des terres"},"content":{"rendered":"<p><b>Alors que le 7<sup>e<\/sup><span class=\"Apple-converted-space\">\u00a0 <\/span>sommet<span class=\"Apple-converted-space\">\u00a0 <\/span>du Trait\u00e9 d\u2019amiti\u00e9 et de coop\u00e9ration (TAC) s\u2019ouvre aujourd\u2019hui 23 juillet 2018 \u00e0 Yamoussoukro en terre ivoirienne, Sidwaya est all\u00e9 \u00e0 la rencontre des Burkinab\u00e8 qui travaillent dans les champs de caf\u00e9-cacao dans les r\u00e9gions de Du\u00e9kou\u00e9 et Man \u00e0 l\u2019Ouest du pays. Cette diaspora qui tire ses marrons du feu dans l\u2019agriculture, vit<span class=\"Apple-converted-space\">\u00a0 <\/span>toutefois, la peur au ventre\u00a0: se faire exproprier les terres acquises aupr\u00e8s de propri\u00e9taires terriens.<\/b><\/p>\n<p>Du\u00e9kou\u00e9, pr\u00e8s de 500 km \u00e0 l\u2019Ouest d\u2019Abidjan. La fine pluie qui s\u2019abat sur la ville, en ce mardi 17 juillet 2018, lui donne une fi\u00e8re allure. A la gare routi\u00e8re, vendeuses ambulantes et autres \u00ab\u00a0<i>tabliers\u00a0<\/i>\u00bb se bousculent, presqu\u2019inaudibles. Leurs voix se noient dans le bruit de ronflement des cars et des camions qui observent un arr\u00eat. Mais ce climat qui r\u00e8gne dans le milieu des affaires en ville n\u2019est pas toujours le m\u00eame dans les campements des plantations de caf\u00e9-cacao ou d\u2019h\u00e9v\u00e9a.<\/p>\n<p>Dans ces zones rurales o\u00f9 r\u00e9side un grand nombre de Burkinab\u00e8, parti \u00e0 l\u2019aventure, les relations entre autochtones et migrants burkinab\u00e8 connaissent parfois des tensions, selon le chef supr\u00eame autoproclam\u00e9 des communaut\u00e9s burkinab\u00e8 de la r\u00e9gion du Gu\u00e9mon dont Du\u00e9kou\u00e9 est le chef-lieu. Th\u00e9odore Zoubi\u00e9ss\u00e9 Tamini, de son vrai nom, est un ex-employ\u00e9 de la Compagnie foresti\u00e8re ivoirienne (CFI). N\u00e9 le 21 juillet 1932, il s\u2019est install\u00e9 depuis 1962 \u00e0 Du\u00e9kou\u00e9. Un long s\u00e9jour qui lui a permis d\u2019avoir une meilleure connaissance des questions fonci\u00e8res et de s\u2019exprimer avec aisance lorsqu\u2019il aborde les origines des litiges entre communaut\u00e9s \u00e9trang\u00e8res et propri\u00e9taires terriens ivoiriens.<\/p>\n<p>\u00ab\u00a0<i>La majorit\u00e9 de nos compatriotes ont acquis des dizaines, voire des centaines d\u2019hectares, sans le moindre document devant attester leur droit de propri\u00e9t\u00e9.<span class=\"Apple-converted-space\">\u00a0 <\/span>C\u2019est ainsi que certains enfants, une fois leur p\u00e8re d\u00e9c\u00e9d\u00e9, reviennent pour remettre en cause la vente du terrain, sachant bien que l\u2019acqu\u00e9reur ne dispose pas de document de preuve\u00a0<\/i>\u00bb, explique Zoubiess\u00e9 Tamini.\u00a0 Alors que, poursuit le notable, ce sont les m\u00eames enfants qui poussent parfois leurs parents \u00e0 hypoth\u00e9quer les terres pour honorer leurs scolarit\u00e9s. Il detient cette certitude de sa participation \u00e0 la r\u00e9solution de conflits.<\/p>\n<p>En effet, le repr\u00e9sentant de la communaut\u00e9 burkinab\u00e8 jouit d\u2019une cr\u00e9dibilit\u00e9 aupr\u00e8s de l\u2019ethnie Gu\u00e9r\u00e9 originaire de la zone, au point qu\u2019il si\u00e8ge aujourd\u2019hui au sein du comit\u00e9 local charg\u00e9 de statuer sur les litiges. \u00ab\u00a0<i>Ce tribunal populaire<\/i>\u00a0\u00bb pr\u00e9sid\u00e9 par le chef de la localit\u00e9 est compos\u00e9 de 12 membres. Les litiges fonciers s\u2019expliquent aussi, de l\u2019avis de Yassia Ou\u00e9draogo, planteur \u00e0 Du\u00e9kou\u00e9, par la forte pression d\u00e9mographique. \u00ab<i>Contraints par le ch\u00f4mage, les jeunes dipl\u00f4m\u00e9s retournent au village dans le but de s\u2019adonner \u00e0 des activit\u00e9s agricoles afin de subvenir \u00e0 leurs besoins. <\/i><\/p>\n<p><i>Malheureusement, ils se rendent compte souvent, \u00e0 leur arriv\u00e9e, que l\u2019h\u00e9ritage de la famille a \u00e9t\u00e9 vendu aux \u00e9trangers, notamment les Burkinab\u00e8 venus faire fortune dans la for\u00eat<\/i>\u00a0\u00bb, fait savoir ce compatriote originaire de Ouahigouya dans le Yatenga qui totalise 20 hectares de plantation \u00e0 Du\u00e9kou\u00e9 et environs. Face \u00e0 cette r\u00e9alit\u00e9, t\u00e9moigne M. Ou\u00e9draogo, ces intellectuels ch\u00f4meurs usent de tous les moyens, s\u2019attachant les services de juges, pour tenter d\u2019exproprier les acqu\u00e9reurs de terrains.<span class=\"Apple-converted-space\">\u00a0<\/span><\/p>\n<figure id=\"attachment_393\" aria-describedby=\"caption-attachment-393\" style=\"width: 159px\" class=\"wp-caption alignleft\"><img data-recalc-dims=\"1\" loading=\"lazy\" decoding=\"async\" data-attachment-id=\"226\" data-permalink=\"https:\/\/www.sidwaya.info\/editions\/2018\/10\/02\/burkinabe-des-zones-rurales-ivoiriennes-dans-la-hantise-de-lexpropriation-des-terres\/pro-rci\/\" data-orig-file=\"https:\/\/i0.wp.com\/www.sidwaya.info\/editions\/wp-content\/uploads\/sites\/9\/2018\/11\/pro-rci.jpg?fit=1200%2C1510&amp;ssl=1\" data-orig-size=\"1200,1510\" data-comments-opened=\"1\" data-image-meta=\"{&quot;aperture&quot;:&quot;0&quot;,&quot;credit&quot;:&quot;&quot;,&quot;camera&quot;:&quot;&quot;,&quot;caption&quot;:&quot;&quot;,&quot;created_timestamp&quot;:&quot;0&quot;,&quot;copyright&quot;:&quot;&quot;,&quot;focal_length&quot;:&quot;0&quot;,&quot;iso&quot;:&quot;0&quot;,&quot;shutter_speed&quot;:&quot;0&quot;,&quot;title&quot;:&quot;&quot;,&quot;orientation&quot;:&quot;0&quot;}\" data-image-title=\"pro-rci.jpg\" data-image-description=\"\" data-image-caption=\"&lt;p&gt;Le d\u00e9l\u00e9gu\u00e9 CSBE Du\u00e9kou\u00e9-Man, Lamine Yam\u00e9ogo, souhaite que l\u2019Etat ivoirien reconnaisse davantage la contribution des producteurs Burkinab\u00e8 \u00e0 son \u00e9conomie nationale&lt;\/p&gt;\n\" data-medium-file=\"https:\/\/i0.wp.com\/www.sidwaya.info\/editions\/wp-content\/uploads\/sites\/9\/2018\/11\/pro-rci.jpg?fit=238%2C300&amp;ssl=1\" data-large-file=\"https:\/\/i0.wp.com\/www.sidwaya.info\/editions\/wp-content\/uploads\/sites\/9\/2018\/11\/pro-rci.jpg?fit=696%2C876&amp;ssl=1\" class=\"wp-image-226 \" src=\"https:\/\/i0.wp.com\/www.sidwaya.info\/editions\/wp-content\/uploads\/sites\/9\/2018\/11\/pro-rci.jpg?resize=159%2C200\" alt=\"\" width=\"159\" height=\"200\" srcset=\"https:\/\/i0.wp.com\/www.sidwaya.info\/editions\/wp-content\/uploads\/sites\/9\/2018\/11\/pro-rci.jpg?resize=814%2C1024&amp;ssl=1 814w, https:\/\/i0.wp.com\/www.sidwaya.info\/editions\/wp-content\/uploads\/sites\/9\/2018\/11\/pro-rci.jpg?resize=238%2C300&amp;ssl=1 238w, https:\/\/i0.wp.com\/www.sidwaya.info\/editions\/wp-content\/uploads\/sites\/9\/2018\/11\/pro-rci.jpg?resize=768%2C966&amp;ssl=1 768w, https:\/\/i0.wp.com\/www.sidwaya.info\/editions\/wp-content\/uploads\/sites\/9\/2018\/11\/pro-rci.jpg?resize=696%2C876&amp;ssl=1 696w, https:\/\/i0.wp.com\/www.sidwaya.info\/editions\/wp-content\/uploads\/sites\/9\/2018\/11\/pro-rci.jpg?resize=1068%2C1344&amp;ssl=1 1068w, https:\/\/i0.wp.com\/www.sidwaya.info\/editions\/wp-content\/uploads\/sites\/9\/2018\/11\/pro-rci.jpg?resize=334%2C420&amp;ssl=1 334w, https:\/\/i0.wp.com\/www.sidwaya.info\/editions\/wp-content\/uploads\/sites\/9\/2018\/11\/pro-rci.jpg?w=1200&amp;ssl=1 1200w\" sizes=\"auto, (max-width: 159px) 100vw, 159px\" \/><figcaption id=\"caption-attachment-393\" class=\"wp-caption-text\">Le d\u00e9l\u00e9gu\u00e9 CSBE Du\u00e9kou\u00e9-Man, Lamine Yam\u00e9ogo, souhaite que l\u2019Etat ivoirien reconnaisse davantage la contribution des producteurs Burkinab\u00e8 \u00e0 son \u00e9conomie nationale<\/figcaption><\/figure>\n<p>Boukari Bagaya, d\u00e9l\u00e9gu\u00e9 consulaire nouvellement \u00e9lu, est convaincu que la crise post-\u00e9lectorale de 2011 est pour quelque chose dans la d\u00e9t\u00e9rioration du climat des relations entre Burkinab\u00e8 et Ivoiriens dans la zone de Du\u00e9kou\u00e9, bastion des forces rebelles \u00e0 l\u2019\u00e9poque. <i>\u00ab\u00a0Apr\u00e8s la crise, des d\u00e9marches ont \u00e9t\u00e9 entreprises pour apaiser les c\u0153urs, panser les plaies afin de parvenir \u00e0 une<span class=\"Apple-converted-space\">\u00a0 <\/span>r\u00e9conciliation entre les diff\u00e9rentes communaut\u00e9s \u00e9trang\u00e8res et les populations locales notamment les Gu\u00e9r\u00e9. Mais cela n\u2019a pas donn\u00e9 les r\u00e9sultats escompt\u00e9s\u00a0\u00bb,<\/i> regrette-t-il. Celui-ci d\u2019ajouter que les faits et gestes observ\u00e9s chez les uns et les autres sur le terrain peuvent attester de cette r\u00e9alit\u00e9. Cette lecture est partag\u00e9e par le pr\u00e9sident des jeunes de Du\u00e9kou\u00e9, Oumarou B\u00e9lem. <i>\u00abLorsqu\u2019un jeune burkinab\u00e8 est en conflit avec son camarade ivoirien, ceux-ci ont tendance \u00e0 extrapoler le diff\u00e9rend \u00e0 l\u2019\u00e9chelle des deux communaut\u00e9s\u00a0\u00bb,<\/i> pr\u00e9cise M. B\u00e9lem.<span class=\"Apple-converted-space\">\u00a0<\/span><\/p>\n<p>Apr\u00e8s Du\u00e9kou\u00e9, cap sur Man, dans la r\u00e9gion du Tonkpi. Ici comme ailleurs, le foncier demeure le d\u00e9nominateur commun des probl\u00e8mes que vivent les Burkinab\u00e8 en terre ivoirienne. Harouna Tanga Gougri y est install\u00e9. A la t\u00eate de la Coop\u00e9rative et propri\u00e9taire de plusieurs dizaines d\u2019hectares de plantations, il \u00e9tait visiblement tr\u00e8s \u00e9mu lorsqu\u2019il nous a re\u00e7us le 18 juillet 2018 \u00e0 son magasin en plein c\u0153ur de Man.\u00a0\u00ab\u00a0<i>Avant, nous avions l\u2019impression d\u2019avoir \u00e9t\u00e9 oubli\u00e9s par nos autorit\u00e9s<\/i>\u00bb, dit-il, se f\u00e9licitant de l\u2019initiative du <i>\u00ab\u00a0Journal de tous les Burkinab\u00e8\u00a0\u00bb<\/i>. A en croire Isma\u00ebl Sana, jeune burkinab\u00e8 r\u00e9sidant \u00e0 Man, l\u2019analphab\u00e9tisme de ses compatriotes est aussi un mal qui les conduit parfois injustement en prison. <i>\u00ab\u00a0En cas de litige, pendant les<span class=\"Apple-converted-space\">\u00a0 <\/span>interrogatoires au palais de justice, ne comprenant pas une autre langue que le moor\u00e9, pour s\u2019exprimer et se d\u00e9fendre, certains sont d\u00e9f\u00e9r\u00e9s\u00a0\u00bb,<\/i> relate le jeune Isma\u00ebl qui vole parfois au secours de ses compatriotes.<span class=\"Apple-converted-space\">\u00a0<\/span><\/p>\n<p>Pour <span class=\"Apple-converted-space\">\u00a0 <\/span>Boukari Kabor\u00e9, exer\u00e7ant dans la fili\u00e8re caf\u00e9-cacao \u00e0 Man, Ivoiriens et Burkinab\u00e8 vivent en parfaite harmonie de fa\u00e7on g\u00e9n\u00e9rale. Les m\u00e9sententes qui naissent de la gestion fonci\u00e8re, bien que tumultueuses, ne doivent pas leur faire perdre de vue l\u2019essentiel. <i>\u00ab\u00a0Les deux peuples sont condamn\u00e9s \u00e0 vivre ensemble. De nombreux jeunes burkinab\u00e8 vivent en couple avec des filles autochtones et ces liens de sang doivent r\u00e9sister \u00e0 toute \u00e9preuve\u00bb<\/i>, interpelle-t-il. Sur les attentes des planteurs par rapport au TAC, ce dernier est formel. <i>\u00ab\u00a0Nous qui sommes dans les for\u00eats, n\u2019avons pas encore ressenti les effets du TAC depuis sa signature en 2008. Nous souhaitons que les deux pays d\u00e9p\u00eachent des missions sur le terrain pour s\u2019enqu\u00e9rir de nos nouvelles et toucher du doigt la r\u00e9alit\u00e9\u00a0\u00bb<\/i>, plaide M. Kabor\u00e9. Quant \u00e0 Lamine Yam\u00e9ogo, repr\u00e9sentant le Conseil sup\u00e9rieur des Burkinab\u00e8 de l\u2019\u00e9tranger (CSBE) dans les r\u00e9gions du Gu\u00e9mon et du Cavaly, il esp\u00e8re un jour voir les autorit\u00e9s ivoiriennes incarner la vision du p\u00e8re-fondateur Felix Houphou\u00ebt Boigny qui disait que <i>\u00ab\u00a0la terre appartient \u00e0 ceux qui la mettent en valeur\u00a0\u00bb<\/i>. S\u2019agissant de l\u2019affaire du Mont P\u00e9ko, nos sources indiquent que certains des compatriotes d\u00e9guerpis pour occupation ill\u00e9gale du parc ont connu des difficult\u00e9s diverses. <i>\u00ab\u00a0Nous avons d\u00fb nous cotiser pour les aider soit \u00e0 rejoindre des parents dans d\u2019autres r\u00e9gions de la C\u00f4te d\u2019Ivoire ou \u00e0 d\u00e9faut rentrer d\u00e9finitivement au bercail\u00a0\u00bb,<\/i> confie Boukari Bagaya, d\u00e9l\u00e9gu\u00e9 consulaire de Du\u00e9kou\u00e9.<span class=\"Apple-converted-space\">\u00a0 <\/span>Mais sur la question, Yassia Ou\u00e9draogo affirme que les occupants ont \u00e9t\u00e9 tout simplement rattrap\u00e9s par l\u2019histoire. \u00ab\u00a0<i>Pendant la crise, le contr\u00f4le du pays ayant \u00e9chapp\u00e9 \u00e0 l\u2019Etat de C\u00f4te d\u2019Ivoire, les gens ont profit\u00e9 pour aller occuper les for\u00eats class\u00e9es, oubliant que la guerre allait prendre fin un jour ou l\u2019autre\u00a0<\/i>\u00bb, a-t-il soutenu. Concernant la disposition de la nouvelle constitution selon laquelle la terre ne peut appartenir qu\u2019aux Ivoiriens, les ressortissants \u00e9trangers peuvent se faire d\u00e9livrer un certificat leur conf\u00e9rant la location de terrain sur une dur\u00e9e de 99 ans, foi du chef des Burkinab\u00e8 de Du\u00e9kou\u00e9. Il faut noter que nos tentatives de rencontrer les autorit\u00e9s pr\u00e9fectorales sont rest\u00e9es vaines.<\/p>\n<p style=\"text-align: right;\"><b>Beyon Romain NEBIE<\/b><\/p>\n<p style=\"text-align: right;\"><b>A Du\u00e9kou\u00e9 (RCI)<span class=\"Apple-converted-space\">\u00a0<\/span><\/b><\/p>\n<p>&nbsp;<\/p>\n","protected":false},"excerpt":{"rendered":"<p>Alors que le 7e\u00a0 sommet\u00a0 du Trait\u00e9 d\u2019amiti\u00e9 et de coop\u00e9ration (TAC) s\u2019ouvre aujourd\u2019hui 23 juillet 2018 \u00e0 Yamoussoukro en terre ivoirienne, Sidwaya est all\u00e9 \u00e0 la rencontre des Burkinab\u00e8 qui travaillent dans les champs de caf\u00e9-cacao dans les r\u00e9gions de Du\u00e9kou\u00e9 et Man \u00e0 l\u2019Ouest du pays. Cette diaspora qui tire ses marrons du [&hellip;]<\/p>\n","protected":false},"author":1,"featured_media":228,"comment_status":"open","ping_status":"open","sticky":false,"template":"","format":"standard","meta":{"jetpack_post_was_ever_published":false,"_jetpack_newsletter_access":"","_jetpack_dont_email_post_to_subs":false,"_jetpack_newsletter_tier_id":0,"_jetpack_memberships_contains_paywalled_content":false,"_jetpack_memberships_contains_paid_content":false,"footnotes":""},"categories":[18,31],"tags":[],"class_list":{"0":"post-225","1":"post","2":"type-post","3":"status-publish","4":"format-standard","5":"has-post-thumbnail","7":"category-international","8":"category-politique-international"},"jetpack_featured_media_url":"https:\/\/i0.wp.com\/www.sidwaya.info\/editions\/wp-content\/uploads\/sites\/9\/2018\/11\/prod-man.jpg?fit=1000%2C1087&ssl=1","jetpack_sharing_enabled":true,"jetpack_shortlink":"https:\/\/wp.me\/paquYs-3D","jetpack-related-posts":[],"_links":{"self":[{"href":"https:\/\/www.sidwaya.info\/editions\/wp-json\/wp\/v2\/posts\/225","targetHints":{"allow":["GET"]}}],"collection":[{"href":"https:\/\/www.sidwaya.info\/editions\/wp-json\/wp\/v2\/posts"}],"about":[{"href":"https:\/\/www.sidwaya.info\/editions\/wp-json\/wp\/v2\/types\/post"}],"author":[{"embeddable":true,"href":"https:\/\/www.sidwaya.info\/editions\/wp-json\/wp\/v2\/users\/1"}],"replies":[{"embeddable":true,"href":"https:\/\/www.sidwaya.info\/editions\/wp-json\/wp\/v2\/comments?post=225"}],"version-history":[{"count":0,"href":"https:\/\/www.sidwaya.info\/editions\/wp-json\/wp\/v2\/posts\/225\/revisions"}],"wp:featuredmedia":[{"embeddable":true,"href":"https:\/\/www.sidwaya.info\/editions\/wp-json\/wp\/v2\/media\/228"}],"wp:attachment":[{"href":"https:\/\/www.sidwaya.info\/editions\/wp-json\/wp\/v2\/media?parent=225"}],"wp:term":[{"taxonomy":"category","embeddable":true,"href":"https:\/\/www.sidwaya.info\/editions\/wp-json\/wp\/v2\/categories?post=225"},{"taxonomy":"post_tag","embeddable":true,"href":"https:\/\/www.sidwaya.info\/editions\/wp-json\/wp\/v2\/tags?post=225"}],"curies":[{"name":"wp","href":"https:\/\/api.w.org\/{rel}","templated":true}]}}