{"id":265,"date":"2018-11-06T09:29:24","date_gmt":"2018-11-06T08:29:24","guid":{"rendered":"https:\/\/www.sidwaya.info\/editions\/2018\/11\/06\/championnats-dafrique-de-karate-do-desormais-il-faut-compter-avec-le-burkina\/"},"modified":"2018-11-06T14:36:41","modified_gmt":"2018-11-06T13:36:41","slug":"championnats-dafrique-de-karate-do-desormais-il-faut-compter-avec-le-burkina","status":"publish","type":"post","link":"https:\/\/www.sidwaya.info\/editions\/2018\/11\/06\/championnats-dafrique-de-karate-do-desormais-il-faut-compter-avec-le-burkina\/","title":{"rendered":"Championnats d\u2019Afrique de karat\u00e9-do : D\u00e9sormais, il faut compter avec le Burkina"},"content":{"rendered":"<p><strong>Rentr\u00e9s de Kigali au Rwanda o\u00f9 ils ont pris part, aux c\u00f4t\u00e9s de 26 autres pays, aux championnats d\u2019Afrique de karat\u00e9, du 31 ao\u00fbt au 2 septembre 2018, les karat\u00e9kas burkinab\u00e8, conduits par le pr\u00e9sident de la f\u00e9d\u00e9ration, ont rendu une visite au pr\u00e9sident du Comit\u00e9 olympique et des sports burkinab\u00e8, Jean Yam\u00e9ogo, le 14 septembre 2018.<\/strong><\/p>\n<p>\u00c0 Kigali, les Burkinab\u00e8 avaient deux grands challenges\u00a0: d\u00e9fendre certes les couleurs nationales, mais se comporter en patrons de la Zone III de l\u2019Union des f\u00e9d\u00e9rations africaines de karat\u00e9 qui comprend le B\u00e9nin, la C\u00f4te d\u2019Ivoire, le Ghana, le Niger, le Nig\u00e9ria, le Lib\u00e9ria et le Togo. Le pays des Hommes int\u00e8gres surfe depuis deux ans sur cette Zone III. Disons, depuis que le pr\u00e9sident Oumar Yugo et son \u00e9quipe sont \u00e0 la t\u00eate de la structure fa\u00eeti\u00e8re.<\/p>\n<p><img data-recalc-dims=\"1\" loading=\"lazy\" decoding=\"async\" data-attachment-id=\"266\" data-permalink=\"https:\/\/www.sidwaya.info\/editions\/2018\/11\/06\/championnats-dafrique-de-karate-do-desormais-il-faut-compter-avec-le-burkina\/4-1838-7e463\/\" data-orig-file=\"https:\/\/i0.wp.com\/www.sidwaya.info\/editions\/wp-content\/uploads\/sites\/9\/2018\/11\/4-1838-7e463.jpg?fit=500%2C329&amp;ssl=1\" data-orig-size=\"500,329\" data-comments-opened=\"1\" data-image-meta=\"{&quot;aperture&quot;:&quot;0&quot;,&quot;credit&quot;:&quot;&quot;,&quot;camera&quot;:&quot;&quot;,&quot;caption&quot;:&quot;&quot;,&quot;created_timestamp&quot;:&quot;0&quot;,&quot;copyright&quot;:&quot;&quot;,&quot;focal_length&quot;:&quot;0&quot;,&quot;iso&quot;:&quot;0&quot;,&quot;shutter_speed&quot;:&quot;0&quot;,&quot;title&quot;:&quot;&quot;,&quot;orientation&quot;:&quot;1&quot;}\" data-image-title=\"4-1838-7e463.jpg\" data-image-description=\"\" data-image-caption=\"\" data-medium-file=\"https:\/\/i0.wp.com\/www.sidwaya.info\/editions\/wp-content\/uploads\/sites\/9\/2018\/11\/4-1838-7e463.jpg?fit=300%2C197&amp;ssl=1\" data-large-file=\"https:\/\/i0.wp.com\/www.sidwaya.info\/editions\/wp-content\/uploads\/sites\/9\/2018\/11\/4-1838-7e463.jpg?fit=500%2C329&amp;ssl=1\" class=\"alignright size-full wp-image-266\" src=\"https:\/\/i0.wp.com\/www.sidwaya.info\/editions\/wp-content\/uploads\/sites\/9\/2018\/11\/4-1838-7e463.jpg?resize=500%2C329\" alt=\"\" width=\"500\" height=\"329\" srcset=\"https:\/\/i0.wp.com\/www.sidwaya.info\/editions\/wp-content\/uploads\/sites\/9\/2018\/11\/4-1838-7e463.jpg?w=500&amp;ssl=1 500w, https:\/\/i0.wp.com\/www.sidwaya.info\/editions\/wp-content\/uploads\/sites\/9\/2018\/11\/4-1838-7e463.jpg?resize=300%2C197&amp;ssl=1 300w\" sizes=\"auto, (max-width: 500px) 100vw, 500px\" \/>Dixi\u00e8me \u00e0 Kigali, les karat\u00e9kas burkinab\u00e8 ont donc tenu \u00e0 partager les instants de joie avec le pr\u00e9sident du Comit\u00e9 olympique, Jean Yam\u00e9ogo.<br \/>\nDu point de vue des r\u00e9sultats sur le tatami, le Burkina a engrang\u00e9 une m\u00e9daille d\u2019argent et deux m\u00e9dailles de bronze, alors qu\u2019au niveau des arbitres, c\u2019\u00e9tait la totale\u00a0; le Burkina a eu six juges et arbitres qui ont pu engranger des succ\u00e8s (quatre juges continentaux en katas et un arbitre continental en combat). \u00ab\u00a0Le Burkina est aujourd\u2019hui la premi\u00e8re nation d\u2019arbitres en Afrique de l\u2019Ouest\u00a0\u00bb, souligne le pr\u00e9sident Oumar Yugo, ajoutant que le pays se classe 10e en termes de classement par nombre de m\u00e9dailles, sur 27 nations pr\u00e9sentes.<\/p>\n<p><img data-recalc-dims=\"1\" loading=\"lazy\" decoding=\"async\" data-attachment-id=\"268\" data-permalink=\"https:\/\/www.sidwaya.info\/editions\/2018\/11\/06\/championnats-dafrique-de-karate-do-desormais-il-faut-compter-avec-le-burkina\/3-2965-646ed\/\" data-orig-file=\"https:\/\/i0.wp.com\/www.sidwaya.info\/editions\/wp-content\/uploads\/sites\/9\/2018\/11\/3-2965-646ed.jpg?fit=500%2C334&amp;ssl=1\" data-orig-size=\"500,334\" data-comments-opened=\"1\" data-image-meta=\"{&quot;aperture&quot;:&quot;0&quot;,&quot;credit&quot;:&quot;&quot;,&quot;camera&quot;:&quot;&quot;,&quot;caption&quot;:&quot;&quot;,&quot;created_timestamp&quot;:&quot;0&quot;,&quot;copyright&quot;:&quot;&quot;,&quot;focal_length&quot;:&quot;0&quot;,&quot;iso&quot;:&quot;0&quot;,&quot;shutter_speed&quot;:&quot;0&quot;,&quot;title&quot;:&quot;&quot;,&quot;orientation&quot;:&quot;1&quot;}\" data-image-title=\"3-2965-646ed.jpg\" data-image-description=\"\" data-image-caption=\"\" data-medium-file=\"https:\/\/i0.wp.com\/www.sidwaya.info\/editions\/wp-content\/uploads\/sites\/9\/2018\/11\/3-2965-646ed.jpg?fit=300%2C200&amp;ssl=1\" data-large-file=\"https:\/\/i0.wp.com\/www.sidwaya.info\/editions\/wp-content\/uploads\/sites\/9\/2018\/11\/3-2965-646ed.jpg?fit=500%2C334&amp;ssl=1\" class=\"alignright size-full wp-image-268\" src=\"https:\/\/i0.wp.com\/www.sidwaya.info\/editions\/wp-content\/uploads\/sites\/9\/2018\/11\/3-2965-646ed.jpg?resize=500%2C334\" alt=\"\" width=\"500\" height=\"334\" srcset=\"https:\/\/i0.wp.com\/www.sidwaya.info\/editions\/wp-content\/uploads\/sites\/9\/2018\/11\/3-2965-646ed.jpg?w=500&amp;ssl=1 500w, https:\/\/i0.wp.com\/www.sidwaya.info\/editions\/wp-content\/uploads\/sites\/9\/2018\/11\/3-2965-646ed.jpg?resize=300%2C200&amp;ssl=1 300w\" sizes=\"auto, (max-width: 500px) 100vw, 500px\" \/>Au-del\u00e0 des r\u00e9compenses, les Burkinab\u00e8 ont enregistr\u00e9 \u00ab\u00a0plusieurs autres rangs honorables. (\u2026). Des pays comme la Tunisie ont \u00e9t\u00e9 battus par le Burkina. Ils ont d\u00e9fendu le pays avec la discipline et le sens de l\u2019honneur, en battant des grands pays de karat\u00e9 telle la Tunisie\u00a0\u00bb.<\/p>\n<p>Dans un autre registre, le Burkina a \u00e9t\u00e9 parmi les premiers en termes de repr\u00e9sentants. En effet, avec 29 personnes, les \u00c9talons \u00e9taient quatri\u00e8me apr\u00e8s l\u2019\u00c9gypte, l\u2019Alg\u00e9rie et le Cameroun. \u00ab\u00a0\u00c0 partir de maintenant, toutes les nations qui \u00e9taient pr\u00e9sentes savent qu\u2019il faut compter avec le Burkina, car il devenu incontournable dans la discipline\u00a0\u00bb, a indiqu\u00e9 le pr\u00e9sident de la F\u00e9d\u00e9ration burkinab\u00e8 de karat\u00e9-do.<\/p>\n<h3>L\u2019audace, le ma\u00eetre-mot<\/h3>\n<p><em>\u00ab\u00a0Kigali a \u00e9t\u00e9 pr\u00e9par\u00e9e comme Cotonou o\u00f9, apr\u00e8s avoir lav\u00e9 les kimonos, nous n\u2019avons pas eu de r\u00e9pit et nous nous sommes engag\u00e9s dans ce d\u00e9fi d\u2019un autre gabarit. Puisque, contrairement \u00e0 Cotonou o\u00f9 il y avait huit pays, \u00e0 Kigali, toute l\u2019Afrique y \u00e9tait attendue\u00a0\u00bb<\/em>, d\u00e9voile le pr\u00e9sident de la F\u00e9d\u00e9ration.<\/p>\n<p>Tirant les premi\u00e8res le\u00e7ons de l\u2019exp\u00e9dition rwandaise, Oumar Yugo s\u2019est dit captiv\u00e9 par la discipline des jeunes. Pour lui, c\u2019est une valeur inh\u00e9rente \u00e0 tout succ\u00e8s, notamment dans le karat\u00e9. Mieux, Me Yugo met en exergue la valeur de \u00ab\u00a0discipline\u00a0\u00bb dans toute sa dimension.<br \/>\n<em>\u00ab\u00a0Je rentre de P\u00e9kin (\u2026)\u00a0; la Chine prendra le leadership mondial, pas par rapport \u00e0 l\u2019argent, \u00e0 ses usines, mais plut\u00f4t par rapport \u00e0 sa discipline (les Chinois sont disciplin\u00e9s). Quand vous avez une soci\u00e9t\u00e9 o\u00f9 les jeunes, les vieux, les femmes, les hommes sont disciplin\u00e9s, l\u2019\u00c9tat, les f\u00e9d\u00e9rations, peuvent atteindre leur objectif\u00a0\u00bb,<\/em> pr\u00f4ne Me Yugo.<\/p>\n<p><em>\u00ab\u00a0La deuxi\u00e8me chose qui m\u2019a marqu\u00e9, c\u2019est la dignit\u00e9 qu\u2019ils avaient face aux meilleurs mondiaux\u00a0; parce que l\u2019\u00c9gypte est l\u2019une des meilleures nations au niveau du karat\u00e9 mondial (je pense qu\u2019apr\u00e8s le Japon, c\u2019est l\u2019\u00c9gypte). Il y avait \u00e9galement chez les jeunes une volont\u00e9 de se battre et ils ont \u00e9limin\u00e9 de grands comp\u00e9titeurs dans certaines cat\u00e9gories. <\/em><br \/>\n<em>Je pense que nos participants ont engrang\u00e9 \u00e9galement des exp\u00e9riences qui leur donnent envie pour les ann\u00e9es \u00e0 venir. Le Burkina va r\u00e9server beaucoup de surprises en termes de r\u00e9sultats dans les ann\u00e9es qui viennent\u00a0\u00bb<\/em>, promet le pr\u00e9sident Yugo. D\u2019ores et d\u00e9j\u00e0, les intentions de la F\u00e9d\u00e9ration sont orient\u00e9es vers les Jeux olympiques (JO) de 2020.<\/p>\n<h3>Vers la mise en place d\u2019un p\u00f4le de haut niveau<\/h3>\n<p><img data-recalc-dims=\"1\" loading=\"lazy\" decoding=\"async\" data-attachment-id=\"270\" data-permalink=\"https:\/\/www.sidwaya.info\/editions\/2018\/11\/06\/championnats-dafrique-de-karate-do-desormais-il-faut-compter-avec-le-burkina\/7-404-41f48\/\" data-orig-file=\"https:\/\/i0.wp.com\/www.sidwaya.info\/editions\/wp-content\/uploads\/sites\/9\/2018\/11\/7-404-41f48.jpg?fit=500%2C375&amp;ssl=1\" data-orig-size=\"500,375\" data-comments-opened=\"1\" data-image-meta=\"{&quot;aperture&quot;:&quot;0&quot;,&quot;credit&quot;:&quot;&quot;,&quot;camera&quot;:&quot;&quot;,&quot;caption&quot;:&quot;&quot;,&quot;created_timestamp&quot;:&quot;0&quot;,&quot;copyright&quot;:&quot;&quot;,&quot;focal_length&quot;:&quot;0&quot;,&quot;iso&quot;:&quot;0&quot;,&quot;shutter_speed&quot;:&quot;0&quot;,&quot;title&quot;:&quot;&quot;,&quot;orientation&quot;:&quot;1&quot;}\" data-image-title=\"7-404-41f48.jpg\" data-image-description=\"\" data-image-caption=\"\" data-medium-file=\"https:\/\/i0.wp.com\/www.sidwaya.info\/editions\/wp-content\/uploads\/sites\/9\/2018\/11\/7-404-41f48.jpg?fit=300%2C225&amp;ssl=1\" data-large-file=\"https:\/\/i0.wp.com\/www.sidwaya.info\/editions\/wp-content\/uploads\/sites\/9\/2018\/11\/7-404-41f48.jpg?fit=500%2C375&amp;ssl=1\" class=\"alignright size-full wp-image-270\" src=\"https:\/\/i0.wp.com\/www.sidwaya.info\/editions\/wp-content\/uploads\/sites\/9\/2018\/11\/7-404-41f48.jpg?resize=500%2C375\" alt=\"\" width=\"500\" height=\"375\" srcset=\"https:\/\/i0.wp.com\/www.sidwaya.info\/editions\/wp-content\/uploads\/sites\/9\/2018\/11\/7-404-41f48.jpg?w=500&amp;ssl=1 500w, https:\/\/i0.wp.com\/www.sidwaya.info\/editions\/wp-content\/uploads\/sites\/9\/2018\/11\/7-404-41f48.jpg?resize=300%2C225&amp;ssl=1 300w, https:\/\/i0.wp.com\/www.sidwaya.info\/editions\/wp-content\/uploads\/sites\/9\/2018\/11\/7-404-41f48.jpg?resize=80%2C60&amp;ssl=1 80w, https:\/\/i0.wp.com\/www.sidwaya.info\/editions\/wp-content\/uploads\/sites\/9\/2018\/11\/7-404-41f48.jpg?resize=100%2C75&amp;ssl=1 100w, https:\/\/i0.wp.com\/www.sidwaya.info\/editions\/wp-content\/uploads\/sites\/9\/2018\/11\/7-404-41f48.jpg?resize=180%2C135&amp;ssl=1 180w, https:\/\/i0.wp.com\/www.sidwaya.info\/editions\/wp-content\/uploads\/sites\/9\/2018\/11\/7-404-41f48.jpg?resize=238%2C178&amp;ssl=1 238w\" sizes=\"auto, (max-width: 500px) 100vw, 500px\" \/>Fort de sa position, le karat\u00e9 burkinab\u00e8 se doit d\u00e9sormais d\u2019honorer son rang sur l\u2019\u00e9chiquier international et le premier responsable de la F\u00e9d\u00e9ration a d\u00e9j\u00e0 son id\u00e9e \u00e0 cet effet. <em>\u00ab\u00a0Nous allons cr\u00e9er des p\u00f4les de haut niveau\u00a0; un club de la F\u00e9d\u00e9ration qui va former essentiellement les athl\u00e8tes de haut niveau, toute l\u2019ann\u00e9e. On va les s\u00e9lectionner, ils vont \u00eatre reconnus par le minist\u00e8re des Sports et Loisirs et financ\u00e9s pour ne faire que cela. <\/em><br \/>\n<em>Ce sont des le\u00e7ons que nous tirons de cette importante sortie. Nous pensons que pour pouvoir atteindre nos objectifs, il faut aller vers cette d\u00e9marche. C\u2019est en laboratoire donc avec le directeur technique national et nous pensons que lorsqu\u2019il va sortir son dossier, nous allons adopter la cr\u00e9ation d\u2019un p\u00f4le de haut niveau pour le karat\u00e9, [afin de] nous pr\u00e9parer pour le mondial et les JO\u00a0\u00bb<\/em>, d\u00e9voile le pr\u00e9sident Yugo.<\/p>\n<p>Pour accompagner ses ambitions, la F\u00e9d\u00e9ration projette la formation des formateurs. \u00ab\u00a0Nous allons discuter avec l\u2019\u00c9tat burkinab\u00e8, pour voir quel minist\u00e8re peut nous aider dans la formation des jeunes pour acqu\u00e9rir ces dipl\u00f4mes. Nous allons \u00e9voluer \u00e9galement vers la formation technique, pur art martial des hauts grad\u00e9s, la mise en place d\u2019un r\u00e9seau d\u2019experts au plan national (parce qu\u2019on a aujourd\u2019hui plus de quinze 5e dan, c\u2019est maintenant les faire \u00e9voluer vers le 6e dan, et enfin vers des experts nationaux qui vont tourner et \u00eatre pay\u00e9s pour former des gens au niveau des r\u00e9gions). Voil\u00e0 la plateforme que je veux mettre en place pour pr\u00e9tendre \u00e0 un haut niveau acceptable\u00a0\u00bb, confie-t-il.<\/p>\n<p>Kigali annonce donc les couleurs pour l\u2019\u00e9chiquier international et Me Oumar Yugo se veut reconnaissant au Mogho Naaba, au chef de l\u2019\u00c9tat et aux partenaires qui l\u2019ont accompagn\u00e9 dans cette comp\u00e9tition continentale (Ebomaf, Abdoul Service, la Lonab le grand sponsor, l\u2019Ambassade du Japon, le minist\u00e8re des Sports et Loisirs\u2026).<\/p>\n<p>\u00c0 l\u2019issue de cet expos\u00e9 d\u00e9taill\u00e9, le pr\u00e9sident du Comit\u00e9 national olympique et des sports burkinab\u00e8, Jean Yam\u00e9ogo, a remerci\u00e9 d\u2019abord le pr\u00e9sident de la F\u00e9d\u00e9ration \u00ab\u00a0pour tout ce que vous avez fait pour rassembler ces karat\u00e9kas-l\u00e0, malgr\u00e9 les difficult\u00e9s\u00a0\u00bb. Cela est tr\u00e8s galvanisant, a-t-il dit, \u00ab\u00a0parce qu\u2019en 18 mois, amener le pays \u00e0 ce niveau, c\u2019est quelque chose d\u2019excellent, qui augure d\u2019un avenir totalement radieux\u00a0\u00bb. Jean Yam\u00e9ogo a \u00e9galement lou\u00e9 ses nombreuses valeurs, dont l\u2019engagement et la sinc\u00e9rit\u00e9 dans la conduite de la discipline. \u00ab\u00a0Aujourd\u2019hui, je suis fier qu\u2019il ait accompli ses missions et amen\u00e9 des m\u00e9dailles\u00a0\u00bb, s\u2019est-il r\u00e9joui \u00e0 son sujet.<\/p>\n<p>Aux karat\u00e9kas, M.\u00a0Yam\u00e9ogo a ensuite r\u00e9it\u00e9r\u00e9 toute sa fiert\u00e9 et prodigu\u00e9 de nombreux conseils. \u00ab\u00a0Je voudrais vous exhorter \u00e0 travailler et \u00e0 aller dans le sens de l\u2019honneur\u00a0\u00bb, a motiv\u00e9 le pr\u00e9sident du Comit\u00e9 national olympique et des sports burkinab\u00e8, prenant rendez-vous pour d\u2019autres exp\u00e9ditions pour la d\u00e9fense des couleurs du Burkina Faso.<\/p>\n<hr \/>\n<p><span style=\"color: #800000;\">Encadr\u00e9<\/span><\/p>\n<p><span style=\"color: #800000;\">Cat\u00e9gories de poids pour les deux comp\u00e9titions\u00a0:<\/span><br \/>\n<span style=\"color: #800000;\">Seniors dames (cinq cat\u00e9gories)\u00a0: -50 kg, -55 kg, -61 kg, -68 kg et +98 kg pour le kumit\u00e9, en plus du kata (individuels et par \u00e9quipes)<\/span><br \/>\n<span style=\"color: #800000;\">Seniors hommes (cinq cat\u00e9gories)\u00a0: -60 kg, -67 kg, -75 kg, -84 kg et +84 kg pour le kumit\u00e9, en plus du kata (individuels et par \u00e9quipes)<\/span><br \/>\n<span style=\"color: #800000;\">Juniors filles (quatre cat\u00e9gories)\u00a0: -48 kg, -53 kg, -59 kg et +59 kg pour le kumit\u00e9, en plus du kata (individuels et par \u00e9quipes)<\/span><br \/>\n<span style=\"color: #800000;\">Juniors gar\u00e7ons (cinq cat\u00e9gories)\u00a0: -55 kg, -61 kg, -68 kg, -76 kg et +76 kg pour le kumit\u00e9, en plus du kata (individuels et par \u00e9quipes).<\/span><\/p>\n<hr \/>\n<p>&nbsp;<\/p>\n","protected":false},"excerpt":{"rendered":"<p>Rentr\u00e9s de Kigali au Rwanda o\u00f9 ils ont pris part, aux c\u00f4t\u00e9s de 26 autres pays, aux championnats d\u2019Afrique de karat\u00e9, du 31 ao\u00fbt au 2 septembre 2018, les karat\u00e9kas burkinab\u00e8, conduits par le pr\u00e9sident de la f\u00e9d\u00e9ration, ont rendu une visite au pr\u00e9sident du Comit\u00e9 olympique et des sports burkinab\u00e8, Jean Yam\u00e9ogo, le 14 [&hellip;]<\/p>\n","protected":false},"author":1,"featured_media":272,"comment_status":"open","ping_status":"open","sticky":false,"template":"","format":"standard","meta":{"jetpack_post_was_ever_published":false,"_jetpack_newsletter_access":"","_jetpack_dont_email_post_to_subs":false,"_jetpack_newsletter_tier_id":0,"_jetpack_memberships_contains_paywalled_content":false,"_jetpack_memberships_contains_paid_content":false,"footnotes":""},"categories":[35],"tags":[],"class_list":{"0":"post-265","1":"post","2":"type-post","3":"status-publish","4":"format-standard","5":"has-post-thumbnail","7":"category-karate"},"jetpack_featured_media_url":"https:\/\/i0.wp.com\/www.sidwaya.info\/editions\/wp-content\/uploads\/sites\/9\/2018\/11\/arton85727.jpg?fit=700%2C437&ssl=1","jetpack_sharing_enabled":true,"jetpack_shortlink":"https:\/\/wp.me\/paquYs-4h","jetpack-related-posts":[],"_links":{"self":[{"href":"https:\/\/www.sidwaya.info\/editions\/wp-json\/wp\/v2\/posts\/265","targetHints":{"allow":["GET"]}}],"collection":[{"href":"https:\/\/www.sidwaya.info\/editions\/wp-json\/wp\/v2\/posts"}],"about":[{"href":"https:\/\/www.sidwaya.info\/editions\/wp-json\/wp\/v2\/types\/post"}],"author":[{"embeddable":true,"href":"https:\/\/www.sidwaya.info\/editions\/wp-json\/wp\/v2\/users\/1"}],"replies":[{"embeddable":true,"href":"https:\/\/www.sidwaya.info\/editions\/wp-json\/wp\/v2\/comments?post=265"}],"version-history":[{"count":0,"href":"https:\/\/www.sidwaya.info\/editions\/wp-json\/wp\/v2\/posts\/265\/revisions"}],"wp:featuredmedia":[{"embeddable":true,"href":"https:\/\/www.sidwaya.info\/editions\/wp-json\/wp\/v2\/media\/272"}],"wp:attachment":[{"href":"https:\/\/www.sidwaya.info\/editions\/wp-json\/wp\/v2\/media?parent=265"}],"wp:term":[{"taxonomy":"category","embeddable":true,"href":"https:\/\/www.sidwaya.info\/editions\/wp-json\/wp\/v2\/categories?post=265"},{"taxonomy":"post_tag","embeddable":true,"href":"https:\/\/www.sidwaya.info\/editions\/wp-json\/wp\/v2\/tags?post=265"}],"curies":[{"name":"wp","href":"https:\/\/api.w.org\/{rel}","templated":true}]}}