{"id":317,"date":"2019-02-18T14:48:47","date_gmt":"2019-02-18T14:48:47","guid":{"rendered":"https:\/\/www.sidwaya.info\/editions\/2019\/02\/18\/burkina-faso-declaration-de-politique-generale\/"},"modified":"2019-02-18T14:48:47","modified_gmt":"2019-02-18T14:48:47","slug":"burkina-faso-declaration-de-politique-generale","status":"publish","type":"post","link":"https:\/\/www.sidwaya.info\/editions\/2019\/02\/18\/burkina-faso-declaration-de-politique-generale\/","title":{"rendered":"Burkina Faso: D\u00e9claration de politique g\u00e9n\u00e9rale"},"content":{"rendered":"<p>Le Premier ministre (PM) burkinab\u00e8, Christophe Joseph Marie Dabir\u00e9\u00a0 a prononc\u00e9, ce lundi 18 f\u00e9vrier 2019, \u00e0 l\u2019Assembl\u00e9e nationale, sa D\u00e9claration de politique g\u00e9n\u00e9rale (DPG).<\/p>\n<p>T\u00e9l\u00e9charger l\u2019int\u00e9gralit\u00e9 de la\u00a0<a href=\"https:\/\/www.sidwaya.info\/carrefour\/wp-content\/uploads\/sites\/8\/2019\/02\/DPG_Version-finale-PM-DABIRE_.pdf\">d\u00e9claration de politique g\u00e9n\u00e9rale <\/a><\/p>\n","protected":false},"excerpt":{"rendered":"<p>Le Premier ministre (PM) burkinab\u00e8, Christophe Joseph Marie Dabir\u00e9\u00a0 a prononc\u00e9, ce lundi 18 f\u00e9vrier 2019, \u00e0 l\u2019Assembl\u00e9e nationale, sa D\u00e9claration de politique g\u00e9n\u00e9rale (DPG). T\u00e9l\u00e9charger l\u2019int\u00e9gralit\u00e9 de la\u00a0d\u00e9claration de politique g\u00e9n\u00e9rale<\/p>\n","protected":false},"author":2,"featured_media":318,"comment_status":"open","ping_status":"open","sticky":false,"template":"","format":"standard","meta":{"jetpack_post_was_ever_published":false,"_jetpack_newsletter_access":"","_jetpack_dont_email_post_to_subs":false,"_jetpack_newsletter_tier_id":0,"_jetpack_memberships_contains_paywalled_content":false,"_jetpack_memberships_contains_paid_content":false,"footnotes":""},"categories":[24,22],"tags":[],"class_list":{"0":"post-317","1":"post","2":"type-post","3":"status-publish","4":"format-standard","5":"has-post-thumbnail","7":"category-la-une-site","8":"category-societe"},"jetpack_featured_media_url":"https:\/\/i0.wp.com\/www.sidwaya.info\/editions\/wp-content\/uploads\/sites\/9\/2019\/02\/DECLARATION-PREMIER-MINISTRE-recto.jpg?fit=900%2C1304&ssl=1","jetpack_sharing_enabled":true,"jetpack_shortlink":"https:\/\/wp.me\/paquYs-57","jetpack-related-posts":[],"_links":{"self":[{"href":"https:\/\/www.sidwaya.info\/editions\/wp-json\/wp\/v2\/posts\/317","targetHints":{"allow":["GET"]}}],"collection":[{"href":"https:\/\/www.sidwaya.info\/editions\/wp-json\/wp\/v2\/posts"}],"about":[{"href":"https:\/\/www.sidwaya.info\/editions\/wp-json\/wp\/v2\/types\/post"}],"author":[{"embeddable":true,"href":"https:\/\/www.sidwaya.info\/editions\/wp-json\/wp\/v2\/users\/2"}],"replies":[{"embeddable":true,"href":"https:\/\/www.sidwaya.info\/editions\/wp-json\/wp\/v2\/comments?post=317"}],"version-history":[{"count":0,"href":"https:\/\/www.sidwaya.info\/editions\/wp-json\/wp\/v2\/posts\/317\/revisions"}],"wp:featuredmedia":[{"embeddable":true,"href":"https:\/\/www.sidwaya.info\/editions\/wp-json\/wp\/v2\/media\/318"}],"wp:attachment":[{"href":"https:\/\/www.sidwaya.info\/editions\/wp-json\/wp\/v2\/media?parent=317"}],"wp:term":[{"taxonomy":"category","embeddable":true,"href":"https:\/\/www.sidwaya.info\/editions\/wp-json\/wp\/v2\/categories?post=317"},{"taxonomy":"post_tag","embeddable":true,"href":"https:\/\/www.sidwaya.info\/editions\/wp-json\/wp\/v2\/tags?post=317"}],"curies":[{"name":"wp","href":"https:\/\/api.w.org\/{rel}","templated":true}]}}