{"id":339,"date":"2019-05-13T21:02:34","date_gmt":"2019-05-13T21:02:34","guid":{"rendered":"https:\/\/www.sidwaya.info\/editions\/2019\/05\/13\/kadre-desire-ouedraogola-reconciliation-est-un-comportement\/"},"modified":"2019-05-14T09:43:04","modified_gmt":"2019-05-14T09:43:04","slug":"kadre-desire-ouedraogola-reconciliation-est-un-comportement","status":"publish","type":"post","link":"https:\/\/www.sidwaya.info\/editions\/2019\/05\/13\/kadre-desire-ouedraogola-reconciliation-est-un-comportement\/","title":{"rendered":"Kadr\u00e9 D\u00e9sir\u00e9 Ou\u00e9draogo,\u00abLa r\u00e9conciliation est un comportement\u00bb"},"content":{"rendered":"<p><strong>L\u2019ancien Premier ministre et pr\u00e9sident de la Commission de la CEDEAO, Kadr\u00e9 D\u00e9sir\u00e9 Ou\u00e9draogo, a \u00e9chang\u00e9 \u00e0 b\u00e2tons rompus avec la r\u00e9daction de Sidwaya, le mercredi 8 mai 2019 \u00e0 Ouagadougou. Ses ambitions pr\u00e9sidentielles, ses relations avec l\u2019ancien pr\u00e9sident Blaise Compaor\u00e9 et au sein du CDP, la fronde sociale, la question du franc CFA ont \u00e9t\u00e9 entre autres sujets abord\u00e9s lors de l\u2019entretien.<\/strong><\/p>\n<p>Sidwaya (S.) : En mars 1996, vous avez remplac\u00e9 Roch Marc Christian Kabor\u00e9 \u00e0 la t\u00eate du gouvernement comme Premier ministre. L\u2019histoire peut-elle se r\u00e9p\u00e9ter en 2020, \u00e0 l\u2019issue de l\u2019\u00e9lection pr\u00e9sidentielle ?<\/p>\n<p>Kadr\u00e9 D\u00e9sir\u00e9 Ou\u00e9draogo (K.D.O.) : Dieu seul connait l\u2019avenir. Nous les humains, avons des propositions, mais la d\u00e9cision finale revient \u00e0 Dieu.<\/p>\n<p>S. : Quels rapports entretenez-vous avec le chef de l\u2019Etat ?<\/p>\n<p>K.D.O. : Le pr\u00e9sident Roch Marc Christian Kabor\u00e9 fut mon pr\u00e9d\u00e9cesseur comme Premier ministre. Au-del\u00e0 de cela, nous avons coop\u00e9r\u00e9 quand il \u00e9tait pr\u00e9sident du Congr\u00e8s pour la d\u00e9mocratie et le progr\u00e8s (CDP) et moi, chef du gouvernement. Il va sans dire que nous avons eu des rapports de collaboration et j\u2019en garde de tr\u00e8s bons souvenirs. Lorsque je suis rentr\u00e9 \u00e0 Ouagadougou apr\u00e8s ma mission \u00e0 la CEDEAO, il a d\u00e9p\u00each\u00e9 une d\u00e9l\u00e9gation minist\u00e9rielle pour m\u2019accueillir \u00e0 l\u2019a\u00e9roport. Le lendemain, il m\u2019a adress\u00e9 une lettre au nom du peuple burkinab\u00e8 pour me f\u00e9liciter pour mes actions au sein de l\u2019institution communautaire au nom du Burkina Faso. Le 8 d\u00e9cembre 2018, il m\u2019a fait l\u2019insigne honneur de me d\u00e9cerner la d\u00e9coration de Grand-Croix de l\u2019Ordre national en reconnaissance de ma contribution \u00e0 la CEDEAO. Je lui suis reconnaissant pour toutes ces marques de consid\u00e9ration.<\/p>\n<p>S. : Comment appr\u00e9ciez-vous sa gouvernance \u00e0 la t\u00eate du pays ?<\/p>\n<p>K.D.O. : Je n\u2019ai pas tous les \u00e9l\u00e9ments pour bien appr\u00e9cier son action. J\u2019appr\u00e9cie g\u00e9n\u00e9ralement les r\u00e9sultats, et de ce point de vue, nous constatons que les aspirations du peuple restent \u00e0 \u00eatre combl\u00e9es, malgr\u00e9 les efforts du gouvernement. Nous avons beaucoup de d\u00e9fis \u00e0 relever et d\u2019efforts \u00e0 faire. Il faut am\u00e9liorer notre action commune. Il y a des m\u00e9rites, mais aussi des insuffisances. Je n\u2019ai pas besoin de le rappeler, notre pays est dans une situation tr\u00e8s \u00e9prouvante. Nous esp\u00e9rons que tout sera fait pour que le Burkina Faso sorte de cette phase difficile.<\/p>\n<p><img data-recalc-dims=\"1\" loading=\"lazy\" decoding=\"async\" data-attachment-id=\"340\" data-permalink=\"https:\/\/www.sidwaya.info\/editions\/2019\/05\/13\/kadre-desire-ouedraogola-reconciliation-est-un-comportement-2\/1kala\/\" data-orig-file=\"https:\/\/i0.wp.com\/www.sidwaya.info\/editions\/wp-content\/uploads\/sites\/9\/2019\/05\/1kala.jpg?fit=900%2C600&amp;ssl=1\" data-orig-size=\"900,600\" data-comments-opened=\"0\" data-image-meta=\"{&quot;aperture&quot;:&quot;4&quot;,&quot;credit&quot;:&quot;&quot;,&quot;camera&quot;:&quot;NIKON D5300&quot;,&quot;caption&quot;:&quot;&quot;,&quot;created_timestamp&quot;:&quot;1557311129&quot;,&quot;copyright&quot;:&quot;&quot;,&quot;focal_length&quot;:&quot;28&quot;,&quot;iso&quot;:&quot;800&quot;,&quot;shutter_speed&quot;:&quot;0.016666666666667&quot;,&quot;title&quot;:&quot;&quot;,&quot;orientation&quot;:&quot;1&quot;}\" data-image-title=\"1kala.jpg\" data-image-description=\"\" data-image-caption=\"\" data-medium-file=\"https:\/\/i0.wp.com\/www.sidwaya.info\/editions\/wp-content\/uploads\/sites\/9\/2019\/05\/1kala.jpg?fit=300%2C200&amp;ssl=1\" data-large-file=\"https:\/\/i0.wp.com\/www.sidwaya.info\/editions\/wp-content\/uploads\/sites\/9\/2019\/05\/1kala.jpg?fit=696%2C464&amp;ssl=1\" class=\"alignleft wp-image-340\" src=\"https:\/\/i0.wp.com\/www.sidwaya.info\/editions\/wp-content\/uploads\/sites\/9\/2019\/05\/1kala.jpg?resize=512%2C341&#038;ssl=1\" alt=\"\" width=\"512\" height=\"341\" srcset=\"https:\/\/i0.wp.com\/www.sidwaya.info\/editions\/wp-content\/uploads\/sites\/9\/2019\/05\/1kala.jpg?w=900&amp;ssl=1 900w, https:\/\/i0.wp.com\/www.sidwaya.info\/editions\/wp-content\/uploads\/sites\/9\/2019\/05\/1kala.jpg?resize=300%2C200&amp;ssl=1 300w, https:\/\/i0.wp.com\/www.sidwaya.info\/editions\/wp-content\/uploads\/sites\/9\/2019\/05\/1kala.jpg?resize=768%2C512&amp;ssl=1 768w, https:\/\/i0.wp.com\/www.sidwaya.info\/editions\/wp-content\/uploads\/sites\/9\/2019\/05\/1kala.jpg?resize=696%2C464&amp;ssl=1 696w, https:\/\/i0.wp.com\/www.sidwaya.info\/editions\/wp-content\/uploads\/sites\/9\/2019\/05\/1kala.jpg?resize=630%2C420&amp;ssl=1 630w\" sizes=\"auto, (max-width: 512px) 100vw, 512px\" \/><strong>S. : \u00abL\u2019Europe doit d\u00e9cider de fermer l\u2019approvisionnement des groupes terroristes\u00bb, a affirm\u00e9 le pr\u00e9sident Kabor\u00e9 lors de la visite de Angela Merkel \u00e0 Ouagadougou.\u00a0Qu\u2019est-ce que cette d\u00e9claration vous inspire ?<\/strong><\/p>\n<p>K.D.O. : Il est juste de dire que les armes qui circulent ne sont certainement pas fabriqu\u00e9es dans le Sahel ni au Burkina Faso. Nous subissons les cons\u00e9quences de la crise en Lybie, surtout avec une diss\u00e9mination des armes \u00e0 travers le Sahel. Les armes sont aux mains d\u2019individus peu recommandables et cette situation porte un grave pr\u00e9judice \u00e0 notre s\u00e9curit\u00e9. Que tous ceux qui peuvent, par des mesures diverses, freiner cette prolif\u00e9ration des armes dans notre zone, le fassent, car cela rendrait un grand service \u00e0 la paix, \u00e0 la stabilit\u00e9 et \u00e0 la s\u00e9curit\u00e9 du Sahel. C\u2019est pour cela qu\u2019au niveau de la CEDEAO, il y a un programme destin\u00e9 \u00e0 freiner la prolif\u00e9ration et la circulation des armes l\u00e9g\u00e8res. Pour importer des armes l\u00e9g\u00e8res, les Etats ont besoin d\u2019une autorisation de la CEDEAO afin de contr\u00f4ler la quantit\u00e9 d\u2019armes qui entrent en Afrique de l\u2019Ouest. Il est \u00e9vident que les groupes arm\u00e9s et les criminels passent par des circuits non r\u00e8glementaires pour \u00e9couler leurs armes. C\u2019est pour cela qu\u2019il faut combattre la circulation des armes l\u00e9g\u00e8res. C\u2019est une t\u00e2che difficile quand on conna\u00eet la porosit\u00e9 des fronti\u00e8res et l\u2019immensit\u00e9 de nos territoires. Mais les organisations r\u00e9gionales sp\u00e9cialis\u00e9es s\u2019occupent de cette question.<\/p>\n<p>S. : Que r\u00e9pondriez-vous \u00e0 ceux qui accusent l\u2019ancien pouvoir d\u2019\u00eatre derri\u00e8re les actes terroristes au Burkina ?<\/p>\n<p>K.D.O. : Lorsqu\u2019on est dans une situation similaire \u00e0 celle du Burkina Faso, il faut \u00e9viter de trouver des boucs \u00e9missaires ou de nous accuser mutuellement. L\u2019essentiel, c\u2019est ce que nous faisons pour faire face \u00e0 l\u2019ins\u00e9curit\u00e9. A supposer qu\u2019il y ait des commanditaires, en trois ans, on a eu le temps d\u2019\u00e9laborer des strat\u00e9gies pour contrer toute mauvaise intention. Il faut plut\u00f4t regarder vers l\u2019avenir et les strat\u00e9gies en vue de contenir le ph\u00e9nom\u00e8ne, plut\u00f4t que de rechercher qui en est responsable. Le plus important, c\u2019est de combattre ces actions d\u2019o\u00f9 qu\u2019elles viennent. C\u2019est notre d\u00e9termination qui est essentielle et non pas les accusations qui ne font d\u2019ailleurs qu\u2019aggraver la situation.<\/p>\n<blockquote><p>S. : Que faut-il faire, \u00e0 votre avis, pour mettre fin aux attaques terroristes ?<\/p><\/blockquote>\n<p>K.D.O. : Il n\u2019y a pas de baguette magique pour trouver une solution \u00e0 ce ph\u00e9nom\u00e8ne. C\u2019est certainement la combinaison de plusieurs mesures qui peuvent nous permettre d\u2019en venir \u00e0 bout. Certes, il faut une strat\u00e9gie militaire, mais il y a aussi d\u2019autres questions de d\u00e9veloppement \u00e0 r\u00e9soudre. Il y a un paquet de ph\u00e9nom\u00e8nes qui favorisent le terrorisme. Il faut une solution qui d\u00e9passe l\u2019option militaire, n\u00e9cessaire et indispensable, mais pas suffisante.<\/p>\n<p>S. : Comment appr\u00e9ciez-vous la r\u00e9ponse du pouvoir en place \u00e0 ce ph\u00e9nom\u00e8ne ?<\/p>\n<p>K.D.O. : Je ne juge qu\u2019aux r\u00e9sultats. Pour le moment, nous ne sommes pas satisfaits. Nous continuons \u00e0 subir de nombreuses pertes en vies humaines au sein des forces de d\u00e9fense et de s\u00e9curit\u00e9, des populations et des agents de l\u2019Etat. Cette situation est inacceptable. Il y a encore du chemin \u00e0 faire et nous ne sommes pas satisfaits, jusqu\u2019\u00e0 ce jour, de la r\u00e9ponse apport\u00e9e \u00e0 la situation. Il faut redoubler d\u2019efforts pour \u00e9viter que notre pays ne devienne la proie \u00e0 tous ces criminels qui endeuillent nos familles et plombent l\u2019\u00e9conomie nationale. A ce jour, il y a des zones du pays o\u00f9 des investisseurs h\u00e9sitent \u00e0 y mettre les pieds. Ceci est un d\u00e9savantage certain pour notre \u00e9conomie.<\/p>\n<p>S. : R\u00e9cemment, vous avez produit un communiqu\u00e9 condamnant les assassinats \u00e0 Comin-Yanga. Pourquoi maintenant et pas avant ?<\/p>\n<p>K.D.O. : Lors de la premi\u00e8re attaque terroriste du 15 janvier 2016, je suis venu \u00e0 Ouagadougou, en tant que pr\u00e9sident de la Commission de la CEDEAO. J\u2019ai \u00e9t\u00e9 re\u00e7u par le pr\u00e9sident du Faso et j\u2019ai exprim\u00e9 \u00e0 cette \u00e9poque, non seulement ma condamnation et celle de la CEDEAO, mais \u00e9galement apport\u00e9 notre solidarit\u00e9 au Burkina dans cette \u00e9preuve. L\u2019organisation sous r\u00e9gionale a donn\u00e9 une contribution financi\u00e8re \u00e0 l\u2019occasion. Quand il y a eu le drame de Yirgou, j\u2019ai \u00e9galement r\u00e9agi tout comme \u00e0 d\u2019autres circonstances. Ce n\u2019est pas seulement le d\u00e9c\u00e8s des enseignants \u00e0 Comin-Yanga, que je d\u00e9plore du reste. Je me suis exprim\u00e9 \u00e0 maintes \u00e9poques, peut-\u00eatre que ma voix n\u2019\u00e9tait pas audible.<\/p>\n<p>S. : Vous avez accept\u00e9, le 16 f\u00e9vrier \u00e0 Bobo-Dioulasso, d\u2019\u00eatre candidat \u00e0 la pr\u00e9sidentielle de 2020. Qu\u2019est-ce qui vous a motiv\u00e9 \u00e0 vous engager ?<\/p>\n<p>K.D.O. : Notre pays vit l\u2019une des p\u00e9riodes les plus \u00e9prouvantes de son histoire, avec de nombreux d\u00e9fis. Nous avons pens\u00e9 qu\u2019en de pareils moments, il est du devoir de tout citoyen, de mettre son exp\u00e9rience \u00e0 la disposition de la nation burkinab\u00e8. C\u2019est par devoir patriotique que je me suis engag\u00e9 en vue d\u2019apporter ma contribution \u00e0 la r\u00e9solution des nombreux d\u00e9fis auxquels le Burkina Faso fait face. J\u2019appr\u00e9cie positivement le fait que des citoyens burkinab\u00e8 aient lanc\u00e9 un appel \u00e0 ma candidature. Je les remercie pour la confiance plac\u00e9e en ma personne et leur ai dit mon engagement ferme \u00e0 me mettre \u00e0 la disposition du pays, pour qu\u2019ensemble, nous puissions trouver des solutions aux d\u00e9fis du moment.<\/p>\n<p>S. : Votre candidature a-t-elle re\u00e7u l\u2019aval de l\u2019ancien pr\u00e9sident Blaise Compaor\u00e9 ?<\/p>\n<p>K.D.O. : Je peux vous dire que le pr\u00e9sident Blaise Compaor\u00e9 a \u00e9t\u00e9 inform\u00e9 de ma d\u00e9cision de me pr\u00e9senter \u00e0 l\u2019\u00e9lection pr\u00e9sidentielle. Il lui revient de r\u00e9pondre \u00e0 votre question s\u2019agissant de l\u2019aval dont vous parlez.<\/p>\n<blockquote><p>S. : Est-ce que vos soutiens ne se sont-ils pas servi de l\u2019image du CDP pour mobiliser ?<\/p><\/blockquote>\n<p>K.D.O. : Pas du tout ! Un communiqu\u00e9 a \u00e9t\u00e9 diffus\u00e9 par la direction du parti, trois jours durant \u00e0 Bobo-Dioulasso, avant le meeting, pour informer les militants que ce n\u2019\u00e9tait pas une manifestation du CDP. Ceux qui sont venus me soutenir l\u2019ont fait en toute connaissance de cause. C\u2019\u00e9tait un rassemblement de patriotes qui veulent du bien de leur pays et cela d\u00e9passe largement le cadre d\u2019un parti politique. Il y avait des militants du CDP et d\u2019autres partis mais aussi de simples citoyens qui n\u2019avaient jamais fait la politique. Tous estiment que compte tenu de la situation dans laquelle se trouve notre pays, leur devoir est de s\u2019engager pour l\u2019en sortir. Je ne peux que leur rendre hommage d\u2019\u00eatre venus nombreux et d\u2019avoir sem\u00e9 l\u2019espoir \u00e0 Bobo pour notre pays.<\/p>\n<p>S : Plusieurs opposants ont annonc\u00e9 leurs candidatures. Cette pl\u00e9thore de pr\u00e9tendants \u00e0 la magistrature supr\u00eame ne va-t-elle pas fragiliser les chances de l\u2019opposition ?<\/p>\n<p>K.D.O. : Pas du tout ! Lorsqu\u2019il est question de l\u2019int\u00e9r\u00eat du pays, chaque Burkinab\u00e8, qui s\u2019estime en mesure d\u2019apporter quelque chose, a le devoir de s\u2019engager. Je ne vois aucun inconv\u00e9nient \u00e0 ce qu\u2019il y ait beaucoup de candidatures. D\u2019ailleurs, nous nous plaignons souvent que l\u2019offre politique n\u2019est pas suffisamment vari\u00e9e au Burkina. Si nous avons la chance que cette offre s\u2019\u00e9largisse, il faut s\u2019en r\u00e9jouir.<\/p>\n<p>S. : En tant qu\u2019ancien pr\u00e9sident de la Commission de la CEDEAO, votre candidature est-elle soutenue par des chefs d\u2019Etat de la sous-r\u00e9gion ?<\/p>\n<p>K.D.O. : La CEDEAO est une organisation internationale qui ne s\u2019occupe pas de la politique interne des Etats. Il faut dissocier l\u2019action de l\u2019institution de celles de ses anciens membres ou pr\u00e9sidents de commission ou en exercice.<\/p>\n<p>S. : Vous avez quand m\u00eame un carnet d\u2019adresses bien fourni qui pourrait vous servir?<\/p>\n<p>K.D.O. : C\u2019est un honneur d\u2019avoir servi \u00e0 de hautes fonctions, pas seulement en tant que pr\u00e9sident de la commission de la CEDEAO. J\u2019ai \u00e9t\u00e9 vice-gouverneur de la BCEAO, ambassadeur \u00e0 Bruxelles et haut cadre \u00e0 l\u2019UEMOA. J\u2019ai eu beaucoup d\u2019amis et je m\u2019en f\u00e9licite. Lorsque j\u2019ai fini mes fonctions \u00e0 la CEDEAO, la plupart des chefs d\u2019Etat se sont dit satisfaits de mon action. Ils l\u2019ont affirm\u00e9 au dernier sommet en d\u00e9cembre 2015 \u00e0 Abuja. Ils ont m\u00eame insist\u00e9 pour le mettre dans le communiqu\u00e9 final et plusieurs d\u2019entre eux m\u2019ont fait l\u2019honneur de me d\u00e9corer dans leurs Ordres nationaux.<\/p>\n<p>S. : Avez-vous leur soutien pour votre aventure pr\u00e9sidentiable ?<\/p>\n<p>K.D.O. : C\u2019est \u00e0 eux qu\u2019il faut poser la question.<\/p>\n<p>S. : Si le CDP ne vous soutient pas, peut-on s\u2019attendre \u00e0 la cr\u00e9ation d\u2019un parti politique qui va porter votre candidature ?<\/p>\n<p>K.D.O. : La campagne \u00e9lectorale est une question de strat\u00e9gie. En temps opportun, nous aviserons. L\u2019essentiel est d\u2019avoir une dynamique qui nous permet de d\u00e9fendre nos id\u00e9es. Pour cela, nous avons besoin de strat\u00e9gie et d\u2019organisation.<\/p>\n<p>S. : Est-ce que vous vous sentez toujours au sein du CDP ?<\/p>\n<p>K.D.O. : Je suis toujours militant du parti. Je n\u2019ai pas chang\u00e9 de cap jusqu\u2019\u00e0 ce jour. Le CDP est un grand parti qui doit pouvoir s\u2019adapter au contexte. Je souhaite que le parti s\u2019y mette, en int\u00e9grant les aspirations et la volont\u00e9 de notre peuple au changement. Nous devons quitter la politique politicienne pour nous attaquer aux vrais d\u00e9fis de notre peuple. C\u2019est ce que je souhaite au CDP et aux autres partis politiques.<\/p>\n<p>S. : Etes-vous favorable au retour de Blaise Compaor\u00e9 ?<\/p>\n<p>K.D.O. : Quelles que soient les circonstances, la place d\u2019un ancien chef d\u2019Etat est dans son propre pays. Il est normal que celui qui a dirig\u00e9 notre pays pendant 27ans, quelles que soient les erreurs ou insuffisances, rentre au bercail. Les conditions de ce retour doivent \u00eatre d\u00e9finies par des voix plus autoris\u00e9es que la mienne.<\/p>\n<p>S. : Avez-vous vu l\u2019ancien pr\u00e9sident depuis sa chute ?<\/p>\n<p><img data-recalc-dims=\"1\" loading=\"lazy\" decoding=\"async\" data-attachment-id=\"342\" data-permalink=\"https:\/\/www.sidwaya.info\/editions\/2019\/05\/13\/kadre-desire-ouedraogola-reconciliation-est-un-comportement-2\/kdo1-2\/\" data-orig-file=\"https:\/\/i0.wp.com\/www.sidwaya.info\/editions\/wp-content\/uploads\/sites\/9\/2019\/05\/kdo1-1.jpg?fit=900%2C600&amp;ssl=1\" data-orig-size=\"900,600\" data-comments-opened=\"0\" data-image-meta=\"{&quot;aperture&quot;:&quot;5.6&quot;,&quot;credit&quot;:&quot;&quot;,&quot;camera&quot;:&quot;NIKON D5300&quot;,&quot;caption&quot;:&quot;????????????????????????????????????&quot;,&quot;created_timestamp&quot;:&quot;1557310680&quot;,&quot;copyright&quot;:&quot;&quot;,&quot;focal_length&quot;:&quot;116&quot;,&quot;iso&quot;:&quot;1000&quot;,&quot;shutter_speed&quot;:&quot;0.016666666666667&quot;,&quot;title&quot;:&quot;&quot;,&quot;orientation&quot;:&quot;1&quot;}\" data-image-title=\"kdo1-1.jpg\" data-image-description=\"\" data-image-caption=\"&lt;p&gt;????????????????????????????????????&lt;\/p&gt;\n\" data-medium-file=\"https:\/\/i0.wp.com\/www.sidwaya.info\/editions\/wp-content\/uploads\/sites\/9\/2019\/05\/kdo1-1.jpg?fit=300%2C200&amp;ssl=1\" data-large-file=\"https:\/\/i0.wp.com\/www.sidwaya.info\/editions\/wp-content\/uploads\/sites\/9\/2019\/05\/kdo1-1.jpg?fit=696%2C464&amp;ssl=1\" class=\"size-full wp-image-342\" src=\"https:\/\/i0.wp.com\/www.sidwaya.info\/editions\/wp-content\/uploads\/sites\/9\/2019\/05\/kdo1-1.jpg?resize=696%2C464&#038;ssl=1\" alt=\"\" width=\"696\" height=\"464\" srcset=\"https:\/\/i0.wp.com\/www.sidwaya.info\/editions\/wp-content\/uploads\/sites\/9\/2019\/05\/kdo1-1.jpg?w=900&amp;ssl=1 900w, https:\/\/i0.wp.com\/www.sidwaya.info\/editions\/wp-content\/uploads\/sites\/9\/2019\/05\/kdo1-1.jpg?resize=300%2C200&amp;ssl=1 300w, https:\/\/i0.wp.com\/www.sidwaya.info\/editions\/wp-content\/uploads\/sites\/9\/2019\/05\/kdo1-1.jpg?resize=768%2C512&amp;ssl=1 768w, https:\/\/i0.wp.com\/www.sidwaya.info\/editions\/wp-content\/uploads\/sites\/9\/2019\/05\/kdo1-1.jpg?resize=696%2C464&amp;ssl=1 696w, https:\/\/i0.wp.com\/www.sidwaya.info\/editions\/wp-content\/uploads\/sites\/9\/2019\/05\/kdo1-1.jpg?resize=630%2C420&amp;ssl=1 630w\" sizes=\"auto, (max-width: 696px) 100vw, 696px\" \/><\/p>\n<p>K.D.O. : Bien s\u00fbr, \u00e0 plusieurs reprises. Je l\u2019ai rencontr\u00e9 lorsque j\u2019\u00e9tais encore pr\u00e9sident de la commission de la CEDEAO et aussi apr\u00e8s mes fonctions. Pour moi, les relations humaines sont plus importantes que les consid\u00e9rations politiques.<\/p>\n<p><strong>S. : Le d\u00e9bat sur la r\u00e9conciliation nationale fait rage alors que des anciens dignitaires ont maille \u00e0 partir avec la justice. Quelle est votre position sur le sujet ?<\/strong><\/p>\n<p>K.D.O. : : Je l\u2019ai dit clairement \u00e0 Bobo-Dioulasso, mon sentiment est que notre pays a besoin d\u2019une v\u00e9ritable r\u00e9conciliation. Vous ne pouvez pas esp\u00e9rer aller au d\u00e9veloppement, vaincre le terrorisme dans l\u2019\u00e9tat actuel o\u00f9 nous sommes. Chacun en a gros sur le c\u0153ur, des citoyens ont vu leurs maisons saccag\u00e9es, br\u00fbl\u00e9es ou leurs proches assassin\u00e9s. Il y a de la haine dans les c\u0153urs. Comment voulez-vous construire le pays si vous laisser cette situation en l\u2019\u00e9tat ? C\u2019est une urgence pour nous d\u2019assurer la coh\u00e9sion des Burkinab\u00e8, la paix des c\u0153urs et de faire en sorte que nous puissions \u00eatre unis \u00e0 nouveau pour faire face aux principaux d\u00e9fis. La r\u00e9conciliation nationale est une priorit\u00e9. Maintenant, les voies par lesquelles on y parvient d\u00e9pendent de nous. C\u2019est pourquoi, j\u2019ai l\u2019intention d\u2019apporter ma contribution non seulement au probl\u00e8me de la r\u00e9conciliation, mais \u00e0 d\u2019autres questions importantes comme celles de la s\u00e9curit\u00e9, du d\u00e9veloppement \u00e9conomique et social.<\/p>\n<p>S. : Pourquoi vous ne proposez pas la voie maintenant ?<\/p>\n<p>K.D.O. : Le peuple burkinab\u00e8 a plac\u00e9 sa confiance au gouvernement. Il appartient aux dirigeants de trouver les solutions. Je suis disponible pour apporter ma contribution \u00e0 la question de la r\u00e9conciliation. J\u2019ai \u00e9t\u00e9 re\u00e7u par le Premier ministre, Christophe Dabir\u00e9, qui a d\u00e9cid\u00e9 de rencontrer ses pr\u00e9d\u00e9cesseurs. Je lui ai exprim\u00e9 ma disponibilit\u00e9 \u00e0 apporter des id\u00e9es qui peuvent favoriser la r\u00e9conciliation nationale.<\/p>\n<p>S. : Etes-vous pour la justice transitionnelle pour aller \u00e0 la r\u00e9conciliation ?<\/p>\n<p>K.D.O. : La justice transitionnelle doit \u00eatre explor\u00e9e parmi les recherches de solutions \u00e0 la situation actuelle. Il ne faut pas l\u2019\u00e9carter. La r\u00e9conciliation n\u2019est pas un mot mais un comportement. Est-ce que dans nos actes de tous les jours nous avons vraiment besoin de r\u00e9conciliation ? Si nous r\u00e9pondons positivement \u00e0 cette question, nous avons fait un grand pas dans le sens de la r\u00e9conciliation. Il faut poser des actes qui montrent que nous avons besoin de r\u00e9conciliation. Il appartient \u00e0 ceux qui nous gouvernent s\u2019insuffler la machine pour que les citoyens adh\u00e8rent.<\/p>\n<p>S. : Blaise Compaor\u00e9 ne sait-il pas renier en prenant la nationalit\u00e9 ivoirienne?<\/p>\n<p>K.D.O. : Il lui appartient de r\u00e9pondre \u00e0 votre question.<\/p>\n<p>S. : Lors du coup d\u2019Etat de septembre 2015, la CEDEAO avait pr\u00e9conis\u00e9 l\u2019amnistie des putschistes. Comment expliquez-vous cela ?<\/p>\n<p>K.D.O. : Je voudrais m\u2019excusez d\u2019avance par rapport \u00e0 ce sujet, parce que je ne voudrais pas rentrer dans les d\u00e9tails. Nous avons, dans les principes de la CEDEAO, un devoir de r\u00e9serve m\u00eame apr\u00e8s nos fonctions. Il y a des choses que je sais, mais que je ne vous direz pas. La CEDEAO a \u00e9t\u00e9 l\u2019un des premiers \u00e0 condamner le coup d\u2019Etat, parce que dans ses principes, c\u2019est la tol\u00e9rance z\u00e9ro \u00e0 toute accession au pouvoir par des voies non constitutionnelles. La premi\u00e8re chose que la CEDEAO fait, c\u2019est de condamner syst\u00e9matiquement tout coup d\u2019Etat et de r\u00e9clamer un retour \u00e0 une vie constitutionnelle normale. Lorsque nous avons d\u00e9clar\u00e9 cela \u00e0 partir d\u2019Abuja, les chefs d\u2019Etat ont bien voulu se rendre \u00e0 Ouagadougou pour aider les Burkinab\u00e8 \u00e0 trouver une solution \u00e0 leur probl\u00e8me. Ils sont venus \u00e9couter toutes les forces vives. Mais ils ne pouvaient pas quitter Ouagadougou sans faire la synth\u00e8se de ce qu\u2019ils ont entendu. C\u2019est ce qu\u2019ils ont fait avant d\u2019aller rendre compte au sommet \u00e0 Abuja. Lors de cette rencontre, le 22 septembre, les chefs d\u2019Etat ont d\u00e9cid\u00e9 de la r\u00e9installation du pr\u00e9sident Michel Kafando. Le 23 septembre, nous sommes revenus pour cela. C\u2019est dire que la CEDEAO a aid\u00e9 le Burkina \u00e0 franchir cette \u00e9tape difficile, en respectant toujours ses principes. La CEDEAO a \u00e9t\u00e9 claire vis-\u00e0-vis de tous les protagonistes.<\/p>\n<p>S. : Vous n\u2019avez pas r\u00e9pondu \u00e0 la question de l\u2019amnistie ?<\/p>\n<p>K.D.O. : Cette option n\u2019existe pas dans le communiqu\u00e9 final de la rencontre entre les chefs d\u2019Etat de la CEDEAO et les protagonistes. Donc, l\u2019on ne peut pas mettre cela \u00e0 leur compte.<\/p>\n<p>S. : Vous \u00eates financier. Comment appr\u00e9ciez-vous la suppression du fonds commun. Est-elle une justice rendue aux autres travailleurs de l\u2019Etat ?<\/p>\n<p>K.D.O. : Je ne voudrais pas me prononcer sur cette question, pour la bonne raison que je ne ma\u00eetrise pas les d\u00e9tails. J\u2019observe comme tout le monde, qu\u2019il y a eu un accord et une loi vot\u00e9e \u00e0 l\u2019Assembl\u00e9e nationale pour r\u00e9gler cela. Ensuite, un accord a \u00e9t\u00e9 trouv\u00e9 entre le gouvernement et les syndicats. Je ne peux qu\u2019appr\u00e9cier que le travail ait repris au minist\u00e8re des Finances. Il y a longtemps que j\u2019ai quitt\u00e9 mes responsabilit\u00e9s de chef du gouvernement. En son temps, ce dont j\u2019ai \u00e9t\u00e9 t\u00e9moin, c\u2019est que l\u2019ex\u00e9cutif a proc\u00e9d\u00e9 \u00e0 une vaste r\u00e9forme de la Fonction publique qui avait pour ambition de traiter tous les fonctionnaires de mani\u00e8re \u00e9quitable. C\u2019est-\u00e0-dire \u00e0 dipl\u00f4me \u00e9gal, salaire \u00e9gal. Nous avons propos\u00e9 une grille indemnitaire. En fonction de la p\u00e9nibilit\u00e9 et des responsabilit\u00e9s d\u2019un emploi, elle diff\u00e9rait d\u2019un minist\u00e8re \u00e0 l\u2019autre. Le r\u00e9gime commun \u00e9tait de base et le r\u00e9gime indemnitaire faisait la diff\u00e9rence. J\u2019observe qu\u2019on a tendance \u00e0 d\u00e9construire cela. Tous les corps veulent cr\u00e9er leur propre statut. A la limite, il n\u2019y aura plus de fonction publique.<\/p>\n<p>S. : Vous d\u00e9sirez diriger le Burkina Faso. N\u2019avez-vous pas peur de la fronde sociale ?<\/p>\n<p>K.D.O. : Quel que soit le probl\u00e8me, il faut retrousser les manches et l\u2019affronter. Si nous avons peur de la fronde sociale, qui va r\u00e9soudre cela \u00e0 notre place ? C\u2019est au gouvernement d\u2019y faire face. A mon avis, les recettes sont le dialogue, l\u2019\u00e9coute et la mise en \u0153uvre honn\u00eate de tous les accords. Notre pays n\u2019a pas de ressources illimit\u00e9es, nous devons donc discuter en tenant compte de cela. Nous devons trouver une r\u00e9ponse au compromis qui soit acceptable pour tous.<\/p>\n<p>S. : Faut-il supprimer le franc CFA, selon vous ?<\/p>\n<p>K.D.O. : Il ne faut pas poser le probl\u00e8me en ces termes. La monnaie occupe une place importante dans l\u2019\u00e9conomie d\u2019un pays, mais c\u2019est une question sensible qui doit \u00eatre discut\u00e9e avec beaucoup de s\u00e9r\u00e9nit\u00e9 et de retenue, parce que l\u2019influence sur le reste de l\u2019\u00e9conomie est \u00e9norme. Toutes les pr\u00e9occupations soulev\u00e9es par la population n\u2019\u00e9chappent pas aux chefs d\u2019Etat. En tant qu\u2019ancien pr\u00e9sident de la commission de la CEDEAO, je peux vous assurer que les dirigeants ont mis en place un processus pour aller \u00e0 une monnaie r\u00e9gionale autonome. Le processus est supervis\u00e9 par les ministres des Finances et pilot\u00e9 par quatre chefs d\u2019Etat d\u00e9sign\u00e9s comme chefs de file dans le pilotage du m\u00e9canisme. Ce sont ceux du Niger, du Ghana, de la C\u00f4te d\u2019Ivoire et du Nig\u00e9ria. Le travail est actuellement en cours pour assurer la convergence des \u00e9conomies des 15 pays de la CEDEAO pour soutenir une m\u00eame monnaie. La monnaie ne vaut que par l\u2019\u00e9conomie qui la sous-tend. Si l\u2019on n\u2019a pas une \u00e9conomie forte, il ne sert \u00e0 rien d\u2019engager le d\u00e9bat sur la monnaie. L\u2019important, c\u2019est d\u2019avoir une \u00e9conomie r\u00e9gionale forte. C\u2019est la raison pour laquelle, le plus urgent est d\u2019assurer la convergence des \u00e9conomies, de mani\u00e8re \u00e0 ce qu\u2019elles puissent supporter la monnaie commune que nous ambitionnons d\u2019\u00e9tablir en 2020. C\u2019est l\u2019objectif de la CEDEAO et un travail acharn\u00e9 est en cours pour que ce projet aboutisse.<\/p>\n<p>S. : L\u2019\u00e9ch\u00e9ance de 2020 est-elle tenable ?<\/p>\n<p>K.D.O. : C\u2019est une question de volont\u00e9 politique. Les crit\u00e8res de convergence ont \u00e9t\u00e9 adopt\u00e9s par l\u2019ensemble des chefs d\u2019Etat de la CEDEAO avec l\u2019aval des gouverneurs des banques centrales. Un chronogramme pr\u00e9voit bien le lancement de la monnaie en 2020. Si tout le monde respecte ses engagements, il n\u2019y a pas de raison que nous n\u2019atteignions pas notre objectif.<\/p>\n<p>S. : Le projet de la monnaie commune est-elle r\u00e9aliste sans la convergence des \u00e9conomies ?<\/p>\n<p>K.D.O. : C\u2019est un projet r\u00e9aliste que l\u2019on peut faire \u00e0 condition d\u2019avoir la discipline n\u00e9cessaire. S\u2019il y a la stabilit\u00e9 dans les pays membres de la zone CFA, ce n\u2019est pas fortuit. C\u2019est le fruit d\u2019un travail m\u00e9thodique et d\u2019une discipline stricte appliqu\u00e9e par chaque Etat. Nous pensons, pour notre part, que cela est faisable.<\/p>\n<p>S. : En moins d\u2019un mois, les pr\u00e9sidents alg\u00e9rien Bouteflika et soudanais, El B\u00e9chir ont \u00e9t\u00e9 contraints \u00e0 la d\u00e9mission. Ce sc\u00e9nario \u00e9tait-il envisageable ?<\/p>\n<p>K.D.O. : C\u2019est encore une fois les le\u00e7ons de l\u2019histoire que nos peuples nous enseignent. C\u2019est ce que les Alg\u00e9riens et les Soudanais ont fait. Il appartient \u00e0 nous autres Africains d\u2019en tirer les le\u00e7ons et d&rsquo;am\u00e9liorer notre gouvernance. Lorsqu\u2019il y a eu l\u2019insurrection au Burkina Faso et d\u2019autres cas similaires dans d\u2019autres pays, nous avons pris la responsabilit\u00e9 au niveau de la CEDEAO de proposer et d\u2019adopter la limitation des mandats \u00e0 deux. Cela peut \u00e9viter ce genre de situations. Quand on vit avec le peuple, il faut savoir conna\u00eetre ses aspirations. L\u2019heure n\u2019est pas au pouvoir \u00e0 vie, raison pour laquelle, nous avons pris de fa\u00e7on pragmatique la d\u00e9cision que chaque Etat int\u00e8gre dans sa Constitution que le mandat du pr\u00e9sident est limit\u00e9 \u00e0 deux. Cela nous \u00e9viterait toutes ces querelles, toute cette gymnastique, cette \u00e9nergie que nous d\u00e9ployons \u00e0 combattre les trois mandats et autres.<\/p>\n<blockquote><p>S. : Pourquoi le principe des deux mandats coince?<\/p><\/blockquote>\n<p>K.D.O. : Le principe des deux mandats a \u00e9t\u00e9 introduit en tirant des enseignements de ce qui s&rsquo;est pass\u00e9 dans notre pays. Malheureusement il y avait deux pays, dont je ne citerai pas les noms, qui se sont oppos\u00e9s \u00e0 cette orientation. L\u2019\u00e9volution sociopolitique a fait que maintenant, il y a une unanimit\u00e9 dans la zone CEDEA0 pour que le mandat pr\u00e9sidentiel se limite \u00e0 deux.<\/p>\n<p>S. : Le pr\u00e9sident guin\u00e9en, Alpha Cond\u00e9, semble vouloir rempiler pour un troisi\u00e8me mandat en modifiant la Constitution de son pays. Peut-on dire qu\u2019il n\u2019a pas tir\u00e9 le\u00e7on des \u00e9v\u00e8nements de 2014 au Burkina Faso ?<\/p>\n<p>K.D.O. : C\u2019est ce que j\u2019apprends par la presse, mais n\u2019\u00e9tant pas au fait de la situation en Guin\u00e9e, nous n\u2019aimerions pas commenter cela. Il appartient aux Guin\u00e9ens de r\u00e9agir sur cette question.<\/p>\n<p>S. : Vous pouvez tout de m\u00eame donner un conseil aux Guin\u00e9ens\u2026<\/p>\n<p>K.D.O. : Je ne suis pas la personne indiqu\u00e9e pour donner ce type d&rsquo;avis au peuple guin\u00e9en, encore moins \u00e0 ses premi\u00e8res autorit\u00e9s. Mais, notre position, tout comme lorsque nous \u00e9tions \u00e0 la pr\u00e9sidence de la commission de la CEDEAO reste inchang\u00e9e. Nous pensons que nous avons encore une fois ici l&rsquo;occasion d\u2019\u00e9viter des turbulences et de r\u00e9server plut\u00f4t nos \u00e9nergies \u00e0 autre chose.<\/p>\n<p>S. : Quel commentaire faites-vous de l\u2019actualit\u00e9 politique au B\u00e9nin ?<\/p>\n<p><img data-recalc-dims=\"1\" loading=\"lazy\" decoding=\"async\" data-attachment-id=\"344\" data-permalink=\"https:\/\/www.sidwaya.info\/editions\/2019\/05\/13\/kadre-desire-ouedraogola-reconciliation-est-un-comportement-2\/2bakala\/\" data-orig-file=\"https:\/\/i0.wp.com\/www.sidwaya.info\/editions\/wp-content\/uploads\/sites\/9\/2019\/05\/2bakala.jpg?fit=900%2C600&amp;ssl=1\" data-orig-size=\"900,600\" data-comments-opened=\"0\" data-image-meta=\"{&quot;aperture&quot;:&quot;8&quot;,&quot;credit&quot;:&quot;&quot;,&quot;camera&quot;:&quot;NIKON D5300&quot;,&quot;caption&quot;:&quot;&quot;,&quot;created_timestamp&quot;:&quot;1557315108&quot;,&quot;copyright&quot;:&quot;&quot;,&quot;focal_length&quot;:&quot;32&quot;,&quot;iso&quot;:&quot;100&quot;,&quot;shutter_speed&quot;:&quot;0.008&quot;,&quot;title&quot;:&quot;&quot;,&quot;orientation&quot;:&quot;1&quot;}\" data-image-title=\"2bakala.jpg\" data-image-description=\"\" data-image-caption=\"\" data-medium-file=\"https:\/\/i0.wp.com\/www.sidwaya.info\/editions\/wp-content\/uploads\/sites\/9\/2019\/05\/2bakala.jpg?fit=300%2C200&amp;ssl=1\" data-large-file=\"https:\/\/i0.wp.com\/www.sidwaya.info\/editions\/wp-content\/uploads\/sites\/9\/2019\/05\/2bakala.jpg?fit=696%2C464&amp;ssl=1\" class=\"alignleft size-full wp-image-344\" src=\"https:\/\/i0.wp.com\/www.sidwaya.info\/editions\/wp-content\/uploads\/sites\/9\/2019\/05\/2bakala.jpg?resize=696%2C464&#038;ssl=1\" alt=\"\" width=\"696\" height=\"464\" srcset=\"https:\/\/i0.wp.com\/www.sidwaya.info\/editions\/wp-content\/uploads\/sites\/9\/2019\/05\/2bakala.jpg?w=900&amp;ssl=1 900w, https:\/\/i0.wp.com\/www.sidwaya.info\/editions\/wp-content\/uploads\/sites\/9\/2019\/05\/2bakala.jpg?resize=300%2C200&amp;ssl=1 300w, https:\/\/i0.wp.com\/www.sidwaya.info\/editions\/wp-content\/uploads\/sites\/9\/2019\/05\/2bakala.jpg?resize=768%2C512&amp;ssl=1 768w, https:\/\/i0.wp.com\/www.sidwaya.info\/editions\/wp-content\/uploads\/sites\/9\/2019\/05\/2bakala.jpg?resize=696%2C464&amp;ssl=1 696w, https:\/\/i0.wp.com\/www.sidwaya.info\/editions\/wp-content\/uploads\/sites\/9\/2019\/05\/2bakala.jpg?resize=630%2C420&amp;ssl=1 630w\" sizes=\"auto, (max-width: 696px) 100vw, 696px\" \/>K.D.O. : Une fois encore, nous ne souhaitons pas commenter la politique int\u00e9rieure d\u2019un pays voisin. Nous nous contenterons seulement de dire que dans les principes d\u00e9mocratiques de la CEDEAO auxquels le Benin a d\u2019ailleurs souscrit, c\u2019est que la soci\u00e9t\u00e9 doit \u00eatre purement d\u00e9mocratique, le multipartisme et l\u2019inclusivit\u00e9 doivent \u00eatre de rigueur. Nous pensons qu\u2019il est bon que chaque citoyen puisse avoir son mot \u00e0 dire, que les \u00e9lections soient ouvertes \u00e0 tout le monde et que le peuple souverain choisisse les dirigeants qu\u2019il pr\u00e9f\u00e8re.<\/p>\n<p>S. : Que pensez-vous de ces personnalit\u00e9s ?<\/p>\n<p>-Blaise Compaor\u00e9<\/p>\n<p>K.D.O. : Nous avons \u00e9t\u00e9 son Premier ministre pendant cinq ans. Nous sommes reconnaissants pour la confiance qu\u2019il a plac\u00e9e en nous pour diriger le gouvernement et \u00e9galement du soutien qu\u2019il nous a apport\u00e9 au moment de l&rsquo;exercice de nos fonctions. Nous le respectons en tant qu&rsquo;ancien chef d\u2019Etat, comme nous respectons les autres ex-dirigeants de notre pays. Parce qu\u2019ils portent en eux notre dignit\u00e9 \u00e0 tous. Chacun a essay\u00e9 de faire ce qu\u2019il peut pour ce pays, malgr\u00e9 les erreurs et les insuffisances. Tous nos anciens dirigeants ont donn\u00e9 le meilleur d\u2019eux-m\u00eames pour notre pays et nous ne pouvons qu\u2019\u00eatre reconnaissants pour cela et leur donner le respect qu\u2019ils m\u00e9ritent en tant qu\u2019anciens dirigeants de notre nation.<\/p>\n<p>-Roch Marc Christian Kabor\u00e9<\/p>\n<p>K.D.O. : C\u2019est le Pr\u00e9sident du Faso. Il fut mon pr\u00e9d\u00e9cesseur \u00e0 la t\u00eate du gouvernement. Nos rapports sont vraiment cordiaux. Nous lui sommes \u00e9galement reconnaissant d\u2019avoir balis\u00e9 la route pour nous. Puisque c\u2019est avec lui, que nous avons fait la passation de service en 1996. Comme nous vous l&rsquo;avons dit, nous rendons toujours gr\u00e2ce \u00e0 nos pr\u00e9d\u00e9cesseurs pour le travail dans lequel nous-m\u00eames avons apport\u00e9 notre propre contribution. Il a bien voulu nous honorer au nom du peuple burkinab\u00e8 \u00e0 la fin de nos fonctions de pr\u00e9sident de la commission de la CEDEAO. Nous le remercions pour cela. Nous lui souhaitons beaucoup de succ\u00e8s dans les nobles missions qui sont les siennes.<\/p>\n<p>&#8211; Basolma Bazi\u00e9<\/p>\n<p>K.D.O. : C\u2019est un leader syndicaliste tr\u00e8s dynamique et un partenaire incontournable pour le gouvernement. C\u2019est de cela aussi qu\u2019un pays est fait. Que les divergences s\u2019expriment et que les d\u00e9bats d\u2019id\u00e9es sortent des compromis dynamiques qui font avancer le pays. Je salue sa contribution au monde syndical et au d\u00e9veloppement de notre pays.<\/p>\n<p>-Yacouba Zida<\/p>\n<p>K.D.O. : Yacouba Zida a \u00e9t\u00e9 le pr\u00e9sident int\u00e9rimaire de la Transition avant d\u2019\u00eatre Premier ministre. A l&rsquo;\u00e9poque, nous avons eu l\u2019occasion de travailler beaucoup avec lui. Que ce soit les Nations Unies, l\u2019union europ\u00e9enne ou la CEDEAO, nous lui saurons gr\u00e9 d\u2019avoir pr\u00eat\u00e9 une oreille attentive aux recommandations de la communaut\u00e9 internationale qui ne voulait que du bien de la nation burkinab\u00e8.<\/p>\n<p>-Z\u00e9phirin Diabr\u00e9<\/p>\n<p>K.D.O. : Nous avons des rapports parfaits. Z\u00e9phirin Diabr\u00e9 a \u00e9t\u00e9 ministre de l\u2019Economie et des Finances dans le premier gouvernement que j\u2019ai form\u00e9 en 1996, \u00e0 l\u2019issue duquel il est parti comme pr\u00e9sident du Conseil \u00e9conomique et social avant d\u2019aller aux Nations unies. C&rsquo;est de l\u00e0-bas qu&rsquo;il est revenu comme pr\u00e9sident de l\u2019UPC et Chef de file de l\u2019opposition. Nous pensons qu\u2019il joue bien son r\u00f4le. Nous saluons \u00e9galement sa contribution \u00e0 l\u2019avanc\u00e9e de la d\u00e9mocratie dans notre pays.<\/p>\n<p>&#8211; Le Dima de Boussouma<\/p>\n<p>K.D.O. : Le Dima de Boussouma est mon neveu. Pour nous, la famille est importante, mais nous devons la dissocier de la politique. Parlant de politique, nous ne sommes pas du m\u00eame parti. Il est du RDS qui est de la majorit\u00e9 pr\u00e9sidentielle, alors que moi je n\u2019en suis pas, mais cela n\u2019enl\u00e8ve en rien au fait que nous sommes parent\u00e9s.<\/p>\n<p>-Eddie Kombo\u00efgo<\/p>\n<p>K.D.O. : Il est le pr\u00e9sident du CDP. Il fait ce qu\u2019il peut pour dynamiser le parti. Je lui souhaite d\u2019\u00eatre attentif \u00e0 l\u2019\u00e9volution de notre pays, aux aspirations de notre peuple, d\u2019adapter toujours le parti \u00e0 ces r\u00e9alit\u00e9s.<\/p>\n<p>Entretien r\u00e9alis\u00e9 par la R\u00e9daction<\/p>\n","protected":false},"excerpt":{"rendered":"<p>L\u2019ancien Premier ministre et pr\u00e9sident de la Commission de la CEDEAO, Kadr\u00e9 D\u00e9sir\u00e9 Ou\u00e9draogo, a \u00e9chang\u00e9 \u00e0 b\u00e2tons rompus avec la r\u00e9daction de Sidwaya, le mercredi 8 mai 2019 \u00e0 Ouagadougou. Ses ambitions pr\u00e9sidentielles, ses relations avec l\u2019ancien pr\u00e9sident Blaise Compaor\u00e9 et au sein du CDP, la fronde sociale, la question du franc CFA ont [&hellip;]<\/p>\n","protected":false},"author":2,"featured_media":346,"comment_status":"open","ping_status":"open","sticky":false,"template":"","format":"standard","meta":{"jetpack_post_was_ever_published":false,"_jetpack_newsletter_access":"","_jetpack_dont_email_post_to_subs":false,"_jetpack_newsletter_tier_id":0,"_jetpack_memberships_contains_paywalled_content":false,"_jetpack_memberships_contains_paid_content":false,"footnotes":""},"categories":[40,24,41],"tags":[],"class_list":{"0":"post-339","1":"post","2":"type-post","3":"status-publish","4":"format-standard","5":"has-post-thumbnail","7":"category-interview","8":"category-la-une-site","9":"category-politique"},"jetpack_featured_media_url":"https:\/\/i0.wp.com\/www.sidwaya.info\/editions\/wp-content\/uploads\/sites\/9\/2019\/05\/kadredesire.jpg?fit=787%2C525&ssl=1","jetpack_sharing_enabled":true,"jetpack_shortlink":"https:\/\/wp.me\/paquYs-5t","jetpack-related-posts":[],"_links":{"self":[{"href":"https:\/\/www.sidwaya.info\/editions\/wp-json\/wp\/v2\/posts\/339","targetHints":{"allow":["GET"]}}],"collection":[{"href":"https:\/\/www.sidwaya.info\/editions\/wp-json\/wp\/v2\/posts"}],"about":[{"href":"https:\/\/www.sidwaya.info\/editions\/wp-json\/wp\/v2\/types\/post"}],"author":[{"embeddable":true,"href":"https:\/\/www.sidwaya.info\/editions\/wp-json\/wp\/v2\/users\/2"}],"replies":[{"embeddable":true,"href":"https:\/\/www.sidwaya.info\/editions\/wp-json\/wp\/v2\/comments?post=339"}],"version-history":[{"count":0,"href":"https:\/\/www.sidwaya.info\/editions\/wp-json\/wp\/v2\/posts\/339\/revisions"}],"wp:featuredmedia":[{"embeddable":true,"href":"https:\/\/www.sidwaya.info\/editions\/wp-json\/wp\/v2\/media\/346"}],"wp:attachment":[{"href":"https:\/\/www.sidwaya.info\/editions\/wp-json\/wp\/v2\/media?parent=339"}],"wp:term":[{"taxonomy":"category","embeddable":true,"href":"https:\/\/www.sidwaya.info\/editions\/wp-json\/wp\/v2\/categories?post=339"},{"taxonomy":"post_tag","embeddable":true,"href":"https:\/\/www.sidwaya.info\/editions\/wp-json\/wp\/v2\/tags?post=339"}],"curies":[{"name":"wp","href":"https:\/\/api.w.org\/{rel}","templated":true}]}}