{"id":366,"date":"2019-12-11T10:34:25","date_gmt":"2019-12-11T10:34:25","guid":{"rendered":"https:\/\/www.sidwaya.info\/editions\/2019\/12\/11\/commemoration-du-59eme-anniversaire-de-lindependance-du-burkina-faso-le-message-du-president-du-faso\/"},"modified":"2019-12-11T10:34:25","modified_gmt":"2019-12-11T10:34:25","slug":"commemoration-du-59eme-anniversaire-de-lindependance-du-burkina-faso-le-message-du-president-du-faso","status":"publish","type":"post","link":"https:\/\/www.sidwaya.info\/editions\/2019\/12\/11\/commemoration-du-59eme-anniversaire-de-lindependance-du-burkina-faso-le-message-du-president-du-faso\/","title":{"rendered":"Comm\u00e9moration du 59\u00e8me anniversaire de l\u2019ind\u00e9pendance du Burkina Faso\u00a0: le message du pr\u00e9sident du Faso"},"content":{"rendered":"<p>Peuple du Burkina Faso<br \/>\nChers compatriotes<br \/>\nBurkinab\u00e8 de l\u2019int\u00e9rieur et de l\u2019ext\u00e9rieur<br \/>\nAmis et partenaires du Burkina Faso<\/p>\n<p>La comm\u00e9moration du 59\u00e8me anniversaire de l\u2019accession de notre pays \u00e0 la souverainet\u00e9 nationale et internationale rev\u00eat une importance particuli\u00e8re en cette ann\u00e9e du centenaire de la cr\u00e9ation de la Haute-Volta, actuel Burkina Faso.<br \/>\nL\u2019occasion me parait opportune \u00e0 saisir pour revisiter les temps forts de notre histoire collective depuis les luttes h\u00e9ro\u00efques des communaut\u00e9s volta\u00efques dans la r\u00e9sistance contre la colonisation \u00e0 nos jours. Ce devoir de m\u00e9moire, \u00e0 travers un survol historique n\u00e9cessaire, nous permet d\u2019en tirer toutes les le\u00e7ons en vue de consolider le socle de notre vivre-ensemble et de notre avenir commun.<br \/>\nC\u2019est pourquoi, cette comm\u00e9moration participe \u00e0 l\u2019\u0153uvre de construction de notre m\u00e9moire collective. C\u2019est \u00e0 mes yeux, un temps de m\u00e9ditation sur le parcours glorieux de notre peuple dont la bravoure et la solidarit\u00e9 dans l\u2019\u00e9preuve doivent constituer le rep\u00e8re pour notre communaut\u00e9 de destin.<br \/>\nDepuis la nuit des temps, les Burkinab\u00e8 ont toujours su cultiver des valeurs de tol\u00e9rance, de justice, de droiture morale, de travail et de coh\u00e9sion sociale.<br \/>\nEn outre, ils ont su rejeter l\u2019exploitation, la domination et l\u2019oppression, d\u2019o\u00f9 qu\u2019elles viennent, comme en t\u00e9moignent les grandes r\u00e9voltes contre l\u2019oppression coloniale avant m\u00eame la cr\u00e9ation de la colonie de Haute-Volta, pour l\u2019affirmation de la dignit\u00e9 humaine.<br \/>\nAussi, de la cr\u00e9ation de la colonie de Haute-Volta le 1er mars 1919, sa dislocation en 1932, sa reconstitution en 1947, l\u2019ind\u00e9pendance du pays en 1960, \u00e0 son changement d\u2019appellation en 1984 jusqu\u2019\u00e0 nos jours, les Volta\u00efques, puis les Burkinab\u00e8 ont-ils su forger progressivement, dans la douleur, la sueur et le sang, les fondements d\u2019une communaut\u00e9 de destin, d\u2019une Nation digne, fi\u00e8re et respect\u00e9e, plurielle et unie.<\/p>\n<p>Peuple du Burkina Faso<br \/>\nChers compatriotes<\/p>\n<p>Le 59\u00e8me anniversaire de notre ind\u00e9pendance a \u00e9t\u00e9 plac\u00e9 \u00e0 juste titre sous le th\u00e8me : \u00ab Cent ans de la cr\u00e9ation du Burkina Faso : devoir de m\u00e9moire et engagement patriotique en vue de la consolidation de l\u2019Etat-nation \u00bb.<br \/>\nL\u2019Etat burkinab\u00e8, dont le Faso est la forme r\u00e9publicaine, est une r\u00e9alit\u00e9 vivante et agissante dans le concert des nations.<br \/>\nAutant l\u2019Etat doit son existence \u00e0 son territoire, aux hommes qui en rel\u00e8vent et aux institutions de leur gouvernance, autant la Nation burkinab\u00e8 renvoie, quant \u00e0 elle, \u00e0 ce lien sentimental, \u00e0 cette volont\u00e9 de vivre ensemble et d\u2019\u00eatre li\u00e9s par une communaut\u00e9 de destin.<br \/>\nActuellement, les soldats des vaillantes unit\u00e9s de nos Forces de D\u00e9fense et de S\u00e9curit\u00e9 assurent, au p\u00e9ril de leurs vies, l\u2019int\u00e9grit\u00e9 territoriale de l\u2019Etat, et veillent \u00e0 la protection de nos concitoyens, contre les attaques terroristes et l\u2019extr\u00e9misme violent qui nous sont impos\u00e9s.<br \/>\nJe ne doute pas de notre victoire sur les forces du mal car, aujourd\u2019hui comme hier, la culture de la d\u00e9faite ne fait pas partie des valeurs soci\u00e9tales de notre peuple.<\/p>\n<p>Chers compatriotes<\/p>\n<p>Pour consolider l\u2019Etat-Nation, il nous faut relever deux d\u00e9fis.<br \/>\nLe premier, c\u2019est de restaurer l\u2019autorit\u00e9 de l\u2019Etat central, garant de l\u2019unit\u00e9 et de l\u2019indivisibilit\u00e9 de la Nation, tout en menant \u00e0 bien le processus de d\u00e9centralisation, afin de garantir l\u2019\u00e9panouissement des communaut\u00e9s vivant dans nos collectivit\u00e9s. Pour ce faire, tous les Burkinab\u00e8 doivent s\u2019assumer et assumer leurs responsabilit\u00e9s individuelles et collectives de citoyens exemplaires, et la justice doit jouer sa partition avec efficacit\u00e9, pour garantir l\u2019\u00e9galit\u00e9 de tous les Burkinab\u00e8 devant la loi.<br \/>\nLe second, celui de bannir \u00e0 jamais la stigmatisation de l\u2019autre. Nous devons combattre avec la derni\u00e8re \u00e9nergie toute forme de repli identitaire et de discrimination, fond\u00e9e sur le genre, l\u2019ethnie, la religion ou la r\u00e9gion.<br \/>\nCes d\u00e9rives dommageables \u00e0 la coh\u00e9sion sociale sont de nature \u00e0 compromettre notre qu\u00eate permanente d\u2019unit\u00e9 nationale.<br \/>\nNous devons, sans d\u00e9semparer, poursuivre la construction du dialogue social, du dialogue interreligieux, interg\u00e9n\u00e9rationnel, ainsi que le dialogue des cultures, indispensables \u00e0 la p\u00e9rennisation d\u2019une culture de la paix.<br \/>\nDevant la recrudescence des attaques des groupes arm\u00e9s terroristes qui tentent de mettre \u00e0 mal notre vivre-ensemble, j\u2019invite les communaut\u00e9s burkinab\u00e8 \u00e0 ne rien c\u00e9der aux forces du mal qui font tout pour d\u00e9truire<br \/>\nnotre Nation.<\/p>\n<p>Chers Compatriotes<br \/>\nBurkinab\u00e8 de l\u2019int\u00e9rieur et de l\u2019ext\u00e9rieur<br \/>\nAmis et partenaires du Burkina Faso<\/p>\n<p>Au regard de l\u2019importance des d\u00e9fis \u00e0 relever au plan s\u00e9curitaire, je renouvelle mon appel \u00e0 une tr\u00eave sociale et \u00e0 une union sacr\u00e9e de tous les fils et filles autour des Forces de D\u00e9fense et de S\u00e9curit\u00e9 pour vaincre le terrorisme et poursuivre les actions de d\u00e9veloppement \u00e9conomique et social du Burkina Faso.<br \/>\nComme l\u2019ont montr\u00e9 les conclusions du dialogue politique que j\u2019ai initi\u00e9 du 15 au 22 juillet 2019, nous devons avoir pour objectif essentiel de contribuer au renforcement de la paix, et de favoriser la r\u00e9conciliation nationale ainsi que la tenue d\u2019\u00e9lections d\u00e9mocratiques transparentes et apais\u00e9es en 2020.<br \/>\nJ\u2019exhorte donc tous les Burkinab\u00e8, \u00e0 agir dans le sens de la promotion d\u2019un Burkina uni et indivisible en vue de la consolidation de l\u2019Etat-Nation.<br \/>\nJ\u2019invite les organisations de la soci\u00e9t\u00e9 civile et les travailleurs, l\u2019ensemble des partis politiques, les responsables coutumiers, religieux et administratifs, \u00e0 contribuer davantage \u00e0 la construction d\u2019une citoyennet\u00e9 responsable et d\u2019une conscience patriotique.<\/p>\n<p>J\u2019insiste, tout particuli\u00e8rement, sur le respect d\u00fb aux autorit\u00e9s religieuses, traditionnelles et aux anciens.<br \/>\nEn cette ann\u00e9e du centenaire de la cr\u00e9ation de notre pays, et pour permettre aux g\u00e9n\u00e9rations pr\u00e9sentes et \u00e0 venir de mieux connaitre tous les pans de notre histoire commune, j\u2019ai d\u00e9cid\u00e9 de commettre un groupe de travail pour l\u2019\u00e9criture de l\u2019histoire g\u00e9n\u00e9rale de la Haute-Volta au Burkina Faso.<br \/>\nIl aura \u00e9galement pour mission de me faire des propositions consensuelles pour l\u2019\u00e9dification d\u2019un Panth\u00e9on de tous les b\u00e2tisseurs de notre Nation, afin que la dignit\u00e9 de leur vie soit immortalis\u00e9e pour la post\u00e9riorit\u00e9.<\/p>\n<p>Chers compatriotes<\/p>\n<p>Pour marquer cette journ\u00e9e historique, la ville de Tenkodogo, chef-lieu de la r\u00e9gion du Centre-Est, est le point de convergence de l\u2019ensemble des Burkinab\u00e8.<br \/>\nJe salue la d\u00e9termination des forces vives des provinces du Boulgou, du Koulpelgo et du Kouritenga qui, dans un contexte s\u00e9curitaire difficile, \u0153uvrent au quotidien, avec assurance et confiance, \u00e0 la transformation qualitative du Burkina Faso.<\/p>\n<p>Peuple du Burkina Faso<br \/>\nChers compatriotes<\/p>\n<p>Pour b\u00e2tir ensemble un Burkina Faso prosp\u00e8re, nous devons nous d\u00e9partir de nos int\u00e9r\u00eats \u00e9go\u00efstes et nous engager dans la r\u00e9alisation des aspirations du peuple burkinab\u00e8.<br \/>\nLa d\u00e9termination du peuple burkinab\u00e8 \u00e0 d\u00e9fendre sa libert\u00e9 et son territoire est connue de tous et notre histoire, celle que nous revisitons aujourd\u2019hui, nous l\u2019enseigne.<br \/>\nL\u2019ind\u00e9pendance et la libert\u00e9 n\u2019ont pas de prix.<br \/>\nLa d\u00e9termination de nos Forces de D\u00e9fense et de S\u00e9curit\u00e9 \u00e0 d\u00e9fendre la Nation jusqu\u2019au sacrifice supr\u00eame, nous interpelle tous collectivement et individuellement.<br \/>\nC\u2019est le lieu pour moi, appr\u00e9ciant au plus haut point la r\u00e9silience de nos populations et l\u2019h\u00e9ro\u00efsme de nos Forces de D\u00e9fense et de S\u00e9curit\u00e9 face aux terroristes qui tentent de semer le chaos dans notre pays, de rendre un hommage m\u00e9rit\u00e9 aux Forces de D\u00e9fense et de S\u00e9curit\u00e9 et \u00e0 toutes les victimes civiles du terrorisme.<\/p>\n<p>Au nom de la Nation enti\u00e8re, j\u2019exprime ma solidarit\u00e9 avec les familles des victimes et j\u2019adresse tous mes v\u0153ux de prompt r\u00e9tablissement aux bless\u00e9s.<br \/>\nLes efforts se poursuivent au plan bilat\u00e9ral et multilat\u00e9ral, notamment au sein du G5 Sahel dont j\u2019assure actuellement la pr\u00e9sidence, pour am\u00e9liorer l\u2019efficacit\u00e9 de la r\u00e9ponse \u00e0 apporter aux actions des groupes arm\u00e9s terroristes au Sahel et pour le d\u00e9veloppement de nos pays.<br \/>\nEn ce jour anniversaire de notre ind\u00e9pendance ch\u00e8rement acquise, j\u2019ai une pens\u00e9e pour nos fr\u00e8res Burkinab\u00e8 qui, du fait du terrorisme, sont aujourd\u2019hui loin de leurs terres d\u2019habitation.<br \/>\nJe voudrais rassurer tous les d\u00e9plac\u00e9s internes de l\u2019engagement d\u00e9termin\u00e9 du Gouvernement \u00e0 cr\u00e9er les conditions de leur retour dans leurs localit\u00e9s respectives, dans la s\u00e9curit\u00e9 et la dignit\u00e9.<br \/>\nDe m\u00eame, je tiens \u00e0 saluer les Burkinab\u00e8 de la diaspora, pour leur contribution au d\u00e9veloppement national, et leurs soutiens divers aux Forces de D\u00e9fense et de S\u00e9curit\u00e9 et aux d\u00e9plac\u00e9s. Le Gouvernement poursuivra les efforts pour leur pleine implication dans le d\u00e9veloppement \u00e9conomique et social du pays.<br \/>\nC\u2019est dans un contexte particuli\u00e8rement difficile que le Peuple burkinab\u00e8 se bat et que le Gouvernement s\u2019efforce de tenir ses engagements et de poursuivre la mise en \u0153uvre du Plan National du D\u00e9veloppement Economique et Social.<br \/>\nJe tiens \u00e0 f\u00e9liciter toutes les initiatives en cours dans tous les chantiers de d\u00e9veloppement \u00e0 travers le pays, destin\u00e9s \u00e0 am\u00e9liorer les conditions de vie de nos populations, et \u00e0 renforcer les infrastructures structurantes du pays.<\/p>\n<p>Chers compatriotes<\/p>\n<p>La Nation de d\u00e9mocratie, de paix et de prosp\u00e9rit\u00e9 que nous-nous attelons \u00e0 \u00e9difier au quotidien, commande la contribution de tous, sans exception.<br \/>\nFort de cette interpellation individuelle et collective, je souhaite une bonne f\u00eate de l\u2019ind\u00e9pendance \u00e0 toutes et \u00e0 tous.<\/p>\n<p>Que Dieu b\u00e9nisse le Burkina Faso !<br \/>\nJe vous remercie<\/p>\n<p>&nbsp;<\/p>\n","protected":false},"excerpt":{"rendered":"<p>Peuple du Burkina Faso Chers compatriotes Burkinab\u00e8 de l\u2019int\u00e9rieur et de l\u2019ext\u00e9rieur Amis et partenaires du Burkina Faso La comm\u00e9moration du 59\u00e8me anniversaire de l\u2019accession de notre pays \u00e0 la souverainet\u00e9 nationale et internationale rev\u00eat une importance particuli\u00e8re en cette ann\u00e9e du centenaire de la cr\u00e9ation de la Haute-Volta, actuel Burkina Faso. L\u2019occasion me parait [&hellip;]<\/p>\n","protected":false},"author":2,"featured_media":367,"comment_status":"open","ping_status":"open","sticky":false,"template":"","format":"standard","meta":{"jetpack_post_was_ever_published":false,"_jetpack_newsletter_access":"","_jetpack_dont_email_post_to_subs":false,"_jetpack_newsletter_tier_id":0,"_jetpack_memberships_contains_paywalled_content":false,"_jetpack_memberships_contains_paid_content":false,"footnotes":""},"categories":[24,41],"tags":[],"class_list":{"0":"post-366","1":"post","2":"type-post","3":"status-publish","4":"format-standard","5":"has-post-thumbnail","7":"category-la-une-site","8":"category-politique"},"jetpack_featured_media_url":"https:\/\/i0.wp.com\/www.sidwaya.info\/editions\/wp-content\/uploads\/sites\/9\/2019\/12\/roch-1.jpg?fit=607%2C523&ssl=1","jetpack_sharing_enabled":true,"jetpack_shortlink":"https:\/\/wp.me\/paquYs-5U","jetpack-related-posts":[],"_links":{"self":[{"href":"https:\/\/www.sidwaya.info\/editions\/wp-json\/wp\/v2\/posts\/366","targetHints":{"allow":["GET"]}}],"collection":[{"href":"https:\/\/www.sidwaya.info\/editions\/wp-json\/wp\/v2\/posts"}],"about":[{"href":"https:\/\/www.sidwaya.info\/editions\/wp-json\/wp\/v2\/types\/post"}],"author":[{"embeddable":true,"href":"https:\/\/www.sidwaya.info\/editions\/wp-json\/wp\/v2\/users\/2"}],"replies":[{"embeddable":true,"href":"https:\/\/www.sidwaya.info\/editions\/wp-json\/wp\/v2\/comments?post=366"}],"version-history":[{"count":0,"href":"https:\/\/www.sidwaya.info\/editions\/wp-json\/wp\/v2\/posts\/366\/revisions"}],"wp:featuredmedia":[{"embeddable":true,"href":"https:\/\/www.sidwaya.info\/editions\/wp-json\/wp\/v2\/media\/367"}],"wp:attachment":[{"href":"https:\/\/www.sidwaya.info\/editions\/wp-json\/wp\/v2\/media?parent=366"}],"wp:term":[{"taxonomy":"category","embeddable":true,"href":"https:\/\/www.sidwaya.info\/editions\/wp-json\/wp\/v2\/categories?post=366"},{"taxonomy":"post_tag","embeddable":true,"href":"https:\/\/www.sidwaya.info\/editions\/wp-json\/wp\/v2\/tags?post=366"}],"curies":[{"name":"wp","href":"https:\/\/api.w.org\/{rel}","templated":true}]}}