{"id":368,"date":"2019-12-25T19:40:15","date_gmt":"2019-12-25T19:40:15","guid":{"rendered":"https:\/\/www.sidwaya.info\/editions\/2019\/12\/25\/fete-de-la-nativite-appel-a-la-reconciliation\/"},"modified":"2019-12-25T19:40:15","modified_gmt":"2019-12-25T19:40:15","slug":"fete-de-la-nativite-appel-a-la-reconciliation","status":"publish","type":"post","link":"https:\/\/www.sidwaya.info\/editions\/2019\/12\/25\/fete-de-la-nativite-appel-a-la-reconciliation\/","title":{"rendered":"F\u00eate de la nativit\u00e9 : appel \u00e0 la r\u00e9conciliation"},"content":{"rendered":"<p><strong>Dans la nuit du 24 d\u00e9cembre 2019, les catholiques du Burkina Faso ont assist\u00e9 \u00e0 la messe de No\u00ebl ou f\u00eate de la nativit\u00e9. A la paroisse cath\u00e9drale de l\u2019Immacul\u00e9e Conception, l\u2019archev\u00eaque m\u00e9tropolitain de Ouagadougou, cardinal Philippe Ou\u00e9draogo, a appel\u00e9 \u00e0 la r\u00e9conciliation des peuples.<\/strong><\/p>\n<p>\u00abNo\u00ebl nous donne l\u2019occasion de travailler \u00e0 l\u2019int\u00e9gration des peuples et des ethnies. Une int\u00e9gration qui touche toutes les cultures, les races et les ethnies qui partagent le m\u00eame sol. Une valeur qui est reconnue \u00e0 toute nation, c\u2019est son int\u00e9grit\u00e9, sa capacit\u00e9 \u00e0 int\u00e9grer l\u2019autre quelles que soient son ethnie, sa langue et sa condition sociale et ses options politiques \u00bb. C\u2019est par ces mots que l\u2019archev\u00eaque m\u00e9tropolitain de Ouagadougou, cardinal Philippe Ou\u00e9draogo, a situ\u00e9 le contexte de la c\u00e9l\u00e9bration de la nativit\u00e9 la nuit du 24 d\u00e9cembre 2019 \u00e0 la paroisse cath\u00e9drale de Ouagadougou. Sur le sens de la f\u00eate de No\u00ebl marquant la naissance de J\u00e9sus Christ, le cardinal a indiqu\u00e9 aux fid\u00e8les qu\u2019en rentrant dans l\u2019histoire, \u00ab le fils de Dieu \u00bb veut donner un nouveau sens \u00e0 l\u2019existence humaine. \u00ab Nous assistons \u00e0 une nouvelle cr\u00e9ation, \u00e0 un nouveau d\u00e9part, tant personnel que familial et communautaire \u00bb, a-t-il fait savoir. Dans cette perspective, a dit le cardinal, l\u2019\u00e9vangile invite tous les hommes \u00e0 se regarder r\u00e9ciproquement comme des personnes dont la vie est sacr\u00e9e, \u00e0 se regarder comme des enfants de Dieu, des fr\u00e8res et des s\u0153urs. A \u00e9couter l\u2019archev\u00eaque m\u00e9tropolitain de Ouagadougou, autrui ne doit jamais \u00eatre enferm\u00e9 dans ses actes et actions. Et c\u2019est seulement en choisissant la voie du respect qu\u2019on peut rompre la spirale de la violence, de la vengeance et entreprendre le chemin de l\u2019esp\u00e9rance de la r\u00e9conciliation et de la paix v\u00e9ritable, a-t-il ajout\u00e9.<\/p>\n<p>En outre, il a condamn\u00e9 l\u2019injustice qui se r\u00e9sume par les disparit\u00e9s \u00e9conomique, sociale, culturelle, \u00ab trop grandes \u00bb entre les peuples, provoquant ainsi la tension et la discorde en mettant la paix en p\u00e9ril. Il a poursuivi que dans de nombreux pays africains, les g\u00e9nocides et les violences de tous ordres ont \u00e9t\u00e9 perp\u00e9tr\u00e9s \u00ab parce que des peuples \u00e9taient opprim\u00e9s et discrimin\u00e9s sans aucun essai de dialogue et de concertation \u00bb. Combattre la mis\u00e8re, lutter contre l\u2019injustice, c\u2019est promouvoir le mieux-\u00eatre, a-t-il d\u00e9clar\u00e9.<br \/>\nEnfin, il a salu\u00e9 la m\u00e9moire des civils et des militaires tomb\u00e9s \u00e0 Arbinda dans la r\u00e9gion du Sahel.<\/p>\n<p style=\"text-align: right\"><strong>Oumarou RABO<\/strong><br \/>\n<strong>(Stagiaire)<\/strong><\/p>\n","protected":false},"excerpt":{"rendered":"<p>Dans la nuit du 24 d\u00e9cembre 2019, les catholiques du Burkina Faso ont assist\u00e9 \u00e0 la messe de No\u00ebl ou f\u00eate de la nativit\u00e9. A la paroisse cath\u00e9drale de l\u2019Immacul\u00e9e Conception, l\u2019archev\u00eaque m\u00e9tropolitain de Ouagadougou, cardinal Philippe Ou\u00e9draogo, a appel\u00e9 \u00e0 la r\u00e9conciliation des peuples. \u00abNo\u00ebl nous donne l\u2019occasion de travailler \u00e0 l\u2019int\u00e9gration des peuples [&hellip;]<\/p>\n","protected":false},"author":2,"featured_media":369,"comment_status":"open","ping_status":"open","sticky":false,"template":"","format":"standard","meta":{"jetpack_post_was_ever_published":false,"_jetpack_newsletter_access":"","_jetpack_dont_email_post_to_subs":false,"_jetpack_newsletter_tier_id":0,"_jetpack_memberships_contains_paywalled_content":false,"_jetpack_memberships_contains_paid_content":false,"footnotes":""},"categories":[24,22],"tags":[],"class_list":{"0":"post-368","1":"post","2":"type-post","3":"status-publish","4":"format-standard","5":"has-post-thumbnail","7":"category-la-une-site","8":"category-societe"},"jetpack_featured_media_url":"https:\/\/i0.wp.com\/www.sidwaya.info\/editions\/wp-content\/uploads\/sites\/9\/2019\/12\/2-15.jpg?fit=595%2C355&ssl=1","jetpack_sharing_enabled":true,"jetpack_shortlink":"https:\/\/wp.me\/paquYs-5W","jetpack-related-posts":[],"_links":{"self":[{"href":"https:\/\/www.sidwaya.info\/editions\/wp-json\/wp\/v2\/posts\/368","targetHints":{"allow":["GET"]}}],"collection":[{"href":"https:\/\/www.sidwaya.info\/editions\/wp-json\/wp\/v2\/posts"}],"about":[{"href":"https:\/\/www.sidwaya.info\/editions\/wp-json\/wp\/v2\/types\/post"}],"author":[{"embeddable":true,"href":"https:\/\/www.sidwaya.info\/editions\/wp-json\/wp\/v2\/users\/2"}],"replies":[{"embeddable":true,"href":"https:\/\/www.sidwaya.info\/editions\/wp-json\/wp\/v2\/comments?post=368"}],"version-history":[{"count":0,"href":"https:\/\/www.sidwaya.info\/editions\/wp-json\/wp\/v2\/posts\/368\/revisions"}],"wp:featuredmedia":[{"embeddable":true,"href":"https:\/\/www.sidwaya.info\/editions\/wp-json\/wp\/v2\/media\/369"}],"wp:attachment":[{"href":"https:\/\/www.sidwaya.info\/editions\/wp-json\/wp\/v2\/media?parent=368"}],"wp:term":[{"taxonomy":"category","embeddable":true,"href":"https:\/\/www.sidwaya.info\/editions\/wp-json\/wp\/v2\/categories?post=368"},{"taxonomy":"post_tag","embeddable":true,"href":"https:\/\/www.sidwaya.info\/editions\/wp-json\/wp\/v2\/tags?post=368"}],"curies":[{"name":"wp","href":"https:\/\/api.w.org\/{rel}","templated":true}]}}