{"id":420,"date":"2021-08-19T17:44:56","date_gmt":"2021-08-19T17:44:56","guid":{"rendered":"https:\/\/www.sidwaya.info\/editions\/?p=420"},"modified":"2021-08-19T17:44:56","modified_gmt":"2021-08-19T17:44:56","slug":"les-editions-sidwaya-solidaires-aux-victimes-de-lattaque","status":"publish","type":"post","link":"https:\/\/www.sidwaya.info\/editions\/2021\/08\/19\/les-editions-sidwaya-solidaires-aux-victimes-de-lattaque\/","title":{"rendered":"Les Editions Sidwaya, solidaires aux victimes de \u00a0l\u2019attaque"},"content":{"rendered":"<p>Suite \u00e0 l\u2019attaque terroriste perp\u00e9tr\u00e9e par des individus arm\u00e9s non identifi\u00e9s, contre un convoi mixte compos\u00e9 de civils, d\u2019\u00e9l\u00e9ments des Forces de d\u00e9fense et de s\u00e9curit\u00e9 (FDS) et de Volontaires pour la d\u00e9fense de la Patrie (VDP) sur l\u2019axe Arbinda-Gorgadji dans le Soum, le 18 ao\u00fbt 2021, le chef de l\u2019Etat a d\u00e9cr\u00e9t\u00e9 un deuil national de 72 heures en m\u00e9moire des victimes de cette attaque, allant du jeudi 19 ao\u00fbt 2021 \u00e0 00 heure au samedi 21 ao\u00fbt 2021 \u00e0 24 heures. \u00a0A ce titre,\u00a0 durant cette p\u00e9riode, les drapeaux sont mis en berne sur tous les \u00e9difices publics et dans les repr\u00e9sentations du Burkina Faso \u00e0 l\u2019\u00e9tranger. R\u00e9pondant ainsi \u00e0 l\u2019appel du pr\u00e9sident du Faso, les Editions Sidwaya rendent hommage \u00e0 tous ces braves hommes tomb\u00e9s sur le champ d\u2019honneur pour d\u00e9fendre la Patrie.<\/p>\n<p><strong>Service communication des Editions Sidwaya<\/strong><\/p>\n","protected":false},"excerpt":{"rendered":"<p>Suite \u00e0 l\u2019attaque terroriste perp\u00e9tr\u00e9e par des individus arm\u00e9s non identifi\u00e9s, contre un convoi mixte compos\u00e9 de civils, d\u2019\u00e9l\u00e9ments des Forces de d\u00e9fense et de s\u00e9curit\u00e9 (FDS) et de Volontaires pour la d\u00e9fense de la Patrie (VDP) sur l\u2019axe Arbinda-Gorgadji dans le Soum, le 18 ao\u00fbt 2021, le chef de l\u2019Etat a d\u00e9cr\u00e9t\u00e9 un deuil [&hellip;]<\/p>\n","protected":false},"author":2,"featured_media":421,"comment_status":"open","ping_status":"open","sticky":false,"template":"","format":"standard","meta":{"jetpack_post_was_ever_published":false,"_jetpack_newsletter_access":"","_jetpack_dont_email_post_to_subs":false,"_jetpack_newsletter_tier_id":0,"_jetpack_memberships_contains_paywalled_content":false,"_jetpack_memberships_contains_paid_content":false,"footnotes":""},"categories":[24,22],"tags":[],"class_list":{"0":"post-420","1":"post","2":"type-post","3":"status-publish","4":"format-standard","5":"has-post-thumbnail","7":"category-la-une-site","8":"category-societe"},"jetpack_featured_media_url":"https:\/\/i0.wp.com\/www.sidwaya.info\/editions\/wp-content\/uploads\/sites\/9\/2021\/08\/IMG_20210819_143434_116.jpg?fit=900%2C1200&ssl=1","jetpack_sharing_enabled":true,"jetpack_shortlink":"https:\/\/wp.me\/paquYs-6M","jetpack-related-posts":[],"_links":{"self":[{"href":"https:\/\/www.sidwaya.info\/editions\/wp-json\/wp\/v2\/posts\/420","targetHints":{"allow":["GET"]}}],"collection":[{"href":"https:\/\/www.sidwaya.info\/editions\/wp-json\/wp\/v2\/posts"}],"about":[{"href":"https:\/\/www.sidwaya.info\/editions\/wp-json\/wp\/v2\/types\/post"}],"author":[{"embeddable":true,"href":"https:\/\/www.sidwaya.info\/editions\/wp-json\/wp\/v2\/users\/2"}],"replies":[{"embeddable":true,"href":"https:\/\/www.sidwaya.info\/editions\/wp-json\/wp\/v2\/comments?post=420"}],"version-history":[{"count":0,"href":"https:\/\/www.sidwaya.info\/editions\/wp-json\/wp\/v2\/posts\/420\/revisions"}],"wp:featuredmedia":[{"embeddable":true,"href":"https:\/\/www.sidwaya.info\/editions\/wp-json\/wp\/v2\/media\/421"}],"wp:attachment":[{"href":"https:\/\/www.sidwaya.info\/editions\/wp-json\/wp\/v2\/media?parent=420"}],"wp:term":[{"taxonomy":"category","embeddable":true,"href":"https:\/\/www.sidwaya.info\/editions\/wp-json\/wp\/v2\/categories?post=420"},{"taxonomy":"post_tag","embeddable":true,"href":"https:\/\/www.sidwaya.info\/editions\/wp-json\/wp\/v2\/tags?post=420"}],"curies":[{"name":"wp","href":"https:\/\/api.w.org\/{rel}","templated":true}]}}