{"id":2312,"date":"2022-06-12T17:58:00","date_gmt":"2022-06-12T17:58:00","guid":{"rendered":"https:\/\/www.sidwaya.info\/sport\/?p=2312"},"modified":"2022-06-12T17:58:00","modified_gmt":"2022-06-12T17:58:00","slug":"lettre-du-sportif-2","status":"publish","type":"post","link":"https:\/\/www.sidwaya.info\/sport\/2022\/06\/12\/lettre-du-sportif-2\/","title":{"rendered":"Lettre du sportif"},"content":{"rendered":"<p><strong>Cher Cousin,<\/strong><\/p>\n<p>Je voulais revenir sur la non-s\u00e9lection d\u2019Hamed Belem qui a fait jaser et qui continue de faire couler beaucoup d\u2019encre et de salive.<\/p>\n<p>Rappelle-toi qu\u2019avec l\u2019indisponibilit\u00e9 de Bertrand Traor\u00e9, il avait \u00e9t\u00e9 dit qu\u2019il sera remplac\u00e9 par le soci\u00e9taire de l\u2019USMA d\u2019Alg\u00e9rie, Hamed Belem. Sur la toile, des bloggeurs avaient laiss\u00e9 entendre que le minist\u00e8re des Sports, de la Jeunesse et de l\u2019Emploi aurait avanc\u00e9 un manque de moyens financiers pour faire venir l\u2019ex-soci\u00e9taire de Rahimo FC.<\/p>\n<p>Couse, apparemment, cette information n\u2019est pas vraie.<\/p>\n<p>Les langues commencent \u00e0 se d\u00e9lier sur le sujet. Selon une source du d\u00e9partement des sports, la non pr\u00e9sence de Belem au sein de la s\u00e9lection n\u2019est nullement due au refus du minist\u00e8re de supporter les frais li\u00e9s \u00e0 la convocation du joueur. Elle serait encore due \u00e0 une \u00e9ni\u00e8me cacophonie de la faiti\u00e8re du football national.<\/p>\n<p>Un ancien membre du staff technique des Etalons (qui refuse officieusement de quitter son poste) aurait instruit le Secr\u00e9taire g\u00e9n\u00e9ral (SG) de la f\u00e9d\u00e9ration d\u2019adresser une convocation \u00e0 Hamed Belem via son club.<\/p>\n<p>Je parle de cacophonie, car, l\u2019entraineur, en apprenant la s\u00e9lection du joueur s\u2019est \u00e9tonn\u00e9 parce que n\u2019ayant pas \u00e9t\u00e9 mis au courant. Il s\u2019est alors adress\u00e9 au SG pour avoir de plus amples informations. Renseign\u00e9e, la t\u00eate pensante des Etalons a d\u00e9cid\u00e9 de ne pas \u00e9largir sa liste et a souhait\u00e9 travailler avec celle d\u00e9j\u00e0 disponible.<\/p>\n<p>Avec cette autre affaire, l\u2019on se demande qui fait quoi dans cette \u00e9quipe fanion du Burkina Faso. Comme je le pr\u00e9viens \u00e0 chaque fois, il faudra qu\u2019Hubert Velud ouvre l\u2019\u0153il et surtout le bon.<\/p>\n<p>Je ne puis te quitter sans saluer cette action \u00e0 venir de Bertrand Traor\u00e9 \u00e0 travers sa Fondation. En effet, le capitaine des Etalons organise des journ\u00e9es caritatives \u00e0 Ouagadougou le 16 juin et \u00e0 Bobo-Dioulasso ,48 heures plus tard.<\/p>\n<p>Journ\u00e9es au cours desquelles il est pr\u00e9vu des dons de vivres et de kits scolaires et l\u2019organisation de matchs de gala. Une initiative plac\u00e9e sous le th\u00e8me : \u00ab Solidarit\u00e9, r\u00e9silience et action pour la paix et la qui\u00e9tude au Burkina Faso \u00bb. Je te reviendrai.<\/p>\n<p>Porte-toi bien!<\/p>\n<p><strong>Par ton Cousin<\/strong><\/p>\n","protected":false},"excerpt":{"rendered":"<p>Cher Cousin, Je voulais revenir sur la non-s\u00e9lection d\u2019Hamed Belem qui a fait jaser et qui continue de faire couler beaucoup d\u2019encre et de salive. Rappelle-toi qu\u2019avec l\u2019indisponibilit\u00e9 de Bertrand Traor\u00e9, il avait \u00e9t\u00e9 dit qu\u2019il sera remplac\u00e9 par le soci\u00e9taire de l\u2019USMA d\u2019Alg\u00e9rie, Hamed Belem. Sur la toile, des bloggeurs avaient laiss\u00e9 entendre que [&hellip;]<\/p>\n","protected":false},"author":136,"featured_media":2313,"comment_status":"open","ping_status":"open","sticky":false,"template":"","format":"standard","meta":{"jetpack_post_was_ever_published":false,"_jetpack_newsletter_access":"","_jetpack_dont_email_post_to_subs":false,"_jetpack_newsletter_tier_id":0,"_jetpack_memberships_contains_paywalled_content":false,"_jetpack_memberships_contains_paid_content":false,"footnotes":""},"categories":[33,492,37],"tags":[55,554,553],"class_list":{"0":"post-2312","1":"post","2":"type-post","3":"status-publish","4":"format-standard","5":"has-post-thumbnail","7":"category-actualites","8":"category-commentaire","9":"category-sport","10":"tag-fbf","11":"tag-hamed-belem","12":"tag-lettre-du-sportif"},"jetpack_featured_media_url":"https:\/\/www.sidwaya.info\/sport\/wp-content\/uploads\/sites\/6\/2022\/06\/La-lettre-du-sportif-scaled-e1655056585200.jpg","jetpack_sharing_enabled":true,"jetpack_shortlink":"https:\/\/wp.me\/pamO1T-Bi","jetpack_likes_enabled":true,"_links":{"self":[{"href":"https:\/\/www.sidwaya.info\/sport\/wp-json\/wp\/v2\/posts\/2312","targetHints":{"allow":["GET"]}}],"collection":[{"href":"https:\/\/www.sidwaya.info\/sport\/wp-json\/wp\/v2\/posts"}],"about":[{"href":"https:\/\/www.sidwaya.info\/sport\/wp-json\/wp\/v2\/types\/post"}],"author":[{"embeddable":true,"href":"https:\/\/www.sidwaya.info\/sport\/wp-json\/wp\/v2\/users\/136"}],"replies":[{"embeddable":true,"href":"https:\/\/www.sidwaya.info\/sport\/wp-json\/wp\/v2\/comments?post=2312"}],"version-history":[{"count":0,"href":"https:\/\/www.sidwaya.info\/sport\/wp-json\/wp\/v2\/posts\/2312\/revisions"}],"wp:featuredmedia":[{"embeddable":true,"href":"https:\/\/www.sidwaya.info\/sport\/wp-json\/wp\/v2\/media\/2313"}],"wp:attachment":[{"href":"https:\/\/www.sidwaya.info\/sport\/wp-json\/wp\/v2\/media?parent=2312"}],"wp:term":[{"taxonomy":"category","embeddable":true,"href":"https:\/\/www.sidwaya.info\/sport\/wp-json\/wp\/v2\/categories?post=2312"},{"taxonomy":"post_tag","embeddable":true,"href":"https:\/\/www.sidwaya.info\/sport\/wp-json\/wp\/v2\/tags?post=2312"}],"curies":[{"name":"wp","href":"https:\/\/api.w.org\/{rel}","templated":true}]}}