{"id":2330,"date":"2022-06-12T19:08:22","date_gmt":"2022-06-12T19:08:22","guid":{"rendered":"https:\/\/www.sidwaya.info\/sport\/?p=2330"},"modified":"2022-06-12T19:08:22","modified_gmt":"2022-06-12T19:08:22","slug":"faycal-sawadogo-medaille-dor-a-lopen-dautriche-en-taekwondo-joccupe-la-18e-place-sur-le-plan-mondial","status":"publish","type":"post","link":"https:\/\/www.sidwaya.info\/sport\/2022\/06\/12\/faycal-sawadogo-medaille-dor-a-lopen-dautriche-en-taekwondo-joccupe-la-18e-place-sur-le-plan-mondial\/","title":{"rendered":"Fay\u00e7al Sawadogo (m\u00e9daill\u00e9 d\u2019or \u00e0 l\u2019Open d\u2019Autriche en taekwondo) : \u00ab\u00a0J\u2019occupe la 18e place sur le plan mondial\u00a0\u00bb"},"content":{"rendered":"<p><strong>Il a \u00e9t\u00e9 couronn\u00e9 d\u2019or chez les moins de 80 kg \u00e0 l\u2019Open d\u2019Autriche de taekwondo, organis\u00e9 le dimanche 29 mai dernier. Grand espoir du taekwondo burkinab\u00e8, Fay\u00e7al Sawadogo, 25 ans, esp\u00e8re travailler \u00e0 donner \u00e0 cette discipline ses lettres de noblesse au Faso. Pour cela, il a des objectifs \u00e0 atteindre. <\/strong><\/p>\n<p><strong>\u00a0<\/strong><strong><em>On imagine ton sentiment d\u2019avoir offert cette m\u00e9daille au Burkina\u2026<\/em><\/strong><\/p>\n<p>Tout \u00e0 fait, je suis anim\u00e9 d\u2019un sentiment de joie et de tr\u00e8s grande fiert\u00e9 d\u2019avoir fait flotter haut le drapeau du Burkina en Autriche.<\/p>\n<p><strong><em>En allant \u00e0 cette comp\u00e9tition, croyais-tu que tu pouvais d\u00e9crocher cette m\u00e9daille d&rsquo;or ?<\/em><\/strong><\/p>\n<p>Je n\u2019y croyais pas enti\u00e8rement car il y avait l\u2019Egyptien champion d\u2019Afrique de la cat\u00e9gorie qui \u00e9tait aussi pr\u00e9sent mais j\u2019\u00e9tais determin\u00e9. Sans oublier le Kazakh champion d\u2019Europe des clubs de la cat\u00e9gorie. Avec eux, il fallait bander les muscles et se pr\u00e9parer mentalement.<\/p>\n<p><strong><em>Quelles sont les \u00e9tapes que tu as franchies jusqu&rsquo;\u00e0 l&rsquo;obtention de cette m\u00e9daille d&rsquo;or ?<\/em><\/strong><\/p>\n<p>J\u2019ai affront\u00e9 des Allemands pour mes deux premiers combats. En demi-finale, je devais d\u00e9fier un Kazakh. Pour le combat final s\u2019est dress\u00e9 un Croate.<\/p>\n<p><strong><em>Cette m\u00e9daille change-t-il ton classement mondial ou bien aura-t-elle une r\u00e9percussion sur les prochaines grandes \u00e9ch\u00e9ances comme les Jeux Olympiques et j&rsquo;en passe ?<\/em><\/strong><\/p>\n<p>Elle change beaucoup. En remportant la m\u00e9daille d\u2019or, cela me permet d\u2019engranger 20 points dans le classement mondial. Elle me permet de me maintenir dans le top 20 mondial et accroit mes chances de qualifications pour Paris.<\/p>\n<p><strong><em>As-tu le soutien du Burkina pour ces genres de comp\u00e9titions ou bien tu y participes \u00e0 tes propres frais ?<\/em><\/strong><\/p>\n<p>J\u2019ai le soutien du Burkina avec la bourse du minist\u00e8re des Sports pour les prises en charge de premi\u00e8re n\u00e9cessit\u00e9. Mais, je n\u2019ai pas de budget pour mes comp\u00e9titions. J\u2019ai d\u00fb avancer avec l\u2019aide de mes parents pour pouvoir vite reprendre les entra\u00eenements de haut niveau et participer aux grandes comp\u00e9titions afin de ne pas sortir du top 32. En mars, j\u2019\u00e9tais pass\u00e9 \u00e0 la 27<sup>e<\/sup> place mondiale. Maintenant, j\u2019occupe la 18<sup>e<\/sup> place sur le plan mondial. Si tout se passe bien, je pourrais entrer dans le top 15.<\/p>\n<p><strong><em>Qu\u2019en est-il de ta bourse olympique ?<\/em><\/strong><\/p>\n<p>J&rsquo;ai \u00e9t\u00e9 d\u00e9clar\u00e9 \u00e9ligible \u00e0 la bourse olympique qui est en phase pr\u00e9paratoire. Je vis pr\u00e9sentement gr\u00e2ce \u00e0 une bourse de l\u2019Etat burkinab\u00e9 qui permet de couvrir partiellement mes besoins \u00e9l\u00e9mentaires. Ce qui est insuffisant pour faire face aux r\u00e9alit\u00e9s des comp\u00e9titions de haut niveau qui demandent un budget que je n\u2019ai pas.<\/p>\n<p><strong><em>Quand prend-t-il fin ta bourse ?<\/em><\/strong><\/p>\n<p>Elle prend fin apr\u00e8s les Jeux Olympiques<\/p>\n<figure id=\"attachment_2332\" aria-describedby=\"caption-attachment-2332\" style=\"width: 696px\" class=\"wp-caption alignnone\"><img loading=\"lazy\" decoding=\"async\" data-attachment-id=\"2332\" data-permalink=\"https:\/\/www.sidwaya.info\/sport\/2022\/06\/12\/faycal-sawadogo-medaille-dor-a-lopen-dautriche-en-taekwondo-joccupe-la-18e-place-sur-le-plan-mondial\/faycal-sawadogo\/\" data-orig-file=\"https:\/\/www.sidwaya.info\/sport\/wp-content\/uploads\/sites\/6\/2022\/06\/Faycal-Sawadogo.jpg\" data-orig-size=\"958,1280\" data-comments-opened=\"1\" data-image-meta=\"{&quot;aperture&quot;:&quot;0&quot;,&quot;credit&quot;:&quot;&quot;,&quot;camera&quot;:&quot;&quot;,&quot;caption&quot;:&quot;&quot;,&quot;created_timestamp&quot;:&quot;0&quot;,&quot;copyright&quot;:&quot;&quot;,&quot;focal_length&quot;:&quot;0&quot;,&quot;iso&quot;:&quot;0&quot;,&quot;shutter_speed&quot;:&quot;0&quot;,&quot;title&quot;:&quot;&quot;,&quot;orientation&quot;:&quot;0&quot;}\" data-image-title=\"Fay\u00e7al Sawadogo\" data-image-description=\"\" data-image-caption=\"&lt;p&gt;\u00ab\u00a0je suis anim\u00e9 d\u2019un sentiment de joie et de tr\u00e8s grande fiert\u00e9 d\u2019avoir fait flotter haut le drapeau du Burkina en Autriche. \u00a0\u00bb Sidwaya Sport. Editions Sidwaya.&lt;\/p&gt;\n\" data-medium-file=\"https:\/\/www.sidwaya.info\/sport\/wp-content\/uploads\/sites\/6\/2022\/06\/Faycal-Sawadogo-225x300.jpg\" data-large-file=\"https:\/\/www.sidwaya.info\/sport\/wp-content\/uploads\/sites\/6\/2022\/06\/Faycal-Sawadogo-766x1024.jpg\" class=\"size-large wp-image-2332\" src=\"https:\/\/www.sidwaya.info\/sport\/wp-content\/uploads\/sites\/6\/2022\/06\/Faycal-Sawadogo-766x1024.jpg\" alt=\"\" width=\"696\" height=\"930\" srcset=\"https:\/\/www.sidwaya.info\/sport\/wp-content\/uploads\/sites\/6\/2022\/06\/Faycal-Sawadogo-766x1024.jpg 766w, https:\/\/www.sidwaya.info\/sport\/wp-content\/uploads\/sites\/6\/2022\/06\/Faycal-Sawadogo-225x300.jpg 225w, https:\/\/www.sidwaya.info\/sport\/wp-content\/uploads\/sites\/6\/2022\/06\/Faycal-Sawadogo-768x1026.jpg 768w, https:\/\/www.sidwaya.info\/sport\/wp-content\/uploads\/sites\/6\/2022\/06\/Faycal-Sawadogo-696x930.jpg 696w, https:\/\/www.sidwaya.info\/sport\/wp-content\/uploads\/sites\/6\/2022\/06\/Faycal-Sawadogo-314x420.jpg 314w, https:\/\/www.sidwaya.info\/sport\/wp-content\/uploads\/sites\/6\/2022\/06\/Faycal-Sawadogo.jpg 958w\" sizes=\"auto, (max-width: 696px) 100vw, 696px\" \/><figcaption id=\"caption-attachment-2332\" class=\"wp-caption-text\"><\/strong> <strong>\u00ab\u00a0je suis anim\u00e9 d\u2019un sentiment de joie et de tr\u00e8s grande fiert\u00e9 d\u2019avoir fait flotter haut le drapeau du Burkina en Autriche. \u00a0\u00bb Sidwaya Sport. Editions Sidwaya.<\/strong><\/figcaption><\/figure>\n<p><strong><em>Que comptes-tu faire \u00e0 la fin de cette bourse ?<\/em><\/strong><\/p>\n<p>J\u2019\u00e9tudie parall\u00e8lement l\u2019\u00e9conomie, avec l\u2019option sport-\u00e9tudes que m\u2019offre mon universit\u00e9 afin de ne pas trop affecter mon calendrier sportif.<\/p>\n<p><strong><em>Qu\u2019attends-tu des autorit\u00e9s sportives burkinab\u00e8 ?<\/em><\/strong><\/p>\n<p>J\u2019attends d\u2019elles un soutien complet afin d\u2019\u00eatre au m\u00eame niveau que mes adversaires de haut niveau. Pour que je ne rate aucune comp\u00e9tition importante. Je fais un sport de combat tr\u00e8s difficile, et sans un soutien complet, c\u2019est difficile souvent d\u2019aller jusqu\u2019au bout.<\/p>\n<p><strong><em>Cela faisait qu&rsquo;\u00e0 m\u00eame un bout de temps qu&rsquo;on attendait plus parler de toi avant cette comp\u00e9tition. Qu&rsquo;est ce qui s&rsquo;\u00e9tait pass\u00e9 ?<\/em><\/strong><\/p>\n<p>C\u2019est exact, je reviens d\u2019une grande fracture au bras survenue lors de mon combat aux Jeux Olympiques contre le num\u00e9ro 1 mondial. Ce qui m&rsquo;avait d\u2019ailleurs beaucoup handicap\u00e9 lors de mon combat pour le bronze. Cette blessure m\u2019a \u00e9loign\u00e9 des tatamis pendant plus de 7 mois. Et certaines comp\u00e9titions sont incontournables pour pouvoir rester bien class\u00e9.<\/p>\n<p><strong><em>Quels sont tes objectifs ?<\/em><\/strong><\/p>\n<p>Les principaux objectifs se r\u00e9sument aux succ\u00e8s lors mes prochaines comp\u00e9titions. Je veux parler du championnat d\u2019Afrique au Rwanda, au prochain Grand prix de Paris, aux jeux universitaires, aux prochains Opens internationaux qui se d\u00e9termineront avec mon staff ce mois-ci. Tout cela pour entrer dans le top 16 mondial afin de pouvoir prendre part au dernier Grand prix qui regroupera les 16 meilleurs au monde, et \u00eatre bien class\u00e9 pour les prochains championnats du monde. Tout \u00e7a dans la perspective de me qualifier pour les Jeux Olympiques de Paris \u00a02024.<\/p>\n<p><strong><em>Fay\u00e7al pense-t-il qu&rsquo;apr\u00e8s lui, il y a une bonne rel\u00e8ve du taekwondo burkinab\u00e8 ?<\/em><\/strong><\/p>\n<p>Je pense que oui. \u00a0Mon souhait est que tous ces jeunes puissent jouir de leur art sans \u00eatre affect\u00e9s par d\u2019autres stress. Que leur seul stress \u00e0 g\u00e9rer soit uniquement celui de la comp\u00e9tition.<\/p>\n<p><strong>Interview r\u00e9alis\u00e9e par Yves OUEDRAOGO<\/strong><\/p>\n","protected":false},"excerpt":{"rendered":"<p>Il a \u00e9t\u00e9 couronn\u00e9 d\u2019or chez les moins de 80 kg \u00e0 l\u2019Open d\u2019Autriche de taekwondo, organis\u00e9 le dimanche 29 mai dernier. Grand espoir du taekwondo burkinab\u00e8, Fay\u00e7al Sawadogo, 25 ans, esp\u00e8re travailler \u00e0 donner \u00e0 cette discipline ses lettres de noblesse au Faso. Pour cela, il a des objectifs \u00e0 atteindre. \u00a0On imagine ton [&hellip;]<\/p>\n","protected":false},"author":136,"featured_media":2331,"comment_status":"open","ping_status":"open","sticky":false,"template":"","format":"standard","meta":{"jetpack_post_was_ever_published":false,"_jetpack_newsletter_access":"","_jetpack_dont_email_post_to_subs":false,"_jetpack_newsletter_tier_id":0,"_jetpack_memberships_contains_paywalled_content":false,"_jetpack_memberships_contains_paid_content":false,"footnotes":""},"categories":[33,25,39,37],"tags":[130,559,69],"class_list":{"0":"post-2330","1":"post","2":"type-post","3":"status-publish","4":"format-standard","5":"has-post-thumbnail","7":"category-actualites","8":"category-karate","9":"category-la-une-site","10":"category-sport","11":"tag-burkina","12":"tag-faycall-tapsoba","13":"tag-karate"},"jetpack_featured_media_url":"https:\/\/www.sidwaya.info\/sport\/wp-content\/uploads\/sites\/6\/2022\/06\/Faycal.jpg","jetpack_sharing_enabled":true,"jetpack_shortlink":"https:\/\/wp.me\/pamO1T-BA","jetpack_likes_enabled":true,"_links":{"self":[{"href":"https:\/\/www.sidwaya.info\/sport\/wp-json\/wp\/v2\/posts\/2330","targetHints":{"allow":["GET"]}}],"collection":[{"href":"https:\/\/www.sidwaya.info\/sport\/wp-json\/wp\/v2\/posts"}],"about":[{"href":"https:\/\/www.sidwaya.info\/sport\/wp-json\/wp\/v2\/types\/post"}],"author":[{"embeddable":true,"href":"https:\/\/www.sidwaya.info\/sport\/wp-json\/wp\/v2\/users\/136"}],"replies":[{"embeddable":true,"href":"https:\/\/www.sidwaya.info\/sport\/wp-json\/wp\/v2\/comments?post=2330"}],"version-history":[{"count":0,"href":"https:\/\/www.sidwaya.info\/sport\/wp-json\/wp\/v2\/posts\/2330\/revisions"}],"wp:featuredmedia":[{"embeddable":true,"href":"https:\/\/www.sidwaya.info\/sport\/wp-json\/wp\/v2\/media\/2331"}],"wp:attachment":[{"href":"https:\/\/www.sidwaya.info\/sport\/wp-json\/wp\/v2\/media?parent=2330"}],"wp:term":[{"taxonomy":"category","embeddable":true,"href":"https:\/\/www.sidwaya.info\/sport\/wp-json\/wp\/v2\/categories?post=2330"},{"taxonomy":"post_tag","embeddable":true,"href":"https:\/\/www.sidwaya.info\/sport\/wp-json\/wp\/v2\/tags?post=2330"}],"curies":[{"name":"wp","href":"https:\/\/api.w.org\/{rel}","templated":true}]}}