{"id":2445,"date":"2022-07-13T20:10:15","date_gmt":"2022-07-13T20:10:15","guid":{"rendered":"https:\/\/www.sidwaya.info\/sport\/?p=2445"},"modified":"2022-07-13T20:10:15","modified_gmt":"2022-07-13T20:10:15","slug":"la-ronde-des-stades","status":"publish","type":"post","link":"https:\/\/www.sidwaya.info\/sport\/2022\/07\/13\/la-ronde-des-stades\/","title":{"rendered":"La ronde des stades"},"content":{"rendered":"<p><strong>Cameroun : \u00ab stup\u00e9fait \u00bb, Le Coq Sportif r\u00e9pond \u00e0 Eto\u2019o<\/strong><\/p>\n<figure id=\"attachment_2447\" aria-describedby=\"caption-attachment-2447\" style=\"width: 696px\" class=\"wp-caption alignnone\"><img loading=\"lazy\" decoding=\"async\" data-attachment-id=\"2447\" data-permalink=\"https:\/\/www.sidwaya.info\/sport\/2022\/07\/13\/la-ronde-des-stades\/cameroun\/\" data-orig-file=\"https:\/\/www.sidwaya.info\/sport\/wp-content\/uploads\/sites\/6\/2022\/07\/Came\u0301roun-e1657742828192.jpg\" data-orig-size=\"500,282\" data-comments-opened=\"1\" data-image-meta=\"{&quot;aperture&quot;:&quot;0&quot;,&quot;credit&quot;:&quot;&quot;,&quot;camera&quot;:&quot;&quot;,&quot;caption&quot;:&quot;&quot;,&quot;created_timestamp&quot;:&quot;0&quot;,&quot;copyright&quot;:&quot;&quot;,&quot;focal_length&quot;:&quot;0&quot;,&quot;iso&quot;:&quot;0&quot;,&quot;shutter_speed&quot;:&quot;0&quot;,&quot;title&quot;:&quot;&quot;,&quot;orientation&quot;:&quot;1&quot;}\" data-image-title=\"Cameroun\" data-image-description=\"\" data-image-caption=\"&lt;p&gt;Maillot de l&amp;rsquo;\u00e9quipe nationale des Lions Indomptables du Cameroun&lt;\/p&gt;\n\" data-medium-file=\"https:\/\/www.sidwaya.info\/sport\/wp-content\/uploads\/sites\/6\/2022\/07\/Came\u0301roun-e1657742828192-300x169.jpg\" data-large-file=\"https:\/\/www.sidwaya.info\/sport\/wp-content\/uploads\/sites\/6\/2022\/07\/Came\u0301roun-1024x577.jpg\" class=\"size-large wp-image-2447\" src=\"https:\/\/www.sidwaya.info\/sport\/wp-content\/uploads\/sites\/6\/2022\/07\/Came\u0301roun-1024x577.jpg\" alt=\"\" width=\"696\" height=\"392\" \/><figcaption id=\"caption-attachment-2447\" class=\"wp-caption-text\"><strong>Maillot de l&rsquo;\u00e9quipe nationale des Lions Indomptables du Cameroun<\/strong><\/figcaption><\/figure>\n<p>Vendredi 1 juillet dernier, la F\u00e9d\u00e9ration camerounaise de football (FECAFOOT), pr\u00e9sid\u00e9e par Samuel Eto\u2019o, a pr\u00e9venu son \u00e9quipementier, Le Coq Sportif, de son intention de ne pas renouveler le contrat qui lie les deux parties et qui se termine dans quelques semaines apr\u00e8s la CAN f\u00e9minine. Un vrai coup dur pour la firme fran\u00e7aise, qui exige des explications et assure qu\u2019elle \u00e9tait d\u00e9j\u00e0 en discussions avanc\u00e9es avec les dirigeants camerounais pour concevoir le maillot qui sera port\u00e9 par les Lions Indomptables \u00e0 la Coupe du monde 2022. \u00ab Le Coq Sportif souhaite faire part de sa plus grande surprise et de sa stup\u00e9faction \u00e0 la lecture du communiqu\u00e9 de presse national et international \u00e9mis ce jour par la FECAFOOT et annon\u00e7ant la r\u00e9siliation de sa collaboration avec notre marque \u00e0 l\u2019issue de la CAN f\u00e9minine TotalEngergies 2022 \u00bb, d\u00e9but\u00e9 l\u2019\u00e9quipementier dans un communiqu\u00e9. \u00ab Cette d\u00e9cision prise de fa\u00e7on unilat\u00e9rale et brutale intervient alors m\u00eame que Le Coq Sportif a d\u00e9livr\u00e9 tous ses engagements contractuels depuis plus de trois ans en accompagnant la FECAFOOT depuis la Coupe du Monde f\u00e9minine en 2019 et plus r\u00e9cemment de l\u2019\u00e9quipe masculine premi\u00e8re lors de la CAN 2022. De plus, \u00e0 ce jour la FECAFOOT a valid\u00e9 les maillots d\u00e9velopp\u00e9s par Le Coq Sportif pour la prochaine Coupe du Monde au Qatar, \u00e9quipements qui sont homologu\u00e9s par la FIFA. Le Coq Sportif a d\u00e8s lors saisi la FECAFOOT et son Pr\u00e9sident, Samuel Eto\u2019o, afin d\u2019engager les discussions n\u00e9cessaires, dans un esprit constructif et respectueux des engagements r\u00e9ciproques. Nous ne doutons pas que cet \u00e9change permette de pouvoir poursuivre sereinement la collaboration contract\u00e9e par la FECAFOOT et Le Coq Sportif \u00bb, conclut le document. Reste \u00e0 conna\u00eetre la r\u00e9ponse du Cameroun et d\u2019Eto\u2019o.<\/p>\n<hr \/>\n<p><strong>Liverpool : salaire record pour Salah<\/strong><\/p>\n<figure id=\"attachment_2449\" aria-describedby=\"caption-attachment-2449\" style=\"width: 696px\" class=\"wp-caption alignnone\"><img loading=\"lazy\" decoding=\"async\" data-attachment-id=\"2449\" data-permalink=\"https:\/\/www.sidwaya.info\/sport\/2022\/07\/13\/la-ronde-des-stades\/liverpool\/\" data-orig-file=\"https:\/\/www.sidwaya.info\/sport\/wp-content\/uploads\/sites\/6\/2022\/07\/Liverpool-e1657742731208.jpg\" data-orig-size=\"500,281\" data-comments-opened=\"1\" data-image-meta=\"{&quot;aperture&quot;:&quot;0&quot;,&quot;credit&quot;:&quot;&quot;,&quot;camera&quot;:&quot;&quot;,&quot;caption&quot;:&quot;&quot;,&quot;created_timestamp&quot;:&quot;0&quot;,&quot;copyright&quot;:&quot;&quot;,&quot;focal_length&quot;:&quot;0&quot;,&quot;iso&quot;:&quot;0&quot;,&quot;shutter_speed&quot;:&quot;0&quot;,&quot;title&quot;:&quot;&quot;,&quot;orientation&quot;:&quot;1&quot;}\" data-image-title=\"Liverpool\" data-image-description=\"\" data-image-caption=\"\" data-medium-file=\"https:\/\/www.sidwaya.info\/sport\/wp-content\/uploads\/sites\/6\/2022\/07\/Liverpool-e1657742731208-300x169.jpg\" data-large-file=\"https:\/\/www.sidwaya.info\/sport\/wp-content\/uploads\/sites\/6\/2022\/07\/Liverpool-1024x575.jpg\" class=\"wp-image-2449 size-large\" src=\"https:\/\/www.sidwaya.info\/sport\/wp-content\/uploads\/sites\/6\/2022\/07\/Liverpool-1024x575.jpg\" alt=\"\" width=\"696\" height=\"391\" \/><figcaption id=\"caption-attachment-2449\" class=\"wp-caption-text\"><strong>L&rsquo;attaquant \u00e9gyptien du club anglais de Liverpool, Mohamed Salah<\/strong><\/figcaption><\/figure>\n<p>Au terme d\u2019un long feuilleton et d\u2019interminables n\u00e9gociations, Mohamed Salah a officiellement prolong\u00e9 son contrat pour une longue dur\u00e9e en faveur de Liverpool ce vendredi, \u00e0 un an du terme de son bail. Et pour conserver leur star, les Reds, qui viennent de perdre Sadio Man\u00e9, n\u2019ont pas h\u00e9sit\u00e9 \u00e0 sortir le ch\u00e9quier. D\u2019apr\u00e8s le m\u00e9dia The Times, l\u2019ailier \u00e9gyptien a en effet n\u00e9goci\u00e9 une grosse revalorisation salariale et percevra d\u00e9sormais environ 405 000 euros par semaine, soit 21,5 millions d\u2019euros par an. Il s\u2019agit tout simplement du salaire le plus \u00e9lev\u00e9 de l\u2019histoire du club anglais ! Le prix \u00e0 payer pour conserver l\u2019un des meilleurs joueurs du moment.<\/p>\n<hr \/>\n<p><strong>Joueur Africain de l\u2019ann\u00e9e : les 30 nomin\u00e9s d\u00e9voil\u00e9s<\/strong><\/p>\n<p>&nbsp;<\/p>\n<p><img loading=\"lazy\" decoding=\"async\" data-attachment-id=\"2446\" data-permalink=\"https:\/\/www.sidwaya.info\/sport\/2022\/07\/13\/la-ronde-des-stades\/caf-awards\/\" data-orig-file=\"https:\/\/www.sidwaya.info\/sport\/wp-content\/uploads\/sites\/6\/2022\/07\/CAF-Awards-e1657742757532.jpg\" data-orig-size=\"500,282\" data-comments-opened=\"1\" data-image-meta=\"{&quot;aperture&quot;:&quot;0&quot;,&quot;credit&quot;:&quot;&quot;,&quot;camera&quot;:&quot;&quot;,&quot;caption&quot;:&quot;&quot;,&quot;created_timestamp&quot;:&quot;0&quot;,&quot;copyright&quot;:&quot;&quot;,&quot;focal_length&quot;:&quot;0&quot;,&quot;iso&quot;:&quot;0&quot;,&quot;shutter_speed&quot;:&quot;0&quot;,&quot;title&quot;:&quot;&quot;,&quot;orientation&quot;:&quot;1&quot;}\" data-image-title=\"CAF Awards\" data-image-description=\"\" data-image-caption=\"\" data-medium-file=\"https:\/\/www.sidwaya.info\/sport\/wp-content\/uploads\/sites\/6\/2022\/07\/CAF-Awards-e1657742757532-300x169.jpg\" data-large-file=\"https:\/\/www.sidwaya.info\/sport\/wp-content\/uploads\/sites\/6\/2022\/07\/CAF-Awards-1024x577.jpg\" class=\"alignnone size-large wp-image-2446\" src=\"https:\/\/www.sidwaya.info\/sport\/wp-content\/uploads\/sites\/6\/2022\/07\/CAF-Awards-1024x577.jpg\" alt=\"\" width=\"696\" height=\"392\" \/><\/p>\n<p>Quelques jours apr\u00e8s avoir annonc\u00e9 la tenue des CAF Awards le 21 juillet \u00e0 Rabat, au Maroc, la Conf\u00e9d\u00e9ration africaine de football (CAF) a d\u00e9voil\u00e9 ce jeudi la liste des 30 nomin\u00e9s pour le titre de Joueur Africain de l\u2019ann\u00e9e. Tenant du titre et grand favori \u00e0 sa propre succession, Sadio Man\u00e9 est \u00e9videmment pr\u00e9sent, aux c\u00f4t\u00e9s de son principal rival et d\u00e9sormais ex-co\u00e9quipier \u00e0 Liverpool, Mohamed Salah. Parmi les grands noms du continent, on retrouve aussi, entre autres, l\u2019Alg\u00e9rien Riyad Mahrez, le S\u00e9n\u00e9galais Edouard Mendy, le Marocain Achraf Hakimi, ou encore l\u2019Ivoirien S\u00e9bastien Haller, auteur de 11 buts en Ligue des Champions. Avec 5 joueurs pr\u00e9sents, le S\u00e9n\u00e9gal, vainqueur de la CAN en f\u00e9vrier, se taille logiquement la part du lion. On retrouve aussi tout un groupe de joueurs qui ont brill\u00e9 au Cameroun malgr\u00e9 une situation compliqu\u00e9e en club (Bertrand Traor\u00e9, Nampalys Mendy) ou malgr\u00e9 leur appartenance \u00e0 des clubs de seconde zone : Vincent Aboubakar, ou encore le Comorien Youssouf M\u2019Changama et le S\u00e9n\u00e9galais Saliou Ciss, qui ont la particularit\u00e9 d\u2019\u00e9voluer en Ligue 2 fran\u00e7aise ! Clairement, le jury compos\u00e9 d\u2019experts techniques, de l\u00e9gendes de la CAF et de journalistes a donn\u00e9 sa priorit\u00e9 \u00e0 la CAN, quitte \u00e0 d\u00e9laisser certains joueurs qui ont brill\u00e9 en club comme Victor Osimhen, auteur de 18 buts avec Naples mais absent au Cameroun, et Seko Fofana, vainqueur du Prix Fo\u00e9, qui r\u00e9compense le meilleur africain de L1, mais en retrait de la s\u00e9lection ivoirienne. M\u00eame sort pour Pierre-Emerick Aubameyang, qui a manqu\u00e9 la CAN et d\u00e9\u00e7u en premi\u00e8re partie de saison avec Arsenal avant de retrouver le sourire \u00e0 Barcelone. Avec Yahya Jabrane, Aliou Dieng, Ali Maaloul, Mohamed Abdelmonem ou encore Mohamed El-Shenawy, les locaux sont en revanche bien repr\u00e9sent\u00e9s. Un jury compos\u00e9 de la Commission technique de la CAF, de journalistes, de s\u00e9lectionneurs et de capitaines des associations membres et des clubs impliqu\u00e9s dans la phase de groupe des comp\u00e9titions interclubs va d\u00e9sormais voter parmi cette liste pour d\u00e9signer le laur\u00e9at en prenant en compte pour la premi\u00e8re fois les performances sur la saison \u00e9coul\u00e9e et pas sur l\u2019ann\u00e9e civile.<\/p>\n<hr \/>\n<p><strong>Jeux M\u00e9diterran\u00e9ens d\u2019Oran : le Maroc \u00e9limin\u00e9 aux portes de la finale\u2026<\/strong><\/p>\n<figure id=\"attachment_2448\" aria-describedby=\"caption-attachment-2448\" style=\"width: 696px\" class=\"wp-caption alignnone\"><img loading=\"lazy\" decoding=\"async\" data-attachment-id=\"2448\" data-permalink=\"https:\/\/www.sidwaya.info\/sport\/2022\/07\/13\/la-ronde-des-stades\/jeux-mediterraneens-doran\/\" data-orig-file=\"https:\/\/www.sidwaya.info\/sport\/wp-content\/uploads\/sites\/6\/2022\/07\/Jeux-Me\u0301diterrane\u0301ens-dOran-e1657742785864.jpg\" data-orig-size=\"500,281\" data-comments-opened=\"1\" data-image-meta=\"{&quot;aperture&quot;:&quot;0&quot;,&quot;credit&quot;:&quot;&quot;,&quot;camera&quot;:&quot;&quot;,&quot;caption&quot;:&quot;&quot;,&quot;created_timestamp&quot;:&quot;0&quot;,&quot;copyright&quot;:&quot;&quot;,&quot;focal_length&quot;:&quot;0&quot;,&quot;iso&quot;:&quot;0&quot;,&quot;shutter_speed&quot;:&quot;0&quot;,&quot;title&quot;:&quot;&quot;,&quot;orientation&quot;:&quot;1&quot;}\" data-image-title=\"Jeux Me\u0301diterrane\u0301ens d\u2019Oran\" data-image-description=\"\" data-image-caption=\"&lt;p&gt;Equipe nationale de football du Maroc&lt;\/p&gt;\n\" data-medium-file=\"https:\/\/www.sidwaya.info\/sport\/wp-content\/uploads\/sites\/6\/2022\/07\/Jeux-Me\u0301diterrane\u0301ens-dOran-e1657742785864-300x169.jpg\" data-large-file=\"https:\/\/www.sidwaya.info\/sport\/wp-content\/uploads\/sites\/6\/2022\/07\/Jeux-Me\u0301diterrane\u0301ens-dOran-1024x575.jpg\" class=\"size-large wp-image-2448\" src=\"https:\/\/www.sidwaya.info\/sport\/wp-content\/uploads\/sites\/6\/2022\/07\/Jeux-Me\u0301diterrane\u0301ens-dOran-1024x575.jpg\" alt=\"\" width=\"696\" height=\"391\" \/><figcaption id=\"caption-attachment-2448\" class=\"wp-caption-text\"><strong>\u00c9quipe nationale de football du Maroc<\/strong><\/figcaption><\/figure>\n<p>Pas de finale pour le Maroc \u00e0 l\u2019\u00e9preuve de football des Jeux M\u00e9diterran\u00e9ens d\u2019Oran. Parvenus \u00e0 sortir 2es de leur groupe derri\u00e8re la France mais devant l\u2019h\u00f4te alg\u00e9rien et l\u2019Espagne, les Lions de l\u2019Atlas U18 ont subi la loi de l\u2019Italie, qui les a \u00e9limin\u00e9s ce samedi en demi-finales (2-1). Antonio Raimondo a inscrit un doubl\u00e9 express en 8 minutes au retour des vestiaires (55e, 63e) et douch\u00e9 les espoirs marocains, en d\u00e9pit de la r\u00e9duction du score trop tardive de Yassine Khalifi sur penalty durant le temps additionnel (90e+3). Les Marocains tenteront tout de m\u00eame de d\u00e9crocher la m\u00e9daille de bronze lundi contre la Turquie, tandis que l\u2019Italie d\u00e9fiera la France en finale.<\/p>\n","protected":false},"excerpt":{"rendered":"<p>Cameroun : \u00ab stup\u00e9fait \u00bb, Le Coq Sportif r\u00e9pond \u00e0 Eto\u2019o Vendredi 1 juillet dernier, la F\u00e9d\u00e9ration camerounaise de football (FECAFOOT), pr\u00e9sid\u00e9e par Samuel Eto\u2019o, a pr\u00e9venu son \u00e9quipementier, Le Coq Sportif, de son intention de ne pas renouveler le contrat qui lie les deux parties et qui se termine dans quelques semaines apr\u00e8s la [&hellip;]<\/p>\n","protected":false},"author":136,"featured_media":2450,"comment_status":"open","ping_status":"open","sticky":false,"template":"","format":"standard","meta":{"jetpack_post_was_ever_published":false,"_jetpack_newsletter_access":"","_jetpack_dont_email_post_to_subs":false,"_jetpack_newsletter_tier_id":0,"_jetpack_memberships_contains_paywalled_content":false,"_jetpack_memberships_contains_paid_content":false,"footnotes":""},"categories":[33,19,37],"tags":[41,609,608,512,65,610,607],"class_list":{"0":"post-2445","1":"post","2":"type-post","3":"status-publish","4":"format-standard","5":"has-post-thumbnail","7":"category-actualites","8":"category-football","9":"category-sport","10":"tag-caf","11":"tag-cameroun","12":"tag-le-coq-sportif","13":"tag-liverpool","14":"tag-maroc","15":"tag-mohamed-salah","16":"tag-ronde-des-stades"},"jetpack_featured_media_url":"https:\/\/www.sidwaya.info\/sport\/wp-content\/uploads\/sites\/6\/2022\/07\/Capture-de\u0301cran-2022-07-13-a\u0300-20.01.20-e1657742566299.png","jetpack_sharing_enabled":true,"jetpack_shortlink":"https:\/\/wp.me\/pamO1T-Dr","jetpack_likes_enabled":true,"_links":{"self":[{"href":"https:\/\/www.sidwaya.info\/sport\/wp-json\/wp\/v2\/posts\/2445","targetHints":{"allow":["GET"]}}],"collection":[{"href":"https:\/\/www.sidwaya.info\/sport\/wp-json\/wp\/v2\/posts"}],"about":[{"href":"https:\/\/www.sidwaya.info\/sport\/wp-json\/wp\/v2\/types\/post"}],"author":[{"embeddable":true,"href":"https:\/\/www.sidwaya.info\/sport\/wp-json\/wp\/v2\/users\/136"}],"replies":[{"embeddable":true,"href":"https:\/\/www.sidwaya.info\/sport\/wp-json\/wp\/v2\/comments?post=2445"}],"version-history":[{"count":0,"href":"https:\/\/www.sidwaya.info\/sport\/wp-json\/wp\/v2\/posts\/2445\/revisions"}],"wp:featuredmedia":[{"embeddable":true,"href":"https:\/\/www.sidwaya.info\/sport\/wp-json\/wp\/v2\/media\/2450"}],"wp:attachment":[{"href":"https:\/\/www.sidwaya.info\/sport\/wp-json\/wp\/v2\/media?parent=2445"}],"wp:term":[{"taxonomy":"category","embeddable":true,"href":"https:\/\/www.sidwaya.info\/sport\/wp-json\/wp\/v2\/categories?post=2445"},{"taxonomy":"post_tag","embeddable":true,"href":"https:\/\/www.sidwaya.info\/sport\/wp-json\/wp\/v2\/tags?post=2445"}],"curies":[{"name":"wp","href":"https:\/\/api.w.org\/{rel}","templated":true}]}}