{"id":3071,"date":"2022-12-20T16:05:09","date_gmt":"2022-12-20T16:05:09","guid":{"rendered":"https:\/\/www.sidwaya.info\/sport\/2022\/12\/20\/qatar-2022-des-joueurs-de-lequipe-de-france-victimes-de-racisme\/"},"modified":"2022-12-20T16:05:09","modified_gmt":"2022-12-20T16:05:09","slug":"qatar-2022-des-joueurs-de-lequipe-de-france-victimes-de-racisme","status":"publish","type":"post","link":"https:\/\/www.sidwaya.info\/sport\/2022\/12\/20\/qatar-2022-des-joueurs-de-lequipe-de-france-victimes-de-racisme\/","title":{"rendered":"Qatar 2022 : Des joueurs de l\u2019\u00e9quipe de France victimes de racisme"},"content":{"rendered":"<p>Malgr\u00e9 un bon match contre l\u2019Argentine, certains joueurs de l\u2019\u00e9quipe de France, \u00e0 savoir Kinsgley Coman, Aur\u00e9lien Tchouam\u00e9ni et Randal Kolo Muani ont \u00e9t\u00e9 victimes d\u2019insultes racistes sur les r\u00e9seaux sociaux.<\/p>\n<p>Les racistes reprochent \u00e0 ces joueurs d\u2019avoir rat\u00e9 leurs tirs au but lors de la finale de la Coupe du monde. Face \u00e0 ce racisme, la F\u00e9d\u00e9ration fran\u00e7aise de football(FFF) a d\u00e9cid\u00e9, selon le magazine Onzemondial, de porter plainte.<\/p>\n<p><strong>AK<\/strong><\/p>\n","protected":false},"excerpt":{"rendered":"<p>Malgr\u00e9 un bon match contre l\u2019Argentine, certains joueurs de l\u2019\u00e9quipe de France, \u00e0 savoir Kinsgley Coman, Aur\u00e9lien Tchouam\u00e9ni et Randal Kolo Muani ont \u00e9t\u00e9 victimes d\u2019insultes racistes sur les r\u00e9seaux sociaux. Les racistes reprochent \u00e0 ces joueurs d\u2019avoir rat\u00e9 leurs tirs au but lors de la finale de la Coupe du monde. Face \u00e0 ce [&hellip;]<\/p>\n","protected":false},"author":136,"featured_media":3072,"comment_status":"open","ping_status":"open","sticky":false,"template":"","format":"standard","meta":{"jetpack_post_was_ever_published":false,"_jetpack_newsletter_access":"","_jetpack_dont_email_post_to_subs":false,"_jetpack_newsletter_tier_id":0,"_jetpack_memberships_contains_paywalled_content":false,"_jetpack_memberships_contains_paid_content":false,"footnotes":""},"categories":[33,493,32,39,37],"tags":[529,103,650,789],"class_list":{"0":"post-3071","1":"post","2":"type-post","3":"status-publish","4":"format-standard","5":"has-post-thumbnail","7":"category-actualites","8":"category-flash","9":"category-international","10":"category-la-une-site","11":"category-sport","12":"tag-fff","13":"tag-football","14":"tag-france","15":"tag-racisme"},"jetpack_featured_media_url":"https:\/\/www.sidwaya.info\/sport\/wp-content\/uploads\/sites\/6\/2022\/12\/photo-joueurs.jpg","jetpack_sharing_enabled":true,"jetpack_shortlink":"https:\/\/wp.me\/pamO1T-Nx","jetpack_likes_enabled":true,"_links":{"self":[{"href":"https:\/\/www.sidwaya.info\/sport\/wp-json\/wp\/v2\/posts\/3071","targetHints":{"allow":["GET"]}}],"collection":[{"href":"https:\/\/www.sidwaya.info\/sport\/wp-json\/wp\/v2\/posts"}],"about":[{"href":"https:\/\/www.sidwaya.info\/sport\/wp-json\/wp\/v2\/types\/post"}],"author":[{"embeddable":true,"href":"https:\/\/www.sidwaya.info\/sport\/wp-json\/wp\/v2\/users\/136"}],"replies":[{"embeddable":true,"href":"https:\/\/www.sidwaya.info\/sport\/wp-json\/wp\/v2\/comments?post=3071"}],"version-history":[{"count":0,"href":"https:\/\/www.sidwaya.info\/sport\/wp-json\/wp\/v2\/posts\/3071\/revisions"}],"wp:featuredmedia":[{"embeddable":true,"href":"https:\/\/www.sidwaya.info\/sport\/wp-json\/wp\/v2\/media\/3072"}],"wp:attachment":[{"href":"https:\/\/www.sidwaya.info\/sport\/wp-json\/wp\/v2\/media?parent=3071"}],"wp:term":[{"taxonomy":"category","embeddable":true,"href":"https:\/\/www.sidwaya.info\/sport\/wp-json\/wp\/v2\/categories?post=3071"},{"taxonomy":"post_tag","embeddable":true,"href":"https:\/\/www.sidwaya.info\/sport\/wp-json\/wp\/v2\/tags?post=3071"}],"curies":[{"name":"wp","href":"https:\/\/api.w.org\/{rel}","templated":true}]}}