{"id":3331,"date":"2023-03-15T21:18:35","date_gmt":"2023-03-15T21:18:35","guid":{"rendered":"https:\/\/www.sidwaya.info\/sport\/?p=3331"},"modified":"2023-03-15T21:21:59","modified_gmt":"2023-03-15T21:21:59","slug":"eliminatoires-can-2023-burkina-togo-le-come-back-de-franck-lassina-traore","status":"publish","type":"post","link":"https:\/\/www.sidwaya.info\/sport\/2023\/03\/15\/eliminatoires-can-2023-burkina-togo-le-come-back-de-franck-lassina-traore\/","title":{"rendered":"Eliminatoires CAN 2023 \/Burkina # Togo : le come-back de Franck Lassina Traor\u00e9"},"content":{"rendered":"<p><strong>A l\u2019occasion des 3e et 4e journ\u00e9es comptant pour la qualification \u00e0 la Coupe d\u2019Afrique de Nations (CAN) 2023 en C\u00f4te d\u2019Ivoire, le s\u00e9lectionneur national des Etalons, Hubert Velud, a d\u00e9voil\u00e9 la liste de ses joueurs, le lundi 6 mars 2023 ,\u00e0 Bobo-Dioulasso ,au cours d\u2019une conf\u00e9rence de presse. Ce sont 24 poulains que Hubert Velud a appel\u00e9 avec le grand retour de Franck Lassina Traor\u00e9, longtemps absent avec les Etalons, pour cette double confrontation contre les \u00e9perviers du Togo les 24 et 28 mars 2023.<\/strong><\/p>\n<p>Pour la double confrontation contre les Eperviers du Togo, les 24 et 28 mars prochains, le s\u00e9lectionneur national, Hubert Velud, a fait appel \u00e0 24 Etalons. L\u2019annonce a \u00e9t\u00e9 faite ,ce lundi 6 mars 2023 ,\u00e0 Bobo-Dioulasso, au cours d\u2019une conf\u00e9rence de presse. Franck Lassina Traor\u00e9, l\u2019attaquant de Shakhtar Donetsk en Ukraine, signe son retour avec les Etalons pour ces deux matchs d\u00e9cisifs pour la qualification \u00e0 la CAN, C\u00f4te d\u2019Ivoire 2023, apr\u00e8s une longue absence. M\u00eame si l\u2019attaquant n\u2019est pas \u00e0 100% de sa forme, l\u2019entraineur Hubert Velud a laiss\u00e9 entendre qu\u2019il pourra apporter sa contribution lors de ces deux confrontations.<\/p>\n<p>\u00ab 70 \u00e0 80% de ses possibilit\u00e9s, Franck Lassina Traor\u00e9, je le prends. M\u00eame s\u2019il n\u2019est pas \u00e0 100%, on verra comment l\u2019utiliser. D\u00e9j\u00e0, apr\u00e8s une tr\u00e8s longue absence, il est important pour lui, et pour le groupe de revenir en \u00e9quipe nationale \u00bb, a expliqu\u00e9 Velud sur l\u2019\u00e9tat de forme de Lassina Traor\u00e9. Outre Lassina Traor\u00e9, Adama Guira, le soci\u00e9taire du Racing Rioja (club de la 4e division espagnole), et Abdoul Razack Guebr\u00e9 de AC Reggiana en Italie, font aussi leur retour dans le groupe du coach Velud. Innocenti Nassim de Valenciennes en France et Dramane Kambou, du Rail club du Kadiogo (RCK), sont pour la premi\u00e8re fois convoqu\u00e9s avec le onze national.<\/p>\n<p>Apr\u00e8s avoir \u00e9court\u00e9 son pr\u00eat avec le club turc d\u2019Istanbul, Basaksehir, et sign\u00e9 son retour en premi\u00e8re ligue anglaise avec son club Aston Villa, Bertrand Traor\u00e9, qui souffre d\u2019une \u00ab petite entorse au genou \u00bb, aux dires du coach, figure sur la liste en attaque aux c\u00f4t\u00e9s de Dango Ouattara (AFC Bournemouth\/ Angleterre), Mamady Bangr\u00e9 (US Quevilly-Rouen\/ France), Abdoul Fessal Tapsoba (Sheriff Tiraspol \/ Moldavie), et Cyrille Bayala de AC Ajaccio (France). Au milieu du terrain, l\u2019on retrouve en plus de Adama Guira qui signe son retour, Trova Boni, Blati Tour\u00e9, Gustavo Sangar\u00e9, C\u00e9dric Badolo, St\u00e9phane Aziz Ky, et Dramane Kambou. En d\u00e9fense, Velud a fait confiance \u00e0 Issa Kabor\u00e9, Steeve Yago, Issoufou Dayo, Edmond Tapsoba, Adamo Nagalo, Abdoul Razack Guebr\u00e9, Nassim Innocenti, et Valentin Nouma. Herv\u00e9 Koffi, Kilian Niki\u00e8ma, et Hillel Konat\u00e9 sont les gardiens de but convoqu\u00e9 par Hubert Velud.<\/p>\n<h3>Prendre le maximum de points<\/h3>\n<figure id=\"attachment_3332\" aria-describedby=\"caption-attachment-3332\" style=\"width: 225px\" class=\"wp-caption alignright\"><img loading=\"lazy\" decoding=\"async\" data-attachment-id=\"3332\" data-permalink=\"https:\/\/www.sidwaya.info\/sport\/2023\/03\/15\/eliminatoires-can-2023-burkina-togo-le-come-back-de-franck-lassina-traore\/equipe\/\" data-orig-file=\"https:\/\/www.sidwaya.info\/sport\/wp-content\/uploads\/sites\/6\/2023\/03\/equipe.gif\" data-orig-size=\"590,787\" data-comments-opened=\"1\" data-image-meta=\"{&quot;aperture&quot;:&quot;0&quot;,&quot;credit&quot;:&quot;&quot;,&quot;camera&quot;:&quot;&quot;,&quot;caption&quot;:&quot;&quot;,&quot;created_timestamp&quot;:&quot;0&quot;,&quot;copyright&quot;:&quot;&quot;,&quot;focal_length&quot;:&quot;0&quot;,&quot;iso&quot;:&quot;0&quot;,&quot;shutter_speed&quot;:&quot;0&quot;,&quot;title&quot;:&quot;&quot;,&quot;orientation&quot;:&quot;0&quot;}\" data-image-title=\"equipe\" data-image-description=\"\" data-image-caption=\"&lt;p&gt;La liste des 24 joueurs appel\u00e9s pour les 3e et 4e journ\u00e9es de la qualification CAN 2023. &lt;\/p&gt;\n\" data-medium-file=\"https:\/\/www.sidwaya.info\/sport\/wp-content\/uploads\/sites\/6\/2023\/03\/equipe-225x300.gif\" data-large-file=\"https:\/\/www.sidwaya.info\/sport\/wp-content\/uploads\/sites\/6\/2023\/03\/equipe.gif\" class=\"size-medium wp-image-3332\" src=\"https:\/\/www.sidwaya.info\/sport\/wp-content\/uploads\/sites\/6\/2023\/03\/equipe-225x300.gif\" alt=\"\" width=\"225\" height=\"300\" srcset=\"https:\/\/www.sidwaya.info\/sport\/wp-content\/uploads\/sites\/6\/2023\/03\/equipe-225x300.gif 225w, https:\/\/www.sidwaya.info\/sport\/wp-content\/uploads\/sites\/6\/2023\/03\/equipe-315x420.gif 315w\" sizes=\"auto, (max-width: 225px) 100vw, 225px\" \/><figcaption id=\"caption-attachment-3332\" class=\"wp-caption-text\">La liste des 24 joueurs appel\u00e9s pour les 3e et 4e journ\u00e9es de la qualification CAN 2023.<\/figcaption><\/figure>\n<p>Etalons sont tous attendus ,le lundi 20 mars 2023, \u00e0 Marrakech au Maroc pour le premier match \u00ab tr\u00e8s important et d\u00e9terminant, et m\u00eame capital \u00bb, selon le coach des Etalons ,le vendredi 24 mars 2023. \u00ab Si nous arrivons \u00e0 gagner ce premier match, on voudra absolument enchainer sur le 2e le 28 mars 2023 au Togo. Mais ,on se concentre d\u00e9j\u00e0 sur le premier \u00bb, a confi\u00e9 Hubert Velud, signifiant qu\u2019il ambitionne prendre le maximum de points possibles dans les deux rencontres pour garantir la qualification des Etalons \u00e0 la CAN 2023 en C\u00f4te d\u2019Ivoire.<\/p>\n<p>Ces deux rencontres seront des moments de retrouvailles entre les deux entraineurs Hubert Velud et Paulo Duarte. Apr\u00e8s avoir pris les commandes de l\u2019\u00e9quipe togolaise en 2009, Hubert Velud l\u2019a qualifi\u00e9e \u00e0 la CAN 2010 en Angola. Mais les Eperviers ne participeront pas \u00e0 cette CAN en d\u00e9clarant forfait apr\u00e8s l\u2019attaque de Cabinda. Quelques mois apr\u00e8s cette attaque, Hubert Velud, touch\u00e9 au bras, d\u00e9missionne. Quant au Portugais Paulo Duart\u00e9, il a d\u2019abord dirig\u00e9 l\u2019\u00e9quipe nationale du Burkina Faso de 2007 \u00e0 2012 et de 2016 \u00e0 2019.<\/p>\n<p style=\"text-align: right\"><strong>Kam\u00e9l\u00e9 FAYAMA<\/strong><\/p>\n","protected":false},"excerpt":{"rendered":"<p>A l\u2019occasion des 3e et 4e journ\u00e9es comptant pour la qualification \u00e0 la Coupe d\u2019Afrique de Nations (CAN) 2023 en C\u00f4te d\u2019Ivoire, le s\u00e9lectionneur national des Etalons, Hubert Velud, a d\u00e9voil\u00e9 la liste de ses joueurs, le lundi 6 mars 2023 ,\u00e0 Bobo-Dioulasso ,au cours d\u2019une conf\u00e9rence de presse. Ce sont 24 poulains que Hubert [&hellip;]<\/p>\n","protected":false},"author":3,"featured_media":3333,"comment_status":"open","ping_status":"open","sticky":false,"template":"","format":"standard","meta":{"jetpack_post_was_ever_published":false,"_jetpack_newsletter_access":"","_jetpack_dont_email_post_to_subs":false,"_jetpack_newsletter_tier_id":0,"_jetpack_memberships_contains_paywalled_content":false,"_jetpack_memberships_contains_paid_content":false,"footnotes":""},"categories":[33,19,39],"tags":[],"class_list":{"0":"post-3331","1":"post","2":"type-post","3":"status-publish","4":"format-standard","5":"has-post-thumbnail","7":"category-actualites","8":"category-football","9":"category-la-une-site"},"jetpack_featured_media_url":"https:\/\/www.sidwaya.info\/sport\/wp-content\/uploads\/sites\/6\/2023\/03\/velud.gif","jetpack_sharing_enabled":true,"jetpack_shortlink":"https:\/\/wp.me\/pamO1T-RJ","jetpack_likes_enabled":true,"_links":{"self":[{"href":"https:\/\/www.sidwaya.info\/sport\/wp-json\/wp\/v2\/posts\/3331","targetHints":{"allow":["GET"]}}],"collection":[{"href":"https:\/\/www.sidwaya.info\/sport\/wp-json\/wp\/v2\/posts"}],"about":[{"href":"https:\/\/www.sidwaya.info\/sport\/wp-json\/wp\/v2\/types\/post"}],"author":[{"embeddable":true,"href":"https:\/\/www.sidwaya.info\/sport\/wp-json\/wp\/v2\/users\/3"}],"replies":[{"embeddable":true,"href":"https:\/\/www.sidwaya.info\/sport\/wp-json\/wp\/v2\/comments?post=3331"}],"version-history":[{"count":0,"href":"https:\/\/www.sidwaya.info\/sport\/wp-json\/wp\/v2\/posts\/3331\/revisions"}],"wp:featuredmedia":[{"embeddable":true,"href":"https:\/\/www.sidwaya.info\/sport\/wp-json\/wp\/v2\/media\/3333"}],"wp:attachment":[{"href":"https:\/\/www.sidwaya.info\/sport\/wp-json\/wp\/v2\/media?parent=3331"}],"wp:term":[{"taxonomy":"category","embeddable":true,"href":"https:\/\/www.sidwaya.info\/sport\/wp-json\/wp\/v2\/categories?post=3331"},{"taxonomy":"post_tag","embeddable":true,"href":"https:\/\/www.sidwaya.info\/sport\/wp-json\/wp\/v2\/tags?post=3331"}],"curies":[{"name":"wp","href":"https:\/\/api.w.org\/{rel}","templated":true}]}}