{"id":3370,"date":"2023-03-23T21:15:43","date_gmt":"2023-03-23T21:15:43","guid":{"rendered":"https:\/\/www.sidwaya.info\/sport\/?p=3370"},"modified":"2023-03-23T21:15:43","modified_gmt":"2023-03-23T21:15:43","slug":"francois-daboue-president-de-la-federation-burkinabe-de-taekwondo-nous-comptons-frapper-un-grand-coup-cette-annee","status":"publish","type":"post","link":"https:\/\/www.sidwaya.info\/sport\/2023\/03\/23\/francois-daboue-president-de-la-federation-burkinabe-de-taekwondo-nous-comptons-frapper-un-grand-coup-cette-annee\/","title":{"rendered":"Fran\u00e7ois Dabou\u00e9, pr\u00e9sident de la F\u00e9d\u00e9ration burkinab\u00e8 de taekwondo : \u00ab Nous comptons frapper un grand coup cette ann\u00e9e \u00bb"},"content":{"rendered":"<p><strong>Pour son premier mandat \u00e0 la t\u00eate de la F\u00e9d\u00e9ration burkinab\u00e8 de taekwondo, Fran\u00e7ois Dabou\u00e9 a su maintenir le cap avec pas mal de m\u00e9dailles obtenues \u00e0 l\u2019international, de m\u00eame que l\u2019organisation des activit\u00e9s traditionnelles de la structure f\u00e9d\u00e9rale. Pour la saison pass\u00e9e, le satisfecit est total m\u00eame si une m\u00e9daille historique aux Jeux olympiques allait enchanter M. Dabou\u00e9.<\/strong><\/p>\n<p><strong>Comment se porte le taekwondo burkinab\u00e8 ? <\/strong><\/p>\n<p>Le taekwondo burkinab\u00e8 se porte \u00e0 merveille. Il est bien visible sur le plan national qu\u2019au plan international avec beaucoup d\u2019activit\u00e9s qui ont \u00e9t\u00e9 r\u00e9alis\u00e9es et de m\u00e9dailles qui ont \u00e9t\u00e9 remport\u00e9es par des taekwondo ins burkinab\u00e8.<\/p>\n<p><strong>Depuis votre accession \u00e0 la pr\u00e9sidence de la F\u00e9d\u00e9ration, vous avez r\u00e9ussi \u00e0 maintenir le cap. Quel est votre secret ? <\/strong><\/p>\n<p>Le secret, est que je me suis inspir\u00e9 de l\u2019exp\u00e9rience de mon pr\u00e9d\u00e9cesseur Timbo Zongo. Il m\u2019a bien initi\u00e9 dans ce management, car, ne dit-on pas que le meilleur messager d\u2019une prison est bien le prisonnier ? J\u2019ai \u00e9t\u00e9 un taekwondo in. J\u2019ai su et je sais toujours compter sur l\u2019exp\u00e9rience et la volont\u00e9 des pratiquants, des encadreurs, des s\u00e9lectionneurs de tous les clubs, de tous les districts et de toutes les ligues.<\/p>\n<p><strong>En termes de bilan, que peut-on retenir de la saison \u00e9coul\u00e9e ?<\/strong><\/p>\n<p>Je dirai d\u2019embl\u00e9e que nous avons pu honorer le calendrier de notre programme d\u2019actions initialement \u00e9tabli. A ce titre, nous avons pu terminer les s\u00e9minaires de passage de grades. Nous avons pu maintenir les deux championnats nationaux en junior et en s\u00e9nior. Nous avons \u00e9galement pu assister \u00e0 certaines initiatives priv\u00e9es, notamment \u00e0 des Opens organis\u00e9s par des promoteurs \u00e0 Koudougou, \u00e0 Bobo-Dioulasso et \u00e0 Ziniar\u00e9.<\/p>\n<p>Sur le plan international, nous avons pu prendre part \u00e0 certaines activit\u00e9s, notamment l\u2019Open du Niger. A la suite de cet Open, nous avons eu en termes de m\u00e9dailles, 2 en or, 2 m\u00e9dailles d\u2019argent et une de bronze. Nous avons pris part \u00e9galement avec un athl\u00e8te \u00e0 l\u2019Open d\u2019Espagne qui a obtenu la m\u00e9daille d\u2019or dans les plus de 80 kg. Je n\u2019oublie pas les Opens de Luxembourg avec une m\u00e9daille de bronze ; de Dakar avec une m\u00e9daille d\u2019or, une d\u2019argent et 2 de bronze.<\/p>\n<p>L\u00e0-bas, le Burkina avait 4 inscrits et les 4 sont rentr\u00e9s avec en plus des m\u00e9dailles, les prix de meilleur combattant et de meilleur athl\u00e8te par Ibrahima Ma\u00efga. A l\u2019Open de Paris en octobre, nous avons pu engranger, gr\u00e2ce \u00e0 Faycal Sawadogo, la m\u00e9daille de bronze. Nous avons \u00e9galement particip\u00e9 au championnat d\u2019Afrique qui s\u2019est d\u00e9roul\u00e9e \u00e0 Kigali au Rwanda en juillet. A la suite de ce championnat d\u2019Afrique, nous avons eu 2 m\u00e9dailles d\u2019argent et une de bronze. Historique en terme de performance, car, cela arrive apr\u00e8s 49 ans. Le Burkina Faso a occup\u00e9 la 6e place \u00e0 ce championnat.<\/p>\n<p>Cela a \u00e9t\u00e9 un signe fort d\u2019un retour du Burkina Faso qui ne va pas se laisser faire. Nous pensons revenir et de plus en plus arriver \u00e0 la meilleure place. Le Burkina a \u00e9galement honor\u00e9 de sa pr\u00e9sence aux Jeux islamiques de Turquie au cours desquels nous avons gagn\u00e9 la m\u00e9daille de bronze et le prix de la meilleure combattante f\u00e9minine.<\/p>\n<p>Voil\u00e0 de fa\u00e7on ramass\u00e9e, le bilan technique que la F\u00e9d\u00e9ration a pu vraiment engranger avec surtout l\u2019aide et le soutien de tous les districts, les ligues et de tous les clubs, pratiquants et sympathisants. Je remercie le bureau ex\u00e9cutif de la F\u00e9d\u00e9ration qui n\u2019a m\u00e9nag\u00e9 aucun effort pour \u00eatre toujours aux aguets pour que de tels r\u00e9sultats puissent \u00eatre atteints.<\/p>\n<p><strong>Qu\u2019est-ce qui vous tenait \u00e0 c\u0153ur et que vous n\u2019avez pas pu r\u00e9aliser ? <\/strong><\/p>\n<p>Ce qui me tenait beaucoup plus \u00e0 c\u0153ur, c\u2019est la participation du Burkina aux Jeux olympiques 2020 \u00e0 Tokyo. J\u2019aurais voulu que pour la premi\u00e8re fois de l\u2019histoire du Burkina Faso, dans le domaine du taekwondo, on remporte une m\u00e9daille. Cela allait apporter une notori\u00e9t\u00e9 tr\u00e8s visible du Burkina Faso encore \u00e0 l\u2019\u00e9tranger. Mais, c\u2019est d\u00e9j\u00e0 bien qu\u2019on ait particip\u00e9, m\u00eame si je sais que l\u2019on peut faire mieux.<\/p>\n<p><strong>Le contexte actuel s\u00e9curitaire ne fait pas courir les sponsors. Comment vous vous d\u00e9brouillez pour pouvoir honorer vos engagements vis-\u00e0-vis du monde du taekwondo burkinab\u00e8 ?<\/strong><\/p>\n<p>C\u2019est une question de volont\u00e9. Nous avons un certain nombre de partenariats et une ressource interne propre au niveau du bureau ex\u00e9cutif. Nous avons des gens qui se battent comme on le dit. Nous mettons en commun nos maigres ressources pour pouvoir honorer certains engagements, notamment les participations aux diff\u00e9rentes comp\u00e9titions internationales. Il y a notre minist\u00e8re de tutelle, le Comit\u00e9 national olympique et des sports burkinab\u00e8 qui sont aussi chaque fois \u00e0 nos c\u00f4t\u00e9s.<\/p>\n<p>Mais, la mobilisation principale est d\u2019abord interne et les membres du bureau ex\u00e9cutif soutiennent vraiment les efforts. Quelles sont les perspectives pour l\u2019ann\u00e9e en cours ? Pour 2023, nous avons un calendrier tr\u00e8s charg\u00e9. Initialement, il y a d\u2019abord les activit\u00e9s nationales comme le recyclage des grad\u00e9s et le passage de grades qui ont m\u00eame d\u00e9j\u00e0 commenc\u00e9 \u00e0 Koudougou. Il y a les championnats nationaux juniors et s\u00e9niors. Il y a \u00e9galement la promotion des initiatives priv\u00e9es propres \u00e0 certains leaders.<\/p>\n<p>Surtout, cette ann\u00e9e, avec l\u2019accord de notre minist\u00e8re de tutelle et la F\u00e9d\u00e9ration mondiale de taekwondo, nous comptons frapper un grand coup, avec l\u2019organisation d\u2019un championnat de tr\u00e8s haut niveau jug\u00e9 G1 \u00e0 Ouagadougou. Nous l\u2019organiserons, pas seulement dans la qu\u00eate de m\u00e9dailles m\u00eame si nous n\u2019allons pas nous laisser faire, mais, plut\u00f4t montrer de la bonne sant\u00e9 du taekwondo burkinab\u00e8 et la capacit\u00e9 organisationnelle du Burkina. Car, je ne vous apprends rien en vous disant que ce championnat va regrouper des combattants qui viendront un peu partout du monde.<\/p>\n<p>Cette comp\u00e9tition \u00e9tait pr\u00e9vue pour se tenir en avril. Mais, \u00e0 cause de certaines contraintes, nous l\u2019avons repouss\u00e9 pour octobre. Toujours sur le plan international, nous ne perdons pas de vue les Jeux olympiques Paris 2024. Et l\u00e0, nous avons deux athl\u00e8tes qui sont pratiquement s\u00e9lectionn\u00e9s pour y participer. Il s\u2019agit de Faycal Sawadogo et Ibrahima Ma\u00efga. Il y a Ida Bama et Ali Coulibaly qui se battent fort pour pouvoir engranger des points, parce que c\u2019est un ranking et ils doivent se battre pour \u00eatre s\u00e9lectionn\u00e9s. Je n\u2019oublie pas les grands Opens comme celui de Niamey et biens d\u2019autres que nous voulons participer.<\/p>\n<p><strong> Est-ce facile d\u2019\u00eatre un pr\u00e9sident d\u2019une F\u00e9d\u00e9ration sportive au Burkina ? <\/strong><\/p>\n<p>Bonne et belle question ! Je vous r\u00e9pondrai d\u2019embl\u00e9e qu\u2019il n\u2019est pas facile d\u2019\u00eatre un pr\u00e9sident d\u2019une F\u00e9d\u00e9ration, j\u2019allais dire m\u00eame de toute organisation. Quel qu\u2019en soit le nombre que vous avez dans votre discipline, sachez qu\u2019il y aura autant d\u2019humeurs. Il faut tendre vers la majorit\u00e9 de ceux qui vont appr\u00e9cier et travailler pour l\u2019int\u00e9r\u00eat commun. Il faut et surtout \u00eatre passionn\u00e9 de la chose.<\/p>\n<p>Mais, comme nous le sommes, nous allons tout faire pour r\u00e9ussir notre mission afin que l\u2019histoire retienne un jour ce que nous avons pu faire \u00e0 la t\u00eate de la F\u00e9d\u00e9ration. Les \u00e9lections sont pr\u00e9vues dans un an, est ce que Fran\u00e7ois Dabou\u00e9 va rebelotter ? Il est vrai que les mandats ne sont pas limit\u00e9s pour les F\u00e9d\u00e9rations mais je suis un d\u00e9mocrate. Nous verrons en temps opportun.<\/p>\n<p style=\"text-align: right\"><strong>Entretien r\u00e9alis\u00e9 par Yves OUEDRAOGO <\/strong><\/p>\n","protected":false},"excerpt":{"rendered":"<p>Pour son premier mandat \u00e0 la t\u00eate de la F\u00e9d\u00e9ration burkinab\u00e8 de taekwondo, Fran\u00e7ois Dabou\u00e9 a su maintenir le cap avec pas mal de m\u00e9dailles obtenues \u00e0 l\u2019international, de m\u00eame que l\u2019organisation des activit\u00e9s traditionnelles de la structure f\u00e9d\u00e9rale. Pour la saison pass\u00e9e, le satisfecit est total m\u00eame si une m\u00e9daille historique aux Jeux olympiques [&hellip;]<\/p>\n","protected":false},"author":3,"featured_media":3371,"comment_status":"open","ping_status":"open","sticky":false,"template":"","format":"standard","meta":{"jetpack_post_was_ever_published":false,"_jetpack_newsletter_access":"","_jetpack_dont_email_post_to_subs":false,"_jetpack_newsletter_tier_id":0,"_jetpack_memberships_contains_paywalled_content":false,"_jetpack_memberships_contains_paid_content":false,"footnotes":""},"categories":[33,31],"tags":[],"class_list":{"0":"post-3370","1":"post","2":"type-post","3":"status-publish","4":"format-standard","5":"has-post-thumbnail","7":"category-actualites","8":"category-athletisme"},"jetpack_featured_media_url":"https:\/\/www.sidwaya.info\/sport\/wp-content\/uploads\/sites\/6\/2023\/03\/taekando.gif","jetpack_sharing_enabled":true,"jetpack_shortlink":"https:\/\/wp.me\/pamO1T-Sm","jetpack_likes_enabled":true,"_links":{"self":[{"href":"https:\/\/www.sidwaya.info\/sport\/wp-json\/wp\/v2\/posts\/3370","targetHints":{"allow":["GET"]}}],"collection":[{"href":"https:\/\/www.sidwaya.info\/sport\/wp-json\/wp\/v2\/posts"}],"about":[{"href":"https:\/\/www.sidwaya.info\/sport\/wp-json\/wp\/v2\/types\/post"}],"author":[{"embeddable":true,"href":"https:\/\/www.sidwaya.info\/sport\/wp-json\/wp\/v2\/users\/3"}],"replies":[{"embeddable":true,"href":"https:\/\/www.sidwaya.info\/sport\/wp-json\/wp\/v2\/comments?post=3370"}],"version-history":[{"count":0,"href":"https:\/\/www.sidwaya.info\/sport\/wp-json\/wp\/v2\/posts\/3370\/revisions"}],"wp:featuredmedia":[{"embeddable":true,"href":"https:\/\/www.sidwaya.info\/sport\/wp-json\/wp\/v2\/media\/3371"}],"wp:attachment":[{"href":"https:\/\/www.sidwaya.info\/sport\/wp-json\/wp\/v2\/media?parent=3370"}],"wp:term":[{"taxonomy":"category","embeddable":true,"href":"https:\/\/www.sidwaya.info\/sport\/wp-json\/wp\/v2\/categories?post=3370"},{"taxonomy":"post_tag","embeddable":true,"href":"https:\/\/www.sidwaya.info\/sport\/wp-json\/wp\/v2\/tags?post=3370"}],"curies":[{"name":"wp","href":"https:\/\/api.w.org\/{rel}","templated":true}]}}