{"id":3760,"date":"2023-07-18T21:06:25","date_gmt":"2023-07-18T21:06:25","guid":{"rendered":"https:\/\/www.sidwaya.info\/sport\/?p=3760"},"modified":"2023-07-18T21:06:25","modified_gmt":"2023-07-18T21:06:25","slug":"alassane-ouedraogo-ancien-footballeur-international-la-decision-de-jouer-pour-le-burkina-revient-a-mon-fils","status":"publish","type":"post","link":"https:\/\/www.sidwaya.info\/sport\/2023\/07\/18\/alassane-ouedraogo-ancien-footballeur-international-la-decision-de-jouer-pour-le-burkina-revient-a-mon-fils\/","title":{"rendered":"Alassane Ou\u00e9draogo, ancien footballeur international : \u00ab La d\u00e9cision de jouer pour le Burkina revient \u00e0 mon fils \u00bb"},"content":{"rendered":"<p><strong>Il a fait les beaux jours du football burkinab\u00e8 dans les ann\u00e9es 2000. Membre de la g\u00e9n\u00e9ration class\u00e9e 4e \u00e0 la CAN 98, Alassane Ou\u00e9draogo a aussi connu une carri\u00e8re professionnelle pleine, mais g\u00e2ch\u00e9e par des blessures \u00e0 r\u00e9p\u00e9tition. G\u00e9niteur de Forzan Assan Ou\u00e9draogo qui porte les couleurs de l\u2019\u00e9quipe nationale U17 de l\u2019Allemagne, l\u2019ex-soci\u00e9taire du SANTOS FC du Burkina se rem\u00e9more de sa carri\u00e8re et \u00e9voque la situation de son fils.<\/strong><\/p>\n<p><strong>Que devient Alassane Ou\u00e9draogo ?<\/strong><\/p>\n<p>Je suis dans le domaine du football. Je ne suis pas un entraineur mais plut\u00f4t dans le management de joueurs. Je travaille beaucoup avec de grands managers europ\u00e9ens. As-tu d\u00e9j\u00e0 cibl\u00e9 o\u00f9 faire venir des footballeurs burkinab\u00e8 en Europe ? Nous sommes l\u00e0-dessus. C\u2019est d\u2019ailleurs Ousmane Derra qui a attir\u00e9 mon attention sur la qualit\u00e9 de mes compatriotes. Nous sommes en contact avec pas mal d\u2019entraineurs burkinab\u00e8. Nous avons d\u00e9j\u00e0 des demandes de profils de footballeurs burkinab\u00e8 par des managers sous la main.<\/p>\n<p><strong>Pourquoi as-tu pr\u00e9f\u00e9r\u00e9 rester en Allemagne ?<\/strong><\/p>\n<p>Tout simplement qu\u2019apr\u00e8s avoir mis fin \u00e0 ma carri\u00e8re dans ce pays, je m\u2019y sentais mieux qu\u2019au pays.<\/p>\n<p><strong>Que peut-on retenir de ta carri\u00e8re en club ?<\/strong><\/p>\n<p>J\u2019ai eu une carri\u00e8re assez riche m\u00eame si les blessures sont venues l\u2019estomper. Je me rappelle par exemple du Sporting Charleroi de la Belgique, mon premier club professionnel. J\u2019y suis pass\u00e9 3 bonnes saisons. J\u2019avais m\u00eame des offres ailleurs mais je ne voulais pas partir. J\u2019ai commenc\u00e9 tr\u00e8s jeune dans le monde professionnel. Charleroi m\u2019a donn\u00e9 la chance d\u2019\u00eatre professionnel. Forc\u00e9ment, j\u2019avoue que j\u2019ai aim\u00e9 cette premi\u00e8re exp\u00e9rience \u00e0 Charleroi. Apr\u00e8s, je suis all\u00e9 en Allemagne o\u00f9 apr\u00e8s de 10 ans d\u2019activit\u00e9, j\u2019ai port\u00e9 les couleurs de 5 clubs.<\/p>\n<p><strong> Et avec les Etalons, quel bilan tires-tu ?<\/strong><\/p>\n<p>Avec les Etalons, nous avons fait ce que nous pouvons. Je retiens cette belle exp\u00e9rience avec notamment la Coupe d\u2019Afrique des Nations 98 o\u00f9 nous avons termin\u00e9 au pied du podium avec un match de classement m\u00e9morable. Malgr\u00e9 vos qualit\u00e9s, vous n\u2019avez pas r\u00e9ussi \u00e0 votre temps \u00e0 vous imposer sur le continent.<\/p>\n<p><strong>Pourquoi ?<\/strong><\/p>\n<p>A l\u2019\u00e9poque, ce n\u2019\u00e9tait pas facile de vous imposer sur le continent. Aussi, on n\u2019avait assez de footballeurs qui \u00e9voluaient dans de grands clubs europ\u00e9ens comme maintenant.<\/p>\n<p><strong>Quelle appr\u00e9ciation fais-tu du niveau actuel du football burkinab\u00e8 ?<\/strong><\/p>\n<p>Le niveau actuel est bon. Nous avons beaucoup de talents. La preuve est que le Burkina est compt\u00e9 dans ce qui est de meilleur sur le continent. Nous sommes r\u00e9guliers en phases finales de CAN. Mieux, nous jouons le plus souvent les premiers r\u00f4les.<\/p>\n<p><strong>Qu\u2019est- ce qu\u2019il faut au football burkinab\u00e8 pour qu\u2019il se perfectionne davantage ?<\/strong><\/p>\n<p>Il n\u2019y a rien d\u2019autre que le travail. Il faut pers\u00e9v\u00e9rer dans le travail.<\/p>\n<p><strong>Quel est selon toi, le meilleur joueur du Burkina \u00e0 l\u2019heure actuelle ?<\/strong><\/p>\n<p>(Rires), Il y a tellement de talents au Burkina que je ne saurais donner un nom.<\/p>\n<p><strong>As-tu gard\u00e9 des contacts avec les footballeurs burkinab\u00e8 de ton \u00e9poque ?<\/strong><\/p>\n<p>Oui, je suis en contact r\u00e9gulier avec plus de la moiti\u00e9 de ceux de ma g\u00e9n\u00e9ration. L\u2019on sait que ton fils Forzan porte les couleurs des U17 de l\u2019\u00e9quipe nationale allemande.<\/p>\n<p><strong>Peut-on s\u2019attendre \u00e0 le voir jouer avec les Etalons A les ann\u00e9es \u00e0 venir ?<\/strong><\/p>\n<p>Je ne sais pas pour le moment. Ce qui est s\u00fbr, le dernier mot lui revient.<\/p>\n<p><strong>Et si la d\u00e9cision doit venir de toi, que diras-tu ?<\/strong><\/p>\n<p>(Rires), je ne saurai vous le dire. Comme nous ne sommes pas pour le moment \u00e0 ce stade, je ne sais pas comment vous r\u00e9pondre. Comprenez aussi qu\u2019\u00e0 son \u00e2ge, il est difficile de faire un choix. Mais, \u00e7a viendra avec le temps. Je me rappelle quand j\u2019\u00e9tais en Belgique, ils voulaient que j\u2019opte pour leur \u00e9quipe nationale. Je n\u2019ai pas donn\u00e9 une suite favorable. Je reconnais qu\u2019\u00e0 l\u2019\u00e9poque, \u00e7a n\u2019a pas \u00e9t\u00e9 facile pour ma carri\u00e8re. Avec le recul, je pense avoir fait le bon choix de porter les couleurs de mon pays et je suis fier. Pour revenir \u00e0 Forzan, j\u2019allais le conseiller de poursuivre sa carri\u00e8re avec les jeunes et nous verrons quelle d\u00e9cision finale prendre dans l\u2019avenir.<\/p>\n<p><strong>Quelles sont les qualit\u00e9s de Forzan ?<\/strong><\/p>\n<p>Il a une bonne intelligence de jeu et une fa\u00e7on calme de jouer.<\/p>\n<p><strong>Connait-il le Burkina ?<\/strong><\/p>\n<p>Affirmatif, il connait bien le Burkina. Il vient r\u00e9guli\u00e8rement avec sa maman. Dans mon quartier au pays, il est bien connu. M\u00eame s\u2019il est vrai que \u00e7a fait 4-5 ans qu\u2019il n\u2019est plus revenu.<\/p>\n<p style=\"text-align: right\"><strong> Entretien r\u00e9alis\u00e9 par Yves OUEDRAOGO <\/strong><\/p>\n","protected":false},"excerpt":{"rendered":"<p>Il a fait les beaux jours du football burkinab\u00e8 dans les ann\u00e9es 2000. Membre de la g\u00e9n\u00e9ration class\u00e9e 4e \u00e0 la CAN 98, Alassane Ou\u00e9draogo a aussi connu une carri\u00e8re professionnelle pleine, mais g\u00e2ch\u00e9e par des blessures \u00e0 r\u00e9p\u00e9tition. G\u00e9niteur de Forzan Assan Ou\u00e9draogo qui porte les couleurs de l\u2019\u00e9quipe nationale U17 de l\u2019Allemagne, l\u2019ex-soci\u00e9taire [&hellip;]<\/p>\n","protected":false},"author":3,"featured_media":3761,"comment_status":"open","ping_status":"open","sticky":false,"template":"","format":"standard","meta":{"jetpack_post_was_ever_published":false,"_jetpack_newsletter_access":"","_jetpack_dont_email_post_to_subs":false,"_jetpack_newsletter_tier_id":0,"_jetpack_memberships_contains_paywalled_content":false,"_jetpack_memberships_contains_paid_content":false,"footnotes":""},"categories":[583,39],"tags":[],"class_list":{"0":"post-3760","1":"post","2":"type-post","3":"status-publish","4":"format-standard","5":"has-post-thumbnail","7":"category-interview","8":"category-la-une-site"},"jetpack_featured_media_url":"https:\/\/www.sidwaya.info\/sport\/wp-content\/uploads\/sites\/6\/2023\/07\/1-2.jpg","jetpack_sharing_enabled":true,"jetpack_shortlink":"https:\/\/wp.me\/pamO1T-YE","jetpack_likes_enabled":true,"_links":{"self":[{"href":"https:\/\/www.sidwaya.info\/sport\/wp-json\/wp\/v2\/posts\/3760","targetHints":{"allow":["GET"]}}],"collection":[{"href":"https:\/\/www.sidwaya.info\/sport\/wp-json\/wp\/v2\/posts"}],"about":[{"href":"https:\/\/www.sidwaya.info\/sport\/wp-json\/wp\/v2\/types\/post"}],"author":[{"embeddable":true,"href":"https:\/\/www.sidwaya.info\/sport\/wp-json\/wp\/v2\/users\/3"}],"replies":[{"embeddable":true,"href":"https:\/\/www.sidwaya.info\/sport\/wp-json\/wp\/v2\/comments?post=3760"}],"version-history":[{"count":0,"href":"https:\/\/www.sidwaya.info\/sport\/wp-json\/wp\/v2\/posts\/3760\/revisions"}],"wp:featuredmedia":[{"embeddable":true,"href":"https:\/\/www.sidwaya.info\/sport\/wp-json\/wp\/v2\/media\/3761"}],"wp:attachment":[{"href":"https:\/\/www.sidwaya.info\/sport\/wp-json\/wp\/v2\/media?parent=3760"}],"wp:term":[{"taxonomy":"category","embeddable":true,"href":"https:\/\/www.sidwaya.info\/sport\/wp-json\/wp\/v2\/categories?post=3760"},{"taxonomy":"post_tag","embeddable":true,"href":"https:\/\/www.sidwaya.info\/sport\/wp-json\/wp\/v2\/tags?post=3760"}],"curies":[{"name":"wp","href":"https:\/\/api.w.org\/{rel}","templated":true}]}}