{"id":4552,"date":"2024-05-26T22:04:09","date_gmt":"2024-05-26T22:04:09","guid":{"rendered":"https:\/\/www.sidwaya.info\/sport\/?p=4552"},"modified":"2024-05-26T22:04:09","modified_gmt":"2024-05-26T22:04:09","slug":"usma-berkane-la-caf-sexplique-aupres-de-lalgerie-et-lui-fait-une-promesse","status":"publish","type":"post","link":"https:\/\/www.sidwaya.info\/sport\/2024\/05\/26\/usma-berkane-la-caf-sexplique-aupres-de-lalgerie-et-lui-fait-une-promesse\/","title":{"rendered":"USMA-Berkane : la CAF s\u2019explique aupr\u00e8s de l\u2019Alg\u00e9rie\u2026 et lui fait une promesse ?"},"content":{"rendered":"<p>Alors que le Tribunal arbitral du sport (TAS) aurait report\u00e9 la date limite du d\u00e9p\u00f4t du m\u00e9moire de chaque partie dans l\u2019affaire concernant le maillot de la RSB \u2013 d\u2019un c\u00f4t\u00e9 la plaignante constitu\u00e9e par l\u2019USM Alger et la FAF, et les intim\u00e9s de l\u2019autre, \u00e0 savoir Berkane, la F\u00e9d\u00e9ration marocaine (FRMF) et la CAF \u2013 du 17 mai au 3 juin, une rencontre s\u2019est tenue cette semaine. En effet, selon les informations du journaliste alg\u00e9rien Yazid Ouahib cit\u00e9 par Le 360 Sport, Walid Sadi, le patron de la FAF, aurait eu une r\u00e9union avec le boss de la CAF, Patrice Motsepe, et son secr\u00e9taire g\u00e9n\u00e9ral, V\u00e9ron Mosengo-Omba, \u00e0 Bangkok en marge du 74e congr\u00e8s de la FIFA. Sadi aurait d\u2019abord interpell\u00e9 les deux dirigeants de la CAF sur \u201cla mainmise totale\u201d du Maroc sur la quasi-int\u00e9gralit\u00e9 des commissions de la conf\u00e9d\u00e9ration. Puis d\u2019aborder le sujet br\u00fblant de l\u2019heure.<\/p>\n<p>\u00c0 savoir la validation par l\u2019instance du maillot de la RS Berkane floqu\u00e9 de la carte du Maroc englobant le Sahara Occidental consid\u00e9r\u00e9 ind\u00e9pendant par l\u2019Alg\u00e9rie, et ce, en apparente contradiction avec son r\u00e8glement qui interdit les messages politiques. Sadi aurait questionn\u00e9 Motsepe et V\u00e9ron Mosengo-Omba en ces termes : \u201cpourquoi la CAF a valid\u00e9 le maillot de la Renaissance de Berkane alors que c\u2019est contre le r\u00e8glement de FIFA ?\u201d Le Sud-Africain aurait esquiv\u00e9, renvoyant la responsabilit\u00e9 sur la Commission d\u2019organisation des comp\u00e9titions interclubs. \u201cJe ne suis pas au courant de ce sujet.<\/p>\n<p>C\u2019est la Commission d\u2019organisation des comp\u00e9titions interclubs qui a pris cette d\u00e9cision. J\u2019ai demand\u00e9 \u00e0 l\u2019administration de me mettre au courant\u201d, aurait r\u00e9pondu le milliardaire. Le Suisso-Congolais aurait, lui rejet\u00e9 la faute sur les fonctionnaires charg\u00e9s de la validation des maillots. \u201cLes employ\u00e9s n\u2019ont pas fait attention \u00e0 la carte lors de l\u2019approbation du maillot. Ils \u00e9taient concentr\u00e9s uniquement sur les publicit\u00e9s\u201d, se serait-il content\u00e9 de r\u00e9pondre. Mais ce ne serait pas tout. Avec son pr\u00e9sident, il aurait accept\u00e9 la demande de Sadi de reporter la r\u00e9union du Jury disciplinaire initialement pr\u00e9vue mercredi dernier, ainsi que des sanctions potentielles donc contre l\u2019USMA.<\/p>\n<p>Affaire \u00e0 suivre\u2026<\/p>\n","protected":false},"excerpt":{"rendered":"<p>Alors que le Tribunal arbitral du sport (TAS) aurait report\u00e9 la date limite du d\u00e9p\u00f4t du m\u00e9moire de chaque partie dans l\u2019affaire concernant le maillot de la RSB \u2013 d\u2019un c\u00f4t\u00e9 la plaignante constitu\u00e9e par l\u2019USM Alger et la FAF, et les intim\u00e9s de l\u2019autre, \u00e0 savoir Berkane, la F\u00e9d\u00e9ration marocaine (FRMF) et la CAF [&hellip;]<\/p>\n","protected":false},"author":3,"featured_media":4553,"comment_status":"open","ping_status":"open","sticky":false,"template":"","format":"standard","meta":{"jetpack_post_was_ever_published":false,"_jetpack_newsletter_access":"","_jetpack_dont_email_post_to_subs":false,"_jetpack_newsletter_tier_id":0,"_jetpack_memberships_contains_paywalled_content":false,"_jetpack_memberships_contains_paid_content":false,"footnotes":""},"categories":[33,19,39],"tags":[],"class_list":{"0":"post-4552","1":"post","2":"type-post","3":"status-publish","4":"format-standard","5":"has-post-thumbnail","7":"category-actualites","8":"category-football","9":"category-la-une-site"},"jetpack_featured_media_url":"https:\/\/www.sidwaya.info\/sport\/wp-content\/uploads\/sites\/6\/2024\/05\/Sans-titre-6.gif","jetpack_sharing_enabled":true,"jetpack_shortlink":"https:\/\/wp.me\/pamO1T-1bq","jetpack_likes_enabled":true,"_links":{"self":[{"href":"https:\/\/www.sidwaya.info\/sport\/wp-json\/wp\/v2\/posts\/4552","targetHints":{"allow":["GET"]}}],"collection":[{"href":"https:\/\/www.sidwaya.info\/sport\/wp-json\/wp\/v2\/posts"}],"about":[{"href":"https:\/\/www.sidwaya.info\/sport\/wp-json\/wp\/v2\/types\/post"}],"author":[{"embeddable":true,"href":"https:\/\/www.sidwaya.info\/sport\/wp-json\/wp\/v2\/users\/3"}],"replies":[{"embeddable":true,"href":"https:\/\/www.sidwaya.info\/sport\/wp-json\/wp\/v2\/comments?post=4552"}],"version-history":[{"count":0,"href":"https:\/\/www.sidwaya.info\/sport\/wp-json\/wp\/v2\/posts\/4552\/revisions"}],"wp:featuredmedia":[{"embeddable":true,"href":"https:\/\/www.sidwaya.info\/sport\/wp-json\/wp\/v2\/media\/4553"}],"wp:attachment":[{"href":"https:\/\/www.sidwaya.info\/sport\/wp-json\/wp\/v2\/media?parent=4552"}],"wp:term":[{"taxonomy":"category","embeddable":true,"href":"https:\/\/www.sidwaya.info\/sport\/wp-json\/wp\/v2\/categories?post=4552"},{"taxonomy":"post_tag","embeddable":true,"href":"https:\/\/www.sidwaya.info\/sport\/wp-json\/wp\/v2\/tags?post=4552"}],"curies":[{"name":"wp","href":"https:\/\/api.w.org\/{rel}","templated":true}]}}