{"id":5107,"date":"2024-11-20T23:13:14","date_gmt":"2024-11-20T23:13:14","guid":{"rendered":"https:\/\/www.sidwaya.info\/sport\/?p=5107"},"modified":"2024-11-20T23:13:14","modified_gmt":"2024-11-20T23:13:14","slug":"josue-tiendrebeogo-ailier-des-etalons-dannecy-tres-heureux-davoir-pu-disputer-mes-premieres-minutes-avec-la-selection","status":"publish","type":"post","link":"https:\/\/www.sidwaya.info\/sport\/2024\/11\/20\/josue-tiendrebeogo-ailier-des-etalons-dannecy-tres-heureux-davoir-pu-disputer-mes-premieres-minutes-avec-la-selection\/","title":{"rendered":"Josu\u00e9 Tiendr\u00e9b\u00e9ogo (Ailier des Etalons d\u2019Annecy): \u00ab Tr\u00e8s heureux d\u2019avoir pu disputer mes premi\u00e8res minutes avec la s\u00e9lection \u00bb"},"content":{"rendered":"<p><strong>Josu\u00e9 Tiendr\u00e9b\u00e9ogo a \u00e9t\u00e9 convoqu\u00e9 pour la premi\u00e8re fois avec les Etalons en remplacement de Dango Ouattara, forfait pour les deux derniers matchs des \u00e9liminatoires de la CAN 2025, face au S\u00e9n\u00e9gal et au Malawi. L\u2019ailier du FC Annecy (Ligue 2 fran\u00e7aise) a m\u00eame honor\u00e9 sa premi\u00e8re s\u00e9lection en jouant une bonne demi-heure face au S\u00e9n\u00e9gal. L\u2019ancien joueur du SC Majestic revient sur sa premi\u00e8re avec les Etalons ainsi que sa vie en club.<\/strong><\/p>\n<p>Tu as disput\u00e9 ton premier match avec les Etalons lors de la rencontre face au S\u00e9n\u00e9gal. Comment tu t\u2019es senti en foulant la pelouse ce jour-l\u00e0 ?<\/p>\n<p>J\u2019\u00e9tais excit\u00e9 et tr\u00e8s heureux d\u2019avoir pu disputer mes premi\u00e8res minutes avec l\u2019\u00e9quipe nationale. Et j\u2019avais \u00e0 c\u0153ur aussi de faire un tr\u00e8s bon match et montr\u00e9 \u00e9galement au s\u00e9lectionneur qu\u2019il ne s\u2019est pas tromp\u00e9 en me faisant appel. L\u2019\u00e9quipe peut compter sur moi pour les \u00e9ch\u00e9ances \u00e0 venir.<\/p>\n<p>Qu\u2019est-ce qui a manqu\u00e9 selon toi aux Etalons pour obtenir un r\u00e9sultat positif \u00e0 Bamako lors de cette rencontre ?<\/p>\n<p>Je trouve que nous avons fait un bon match. Nous avons eu beaucoup d\u2019occasions. Mais, nous avons juste manqu\u00e9 de r\u00e9alisme devant les buts.<\/p>\n<p>Comment as-tu \u00e9t\u00e9 accueilli dans les vestiaires ?<\/p>\n<p>J\u2019ai \u00e9t\u00e9 tr\u00e8s bien accueilli en s\u00e9lection par tout le monde, le staff technique, ainsi que les joueurs. Et je les remercie pour cet accueil.<\/p>\n<p>Qu\u2019est-ce que tu penses du groupe actuel des Etalons ?<\/p>\n<p>Je pense que c\u2019est un bon groupe. C\u2019est un groupe homog\u00e8ne avec des joueurs exp\u00e9riment\u00e9s et de nombreux jeunes. En plus, le groupe vit bien et l\u2019on ne sent pas beaucoup de diff\u00e9rence entre les anciens et les jeunes qui viennent d\u2019arriver.<\/p>\n<p>Quels sont tes objectifs avec les Etalons ?<\/p>\n<p>Mon souhait c\u2019est d\u2019\u00eatre le plus possible r\u00e9gulier en s\u00e9lection et de profiter aussi de chaque instant que le coach va me donner sur la pelouse.<\/p>\n<p>Tu as quitt\u00e9 le championnat burkinab\u00e8 en d\u00e9but de saison pour la Ligue 2 fran\u00e7aise. Pourquoi le choix d\u2019Annecy ?<\/p>\n<p>Il faut dire d\u00e9j\u00e0 qu\u2019Annecy en Ligue 2 fran\u00e7aise est un choix plus ou moins sportif. J\u2019avais d\u2019autres opportunit\u00e9s, mais avec mon entourage, nous avons pr\u00e9f\u00e9r\u00e9 aller \u00e0 Annecy en Ligue 2 fran\u00e7aise parce que c\u2019est un championnat tr\u00e8s m\u00e9diatis\u00e9. Aussi, j\u2019y suis all\u00e9 pour me faire un nom et j\u2019esp\u00e8re signer dans un top club d\u2019ici une ou deux saisons.<\/p>\n<p>Es-tu satisfait de ton d\u00e9but de saison et de celui de ton club ?<\/p>\n<p>Je suis satisfait de mon d\u00e9but de saison et aussi celui du club parce que nous jouons actuellement les premiers r\u00f4les dans le championnat (NDLR : 5e de Ligue 2 avec 22 points \u00e0 5 longueur derri\u00e8re le leader Paris FC). Nous sommes dans le haut du tableau. Personnellement, je suis satisfait car j\u2019ai aid\u00e9 l\u2019\u00e9quipe \u00e0 \u00eatre \u00e0 ce niveau avec un but et des passes d\u00e9cisives.<\/p>\n<p>Quelles sont les ambitions d\u2019Annecy cette saison ?<\/p>\n<p>Les ambitions du club sont d\u2019abord de jouer le maintien. Mais, si d\u2019ici la fin de la saison, si nous nous retrouvons dans le haut du tableau, ce sera un bonus pour nous.<\/p>\n<p>Que penses-tu du d\u00e9but de saison de ton ancien club, le SC Majestic ?<\/p>\n<p>Je pense que c\u2019est un bon d\u00e9but de saison, m\u00eame avec les nombreux d\u00e9parts du club en d\u00e9but de saison. Mais, je suis s\u00fbr qu\u2019au fil des matchs, ils vont se relever et hausser le niveau.<\/p>\n<p>Comment as-tu accueilli ta d\u00e9signation comme meilleur joueur de l\u2019ann\u00e9e du Faso foot par l\u2019AJSB ?<\/p>\n<p>Lorsque j\u2019ai su que j\u2019ai \u00e9t\u00e9 d\u00e9sign\u00e9 meilleur joueur AJSB de l\u2019ann\u00e9e, c\u2019\u00e9tait un sentiment de joie et de fiert\u00e9 qui m\u2019a anim\u00e9. Cette distinction a \u00e9t\u00e9 rendue possible gr\u00e2ce au travail du staff technique de Majestic, de mes anciens co\u00e9quipiers et aussi des journalistes sportifs du Burkina. Je n\u2019oublie pas \u00e9galement tous les acteurs du Fasofoot.<\/p>\n<p style=\"text-align: right\"><strong>Propos recueillis \u00e0 Lilongwe <\/strong><br \/>\n<strong>par Si\u00e9 Simplice HIEN<\/strong><\/p>\n<p>&nbsp;<\/p>\n","protected":false},"excerpt":{"rendered":"<p>Josu\u00e9 Tiendr\u00e9b\u00e9ogo a \u00e9t\u00e9 convoqu\u00e9 pour la premi\u00e8re fois avec les Etalons en remplacement de Dango Ouattara, forfait pour les deux derniers matchs des \u00e9liminatoires de la CAN 2025, face au S\u00e9n\u00e9gal et au Malawi. L\u2019ailier du FC Annecy (Ligue 2 fran\u00e7aise) a m\u00eame honor\u00e9 sa premi\u00e8re s\u00e9lection en jouant une bonne demi-heure face au [&hellip;]<\/p>\n","protected":false},"author":3,"featured_media":5108,"comment_status":"open","ping_status":"open","sticky":false,"template":"","format":"standard","meta":{"jetpack_post_was_ever_published":false,"_jetpack_newsletter_access":"","_jetpack_dont_email_post_to_subs":false,"_jetpack_newsletter_tier_id":0,"_jetpack_memberships_contains_paywalled_content":false,"_jetpack_memberships_contains_paid_content":false,"footnotes":""},"categories":[33,19,39],"tags":[1295,108,1294,290],"class_list":{"0":"post-5107","1":"post","2":"type-post","3":"status-publish","4":"format-standard","5":"has-post-thumbnail","7":"category-actualites","8":"category-football","9":"category-la-une-site","10":"tag-annecy","11":"tag-etalons","12":"tag-josue","13":"tag-tiendrebeogo"},"jetpack_featured_media_url":"https:\/\/www.sidwaya.info\/sport\/wp-content\/uploads\/sites\/6\/2024\/11\/ann.jpg","jetpack_sharing_enabled":true,"jetpack_shortlink":"https:\/\/wp.me\/pamO1T-1kn","jetpack_likes_enabled":true,"_links":{"self":[{"href":"https:\/\/www.sidwaya.info\/sport\/wp-json\/wp\/v2\/posts\/5107","targetHints":{"allow":["GET"]}}],"collection":[{"href":"https:\/\/www.sidwaya.info\/sport\/wp-json\/wp\/v2\/posts"}],"about":[{"href":"https:\/\/www.sidwaya.info\/sport\/wp-json\/wp\/v2\/types\/post"}],"author":[{"embeddable":true,"href":"https:\/\/www.sidwaya.info\/sport\/wp-json\/wp\/v2\/users\/3"}],"replies":[{"embeddable":true,"href":"https:\/\/www.sidwaya.info\/sport\/wp-json\/wp\/v2\/comments?post=5107"}],"version-history":[{"count":0,"href":"https:\/\/www.sidwaya.info\/sport\/wp-json\/wp\/v2\/posts\/5107\/revisions"}],"wp:featuredmedia":[{"embeddable":true,"href":"https:\/\/www.sidwaya.info\/sport\/wp-json\/wp\/v2\/media\/5108"}],"wp:attachment":[{"href":"https:\/\/www.sidwaya.info\/sport\/wp-json\/wp\/v2\/media?parent=5107"}],"wp:term":[{"taxonomy":"category","embeddable":true,"href":"https:\/\/www.sidwaya.info\/sport\/wp-json\/wp\/v2\/categories?post=5107"},{"taxonomy":"post_tag","embeddable":true,"href":"https:\/\/www.sidwaya.info\/sport\/wp-json\/wp\/v2\/tags?post=5107"}],"curies":[{"name":"wp","href":"https:\/\/api.w.org\/{rel}","templated":true}]}}