{"id":5613,"date":"2025-04-23T23:31:00","date_gmt":"2025-04-23T23:31:00","guid":{"rendered":"https:\/\/www.sidwaya.info\/sport\/?p=5613"},"modified":"2025-04-23T23:32:11","modified_gmt":"2025-04-23T23:32:11","slug":"championnat-de-la-region-ouest-2-de-karate-do-les-etalons-entendent-conforter-leur-leadership","status":"publish","type":"post","link":"https:\/\/www.sidwaya.info\/sport\/2025\/04\/23\/championnat-de-la-region-ouest-2-de-karate-do-les-etalons-entendent-conforter-leur-leadership\/","title":{"rendered":"Championnat de la R\u00e9gion Ouest 2 de Karat\u00e9-Do: les Etalons entendent conforter leur leadership"},"content":{"rendered":"<p><strong>Le Burkina Faso accueille, du 5 au 11 mai 2025, le Championnat d\u2019Afrique de la R\u00e9gion Ouest 2 de Karat\u00e9-Do. Les Etalons vainqueurs de l\u2019\u00e9dition 2024 sont \u00e0 pied d\u2019\u0153uvre pour conserver cette performance.<\/strong><\/p>\n<p>Pour la quatri\u00e8me ann\u00e9e cons\u00e9cutive, les Karat\u00e9kas burkinab\u00e8 essayeront d\u2019occuper la premi\u00e8re place au classement \u00e0 l\u2019issue du 24e Championnat d\u2019Afrique de la R\u00e9gion Ouest 2 de Karat\u00e9-Do. La comp\u00e9tition se tient cette ann\u00e9e au pays des Hommes int\u00e8gres ,du 5 au 11 mai 2025. A quelques semaines de l\u2019\u00e9v\u00e9nement, le comit\u00e9 d\u2019organisation est quasi pr\u00eat \u00e0 en croire le vice-pr\u00e9sident de la F\u00e9d\u00e9ration burkinab\u00e8 de karat\u00e9-Do, Souma\u00efla Ou\u00e9draogo.<\/p>\n<p>Au plan organisationnel, l\u2019heure est \u00e0 la sensibilisation et \u00e0 l\u2019information des diff\u00e9rents pays participants pour une mobilisation optimale, a-t-il assur\u00e9. Les meilleures s\u00e9lections des huit pays de la R\u00e9gion que sont le B\u00e9nin, la C\u00f4te d\u2019Ivoire, le Niger, le Nigeria, le Ghana, le Liberia, le Togo et le Burkina Faso sont attendues. Face \u00e0 autant d\u2019adversit\u00e9s, la t\u00e2che s\u2019annonce ardue. Les repr\u00e9sentants burkinab\u00e8 en sont conscients mais au regard du niveau actuel des Etalons karat\u00e9kas, le pays a toutes les chances de s\u2019illustrer de la plus belle des mani\u00e8res selon M. Ou\u00e9draogo. \u00ab Depuis un certain temps le Burkina Faso est la locomotive du karat\u00e9-do africain par son s\u00e9rieux et son d\u00e9vouement.<\/p>\n<p>Nous jouons toujours les premiers r\u00f4les et nous n\u2019allons pas y d\u00e9roger \u00bb, a confi\u00e9 celui-ci. Cela passe par le travail bien fait et \u00e0 cet effet, a indiqu\u00e9 le responsable f\u00e9d\u00e9ral, athl\u00e8tes et encadreurs s\u2019y sont pris t\u00f4t. Trois s\u00e9ances d\u2019entrainement par semaine sont initi\u00e9es au profit des athl\u00e8tes burkinab\u00e8 pour leur permettre de r\u00e9p\u00e9ter les gammes. \u00ab A l\u2019approche de la comp\u00e9tition une mise au vert de dix jours est pr\u00e9vue pour qu\u2019ils puissent mieux se connaitre et cr\u00e9er la symbiose qui doit \u00eatre de mise \u00bb, a-t-il pr\u00e9cis\u00e9.<\/p>\n<p>C\u2019est dire que tout a \u00e9t\u00e9 pens\u00e9 et entrepris pour que le Burkina Faso se hisse une fois de plus sur la plus haute marche du podium. L\u2019an dernier \u00e0 Abidjan, le pays a domin\u00e9 la comp\u00e9tition en terminant premier avec 17 m\u00e9dailles d\u2019or, 11 m\u00e9dailles d\u2019argent et 16 de bronze.<\/p>\n<p style=\"text-align: right\"><strong>Voro KORAHIRE<\/strong><\/p>\n","protected":false},"excerpt":{"rendered":"<p>Le Burkina Faso accueille, du 5 au 11 mai 2025, le Championnat d\u2019Afrique de la R\u00e9gion Ouest 2 de Karat\u00e9-Do. Les Etalons vainqueurs de l\u2019\u00e9dition 2024 sont \u00e0 pied d\u2019\u0153uvre pour conserver cette performance. Pour la quatri\u00e8me ann\u00e9e cons\u00e9cutive, les Karat\u00e9kas burkinab\u00e8 essayeront d\u2019occuper la premi\u00e8re place au classement \u00e0 l\u2019issue du 24e Championnat d\u2019Afrique [&hellip;]<\/p>\n","protected":false},"author":3,"featured_media":5614,"comment_status":"open","ping_status":"open","sticky":false,"template":"","format":"standard","meta":{"jetpack_post_was_ever_published":false,"_jetpack_newsletter_access":"","_jetpack_dont_email_post_to_subs":false,"_jetpack_newsletter_tier_id":0,"_jetpack_memberships_contains_paywalled_content":false,"_jetpack_memberships_contains_paid_content":false,"footnotes":""},"categories":[33,32,25,39],"tags":[108,1316],"class_list":{"0":"post-5613","1":"post","2":"type-post","3":"status-publish","4":"format-standard","5":"has-post-thumbnail","7":"category-actualites","8":"category-international","9":"category-karate","10":"category-la-une-site","11":"tag-etalons","12":"tag-karate-do"},"jetpack_featured_media_url":"https:\/\/www.sidwaya.info\/sport\/wp-content\/uploads\/sites\/6\/2025\/04\/y.jpg","jetpack_sharing_enabled":true,"jetpack_shortlink":"https:\/\/wp.me\/pamO1T-1sx","jetpack_likes_enabled":true,"_links":{"self":[{"href":"https:\/\/www.sidwaya.info\/sport\/wp-json\/wp\/v2\/posts\/5613","targetHints":{"allow":["GET"]}}],"collection":[{"href":"https:\/\/www.sidwaya.info\/sport\/wp-json\/wp\/v2\/posts"}],"about":[{"href":"https:\/\/www.sidwaya.info\/sport\/wp-json\/wp\/v2\/types\/post"}],"author":[{"embeddable":true,"href":"https:\/\/www.sidwaya.info\/sport\/wp-json\/wp\/v2\/users\/3"}],"replies":[{"embeddable":true,"href":"https:\/\/www.sidwaya.info\/sport\/wp-json\/wp\/v2\/comments?post=5613"}],"version-history":[{"count":1,"href":"https:\/\/www.sidwaya.info\/sport\/wp-json\/wp\/v2\/posts\/5613\/revisions"}],"predecessor-version":[{"id":5615,"href":"https:\/\/www.sidwaya.info\/sport\/wp-json\/wp\/v2\/posts\/5613\/revisions\/5615"}],"wp:featuredmedia":[{"embeddable":true,"href":"https:\/\/www.sidwaya.info\/sport\/wp-json\/wp\/v2\/media\/5614"}],"wp:attachment":[{"href":"https:\/\/www.sidwaya.info\/sport\/wp-json\/wp\/v2\/media?parent=5613"}],"wp:term":[{"taxonomy":"category","embeddable":true,"href":"https:\/\/www.sidwaya.info\/sport\/wp-json\/wp\/v2\/categories?post=5613"},{"taxonomy":"post_tag","embeddable":true,"href":"https:\/\/www.sidwaya.info\/sport\/wp-json\/wp\/v2\/tags?post=5613"}],"curies":[{"name":"wp","href":"https:\/\/api.w.org\/{rel}","templated":true}]}}