{"id":5685,"date":"2025-05-18T09:47:49","date_gmt":"2025-05-18T09:47:49","guid":{"rendered":"https:\/\/www.sidwaya.info\/sport\/?p=5685"},"modified":"2025-05-18T09:47:49","modified_gmt":"2025-05-18T09:47:49","slug":"ousmane-ouedraogo-president-de-la-federation-burkinabe-de-vo-vietnam-il-nest-plus-question-de-rentrer-bredouille-dune-competition","status":"publish","type":"post","link":"https:\/\/www.sidwaya.info\/sport\/2025\/05\/18\/ousmane-ouedraogo-president-de-la-federation-burkinabe-de-vo-vietnam-il-nest-plus-question-de-rentrer-bredouille-dune-competition\/","title":{"rendered":"Ousmane Ou\u00e9draogo, pr\u00e9sident de la F\u00e9d\u00e9ration burkinab\u00e8 de Vo Vietnam: \u00ab Il n\u2019est plus question de rentrer bredouille d\u2019une comp\u00e9tition \u00bb"},"content":{"rendered":"<p><b>Ousmane<\/b> <b>Ou\u00e9draogo<\/b> <b>actuel<\/b> <b>pr\u00e9sident<\/b> <b>de<\/b> <b>la<\/b> <b>f\u00e9d\u00e9ration<\/b> <b>burkinab\u00e8<\/b> <b>de<\/b> <b>Vo<\/b> <b>Vietnam<\/b> <b>pour<\/b> <b>le<\/b> <b>mandat<\/b> <b>2024-2028<\/b> <b>est<\/b> <b>un<\/b> <b>homme<\/b> <b>averti<\/b> <b>de<\/b> <b>la<\/b> <b>discipline.<\/b> <b>De<\/b> <b>secr\u00e9taire<\/b> <b>g\u00e9n\u00e9ral<\/b> <b>de<\/b> <b>club,<\/b> <b>il<\/b> <b>a<\/b> <b>gravi<\/b> <b>les<\/b> <b>\u00e9chelons<\/b> <b>en<\/b> <b>passant<\/b> <b>de<\/b> <b>pr\u00e9sident<\/b> <b>de<\/b> <b>la<\/b> <b>Ligue<\/b> <b>du<\/b> <b>Centre<\/b> <b>\u00e0<\/b> <b>premier<\/b> <b>vice-pr\u00e9sident<\/b> <b>de<\/b> <b>la<\/b> <b>f\u00e9d\u00e9ration<\/b> <b>avant<\/b> <b>de<\/b> <b>se<\/b> <b>hisser<\/b> <b>au<\/b> <b>rang<\/b> <b>de<\/b> <b>pr\u00e9sident.<\/b> <b>Dans<\/b> <b>cette<\/b> <b>interview,<\/b> <b>il<\/b> <b>donne<\/b> <b>des<\/b> <b>\u00e9claircissements<\/b> <b>sur<\/b> <b>l\u2019art<\/b> <b>martial<\/b> <b>vietnamien.<\/b><\/p>\n<h4><b><i>Qui<\/i><\/b> <b><i>est<\/i><\/b> <b><i>le<\/i><\/b> <b><i>pr\u00e9sident<\/i><\/b> <b><i>de<\/i><\/b> <b><i>la<\/i><\/b> <b><i>f\u00e9d\u00e9ration<\/i><\/b> <b><i>burkinab\u00e8<\/i><\/b> <b><i>Vo<\/i><\/b> <b><i>Vietnam<\/i><\/b> <b><i>?<\/i><\/b><\/h4>\n<p><span style=\"font-weight: 400\">Je suis Ousmane Ou\u00e9draogo, inspecteur de l\u2019enseignement primaire et de l\u2019\u00e9ducation non formelle. Je suis le pr\u00e9sident de la f\u00e9d\u00e9ration burkinab\u00e8 de Vo Vietnam pour le mandat 2024-2028. J\u2019ai fait mon int\u00e9gration au sein de la f\u00e9d\u00e9ration en 2006 comme secr\u00e9taire g\u00e9n\u00e9ral de Dago\u00ebn Vo Vietnam club. Ensuite j\u2019ai \u00e9t\u00e9 \u00e9lu pr\u00e9sident de la ligue du Centre en 2008, o\u00f9 j\u2019ai fait trois mandats jusqu\u2019en 2020. A partir de cette date, j\u2019ai acc\u00e9d\u00e9 \u00e0 la f\u00e9d\u00e9ration comme premier vice- pr\u00e9sident. Et apr\u00e8s le mandat 2020-2024, j\u2019ai \u00e9t\u00e9 \u00e9lu pr\u00e9sident.<\/span><\/p>\n<p><b><i>Comment<\/i><\/b> <b><i>la<\/i><\/b> <b><i>discipline<\/i><\/b> <b><i>se<\/i><\/b> <b><i>porte<\/i><\/b> <b><i>au<\/i><\/b> <b><i>Burkina<\/i><\/b> <b><i>Faso<\/i><\/b> <b><i>?<\/i><\/b><\/p>\n<p><span style=\"font-weight: 400\">Le Vo Vietnam se porte assez bien au Burkina Faso. Nous sommes une jeune f\u00e9d\u00e9ration qui avance \u00e0 notre rythme, et \u00e0 pas rassurant pour vulgariser la discipline sur toute l\u2019\u00e9tendue du territoire national. Nous comptons actuellement deux Ligues. La Ligue du Centre et la Ligue du Centre-Nord, avec pr\u00e8s de 200 pratiquants, hormis les d\u00e9butants. Nous avons des provinces qui peuvent \u00eatre \u00e9rig\u00e9es en district, et des r\u00e9gions en ligue, mais cela est en cours de formalisation. Nous avons au Burkina un membre qui fait partie de la commission technique internationale, en la personne de maitre Julien Drabo, ancien pr\u00e9sident de la f\u00e9d\u00e9ration et actuel directeur technique national.<\/span><\/p>\n<p><b><i>Quelle<\/i><\/b> <b><i>est<\/i><\/b> <b><i>la<\/i><\/b> <b><i>sp\u00e9cificit\u00e9<\/i><\/b> <b><i>du<\/i><\/b> <b><i>Vo<\/i><\/b> <b><i>Vietnam<\/i><\/b> <b><i>?<\/i><\/b><\/p>\n<p><span style=\"font-weight: 400\">Le Vo Vietnam est un art martial traditionnel vietnamien. Il a \u00e9t\u00e9 fond\u00e9 par Ma\u00eetre Nguy\u00ean Duc M\u00f4c un ancien militaire enr\u00f4l\u00e9 dans l\u2019arm\u00e9e fran\u00e7aise. Lorsque la France devrait faire la guerre contre le Vietnam, il a pr\u00e9f\u00e9r\u00e9 rejoindre son pays et a cr\u00e9\u00e9 cet art martial pour outiller les soldats afin de les aider \u00e0 gagner la guerre. La particularit\u00e9 au Vo Vietnam est que seuls les professeurs, c\u2019est-\u00e0-dire les formateurs, sont consid\u00e9r\u00e9s comme membre de l\u2019\u00e9cole Quyen Thuat. C\u2019est-\u00e0-dire Vo-Sinh. Et pour acc\u00e9der \u00e0 ce niveau, il faut avoir pass\u00e9 5 ann\u00e9es minimum d\u2019apprentissage. Cela pour acqu\u00e9rir des connaissances n\u00e9cessaires afin de quitter le statut d\u2019\u00e9l\u00e8ve \u00e0 celui de professeur. Le passage se fait annuellement par une commission supervis\u00e9e par un membre de la commission technique internationale envoy\u00e9 par la f\u00e9d\u00e9ration internationale de Vo Vietnam. Les \u00e9l\u00e8ves concernent, les d\u00e9butants, le deuxi\u00e8me groupe, le troisi\u00e8me groupe le quatri\u00e8me groupe. Ils portent la tenue bleue. Les professeurs portent la tenue maron. Ils ont <\/span><span style=\"font-weight: 400\">l\u2019obligation d\u2019enseigner. Et progressent maintenant en grade (dan).<\/span><\/p>\n<p><b><i>Qu\u2019est-ce<\/i><\/b> <b><i>qui<\/i><\/b> <b><i>vous<\/i><\/b> <b><i>a<\/i><\/b> <b><i>motiv\u00e9<\/i><\/b> <b><i>\u00e0<\/i><\/b> <b><i>prendre<\/i><\/b> <b><i>les<\/i><\/b> <b><i>r\u00eanes<\/i><\/b> <b><i>de<\/i><\/b> <b><i>la<\/i><\/b> <b><i>f\u00e9d\u00e9ration<\/i><\/b> <b><i>?<\/i><\/b><\/p>\n<p><span style=\"font-weight: 400\">Apr\u00e8s 3 mandats comme pr\u00e9sident de la Ligue du Centre et un mandat en tant que vice-pr\u00e9sident de la f\u00e9d\u00e9ration, nous avons voulu que notre grand maitre, Julien Drabo, puisse s\u2019occuper uniquement du volet technique. Il cumulait \u00e0 lui seul les deux postes. Ce qui \u00e9tait vraiment une lourde charge pour lui. Ainsi, dans une d\u00e9marche consensuelle, nous avons pr\u00e9sent\u00e9 une candidature \u00e0 liste unique aux \u00e9lections.<\/span><\/p>\n<p><b><i>C\u2019est<\/i><\/b> <b><i>votre<\/i><\/b> <b><i>premier<\/i><\/b> <b><i>mandat<\/i><\/b> <b><i>en<\/i><\/b> <b><i>tant<\/i><\/b> <b><i>que<\/i><\/b> <b><i>pr\u00e9sident,<\/i><\/b> <b><i>qu\u2019est-ce<\/i><\/b> <b><i>que<\/i><\/b> <b><i>vous<\/i><\/b> <b><i>avez<\/i><\/b> <b><i>d\u00e9j\u00e0<\/i><\/b> <b><i>appris<\/i><\/b> <b><i>?<\/i><\/b><\/p>\n<p><span style=\"font-weight: 400\">J\u2019avoue que pr\u00e9sider une f\u00e9d\u00e9ration sportive au Burkina n\u2019est pas chose ais\u00e9e. Ne serait- ce que les correspondances en direction du minist\u00e8re en charge des sports, les correspondances en direction des Ligues et clubs, l\u2019organisation des activit\u00e9s, demandent beaucoup de sacrifices. Comme vice-pr\u00e9sident, on ne porte pas le m\u00eame fardeau que le premier responsable. Quand vous \u00eates le premier responsable, la r\u00e9ussite ou l\u2019\u00e9chec vous est imputable. Malgr\u00e9 l\u2019exp\u00e9rience que j\u2019ai eue, je suis toujours en apprentissage. Mais condamn\u00e9 \u00e0 avoir un bilan qui puisse honorer ceux qui m\u2019ont fait confiance en me portant \u00e0 la t\u00eate de la f\u00e9d\u00e9ration.<\/span><\/p>\n<p><b><i>Quelle<\/i><\/b> <b><i>est<\/i><\/b> <b><i>votre<\/i><\/b> <b><i>politique<\/i><\/b> <b><i>de<\/i><\/b> <b><i>d\u00e9veloppement<\/i><\/b> <b><i>de<\/i><\/b> <b><i>l\u2019art<\/i><\/b> <b><i>martial?<\/i><\/b><\/p>\n<p><span style=\"font-weight: 400\">Nous comptons d\u00e9velopper la discipline en repartant sur le principe selon lequel un <\/span><span style=\"font-weight: 400\">professeur doit obligatoirement transmettre ses connaissances. Nous allons donc encourager les professeurs \u00e0 cr\u00e9er des clubs en les accompagnant autant que faire se peut. Nous nous sommes donn\u00e9s pour ambition de cr\u00e9er d\u2019autres Ligues. Et pour y parvenir, il faut obligatoirement commencer par cr\u00e9er des clubs, et des districts. Depuis 2008 nous n\u2019avons que deux Ligues.<\/span><\/p>\n<p><b><i>Quelles<\/i><\/b> <b><i>sont<\/i><\/b> <b><i>pr\u00e9sentement<\/i><\/b> <b><i>les<\/i><\/b> <b><i>activit\u00e9s<\/i><\/b> <b><i>qui<\/i><\/b> <b><i>meublent<\/i><\/b> <b><i>la<\/i><\/b> <b><i>saison<\/i><\/b> <b><i>sportive<\/i><\/b> <b><i>du<\/i><\/b> <b><i>Vo<\/i><\/b> <b><i>Vietnam?<\/i><\/b><\/p>\n<p><span style=\"font-weight: 400\">Nous avons chaque ann\u00e9e deux stages que nous organisons. Un stage national au mois de mars organis\u00e9 par la commission technique nationale et un stage international au mois de d\u00e9cembre supervis\u00e9 par des membres de la commission technique internationale qui viennent pour la plupart de la France, ou de la Suisse. Nous avons \u00e9galement l\u2019organisation des championnats nationaux en junior et en s\u00e9nior, filles et gar\u00e7ons. Nous organisons \u00e9galement des stages de formation pour les encadreurs. En fonction des moyens, nous participons \u00e9galement \u00e0 des comp\u00e9titions au plan africain et au niveau mondial.<\/span><\/p>\n<p><b><i>D\u2019o\u00f9<\/i><\/b> <b><i>proviennent<\/i><\/b> <b><i>les<\/i><\/b> <b><i>ressources<\/i><\/b> <b><i>financi\u00e8res<\/i><\/b> <b><i>de<\/i><\/b> <b><i>la<\/i><\/b> <b><i>f\u00e9d\u00e9ration<\/i><\/b> <b><i>?<\/i><\/b><\/p>\n<p><span style=\"font-weight: 400\">Notre principale source de revenus ext\u00e9rieurs provient du minist\u00e8re des Sports de la Jeunesse et de l\u2019Emploi. Nous organisons nos diff\u00e9rentes activit\u00e9s gr\u00e2ce \u00e0 la subvention que ce d\u00e9partement nous donne. Mais cela ne couvre m\u00eame pas le dixi\u00e8me de nos d\u00e9penses. Ce sont les contributions des Vo Sinh, \u00e9l\u00e8ves et professeurs qui nous permettent la r\u00e9alisation de nos activit\u00e9s. Je profite remercier tous ceux qui contribuent et qui nous aident \u00e0 la r\u00e9alisation de nos diff\u00e9rentes activit\u00e9s. Il y a certains sponsors qui acceptent nous soutenir.<\/span><\/p>\n<p><b><i>Quels<\/i><\/b> <b><i>palmar\u00e8s<\/i><\/b> <b><i>peuvent<\/i><\/b> <b><i>se<\/i><\/b> <b><i>satisfaire<\/i><\/b> <b><i>le<\/i><\/b> <b><i>Vo<\/i><\/b> <b><i>Vietnam<\/i><\/b> <b><i>sur<\/i><\/b> <b><i>le<\/i><\/b> <b><i>plan<\/i><\/b> <b><i>international<\/i><\/b> <b><i>?<\/i><\/b><\/p>\n<p><span style=\"font-weight: 400\">Nous ramenons r\u00e9guli\u00e8rement des m\u00e9dailles des comp\u00e9titions auxquelles nous participons sur le plan international. En 2023 o\u00f9 nous avons organis\u00e9 le championnat d\u2019Afrique de Vo Vietnam \u00e0 Ouagadougou, nos athl\u00e8tes ont remport\u00e9 28 m\u00e9dailles d\u2019or, 9 m\u00e9dailles d\u2019argent et 23 de bronze. A la Coupe du Monde de 2019, nous avons ramen\u00e9 2 m\u00e9dailles d\u2019or, 9 m\u00e9dailles d\u2019argent et 8 m\u00e9dailles de bronze. Nous avons \u00e9galement des membres dans les instances internationales. Julien Drabo est membre de la commission technique internationale. Mahamadou Tamboura est le <\/span><span style=\"font-weight: 400\">secr\u00e9taire g\u00e9n\u00e9ral de la f\u00e9d\u00e9ration africaine de Vo Vietnam. Docteur Henri Jo\u00ebl Soubeiga est le directeur technique de la f\u00e9d\u00e9ration africaine de Vo Vietnam, et Ousmane Savadogo est le responsable charg\u00e9 des passages de grades et des \u00e9quivalences de de cette instance.<\/span><\/p>\n<p><b><i>Avez-vous<\/i><\/b> <b><i>des<\/i><\/b> <b><i>ambitions<\/i><\/b> <b><i>sur<\/i><\/b> <b><i>le<\/i><\/b> <b><i>plan<\/i><\/b> <b><i>sportif<\/i><\/b> <b><i>et<\/i><\/b> <b><i>personnel<\/i><\/b> <b><i>?<\/i><\/b><\/p>\n<p><span style=\"font-weight: 400\">En ce qui concerne ma personne, ce serait tr\u00e8s t\u00f4t d\u2019avoir des ambitions sur le plan international. Je suis en train d\u2019apprendre au niveau national comment g\u00e9rer la f\u00e9d\u00e9ration. Il y a d\u00e9j\u00e0 des Burkinab\u00e8 qui briguent des postes \u00e0 l\u2019international. Nous allons continuer \u00e0 leur apporter notre soutien. En ce qui concerne l\u2019organisation d\u2019une comp\u00e9tition internationale, cela d\u00e9pend d\u2019abord des instances internationales et des moyens dont nous disposons. En fait, lorsque dans l\u2019ann\u00e9e des f\u00e9d\u00e9rations sportives veulent accueillir l\u2019organisation de comp\u00e9titions, au vu des moyens financiers du minist\u00e8re, il peut arriver qu\u2019on diff\u00e8re le v\u00f4tre. Nous avons eu la chance d\u2019organiser le championnat d\u2019Afrique en 2023, nous allons d\u2019abord donner la chance \u00e0 d\u2019autres f\u00e9d\u00e9rations de pouvoir organiser avant de soumettre \u00e0 nouveau une candidature.<\/span><\/p>\n<p><b><i>Quels<\/i><\/b> <b><i>sont<\/i><\/b> <b><i>les<\/i><\/b> <b><i>d\u00e9fis<\/i><\/b> <b><i>de<\/i><\/b> <b><i>la<\/i><\/b> <b><i>f\u00e9d\u00e9ration<\/i><\/b> <b><i>?<\/i><\/b><\/p>\n<p><span style=\"font-weight: 400\">Le d\u00e9fi majeur de la f\u00e9d\u00e9ration est d\u2019augmenter le nombre de pratiquants. Pour ce faire, nous avons sign\u00e9 un engagement avec le d\u00e9partement en charge des sports, pour augmenter au moins de 5%, l\u2019effectif des pratiquants chaque ann\u00e9e. Nous devons \u00e9galement travailler \u00e0 avoir des m\u00e9dailles que ce soit sur le plan africain ou mondial. Il n\u2019est plus question de participer \u00e0 une comp\u00e9tition et de rentrer bredouille. Si nous ne sommes pas capables, ce n\u2019est pas la peine d\u2019y aller. Nous \u00e9valuerons donc nos diff\u00e9rentes chances avant de demander l\u2019accompagnement pour notre participation. Nous comptons d\u2019ici la fin de notre mandat \u00e9riger la Ligue du Centre-Ouest et la Ligue des Hauts-Bassins. Je vous remercie pour l\u2019opportunit\u00e9 que vous nous offrez de nous exprimer \u00e0 travers vos colonnes. Nous saisissons l\u2019opportunit\u00e9 pour remercier et f\u00e9liciter nous forces de d\u00e9fenses et de s\u00e9curit\u00e9, les volontaires pour la d\u00e9fense de la patrie, qui ne m\u00e9nagent aucun effort pour que le pays retrouve sa stabilit\u00e9. Ce sont leurs efforts qui nous permettent nous sportifs, de d\u00e9velopper notre art au niveau des diff\u00e9rents clubs \u00e0 travers le pays.<\/span><\/p>\n<p><b>R\u00e9alis\u00e9e<\/b> <b>par<\/b> <b>Pengdwend\u00e9<\/b> <b>Achille <\/b><b>OUEDRAOGO<\/b><\/p>\n","protected":false},"excerpt":{"rendered":"<p>Ousmane Ou\u00e9draogo actuel pr\u00e9sident de la f\u00e9d\u00e9ration burkinab\u00e8 de Vo Vietnam pour le mandat 2024-2028 est un homme averti de la discipline. De secr\u00e9taire g\u00e9n\u00e9ral de club, il a gravi les \u00e9chelons en passant de pr\u00e9sident de la Ligue du Centre \u00e0 premier vice-pr\u00e9sident de la f\u00e9d\u00e9ration avant de se hisser au rang de pr\u00e9sident. [&hellip;]<\/p>\n","protected":false},"author":3,"featured_media":5686,"comment_status":"open","ping_status":"open","sticky":false,"template":"","format":"standard","meta":{"jetpack_post_was_ever_published":false,"_jetpack_newsletter_access":"","_jetpack_dont_email_post_to_subs":false,"_jetpack_newsletter_tier_id":0,"_jetpack_memberships_contains_paywalled_content":false,"_jetpack_memberships_contains_paid_content":false,"footnotes":""},"categories":[33,29,39],"tags":[],"class_list":{"0":"post-5685","1":"post","2":"type-post","3":"status-publish","4":"format-standard","5":"has-post-thumbnail","7":"category-actualites","8":"category-autres-sports","9":"category-la-une-site"},"jetpack_featured_media_url":"https:\/\/www.sidwaya.info\/sport\/wp-content\/uploads\/sites\/6\/2025\/05\/Screenshot-2025-05-18-09.47.21.png","jetpack_sharing_enabled":true,"jetpack_shortlink":"https:\/\/wp.me\/pamO1T-1tH","jetpack_likes_enabled":true,"_links":{"self":[{"href":"https:\/\/www.sidwaya.info\/sport\/wp-json\/wp\/v2\/posts\/5685","targetHints":{"allow":["GET"]}}],"collection":[{"href":"https:\/\/www.sidwaya.info\/sport\/wp-json\/wp\/v2\/posts"}],"about":[{"href":"https:\/\/www.sidwaya.info\/sport\/wp-json\/wp\/v2\/types\/post"}],"author":[{"embeddable":true,"href":"https:\/\/www.sidwaya.info\/sport\/wp-json\/wp\/v2\/users\/3"}],"replies":[{"embeddable":true,"href":"https:\/\/www.sidwaya.info\/sport\/wp-json\/wp\/v2\/comments?post=5685"}],"version-history":[{"count":1,"href":"https:\/\/www.sidwaya.info\/sport\/wp-json\/wp\/v2\/posts\/5685\/revisions"}],"predecessor-version":[{"id":5687,"href":"https:\/\/www.sidwaya.info\/sport\/wp-json\/wp\/v2\/posts\/5685\/revisions\/5687"}],"wp:featuredmedia":[{"embeddable":true,"href":"https:\/\/www.sidwaya.info\/sport\/wp-json\/wp\/v2\/media\/5686"}],"wp:attachment":[{"href":"https:\/\/www.sidwaya.info\/sport\/wp-json\/wp\/v2\/media?parent=5685"}],"wp:term":[{"taxonomy":"category","embeddable":true,"href":"https:\/\/www.sidwaya.info\/sport\/wp-json\/wp\/v2\/categories?post=5685"},{"taxonomy":"post_tag","embeddable":true,"href":"https:\/\/www.sidwaya.info\/sport\/wp-json\/wp\/v2\/tags?post=5685"}],"curies":[{"name":"wp","href":"https:\/\/api.w.org\/{rel}","templated":true}]}}