{"id":5688,"date":"2025-05-18T10:05:03","date_gmt":"2025-05-18T10:05:03","guid":{"rendered":"https:\/\/www.sidwaya.info\/sport\/?p=5688"},"modified":"2025-05-18T10:05:30","modified_gmt":"2025-05-18T10:05:30","slug":"mohamed-balma-la-terreur-des-defenses-de-ligue2","status":"publish","type":"post","link":"https:\/\/www.sidwaya.info\/sport\/2025\/05\/18\/mohamed-balma-la-terreur-des-defenses-de-ligue2\/","title":{"rendered":"Mohamed Balma: la terreur des d\u00e9fenses de Ligue 2"},"content":{"rendered":"<h4><b>Du<\/b> <b>haut<\/b> <b>de<\/b> <b>ses<\/b> <b>1,89<\/b> <b>m,<\/b> <b>Mohamed<\/b> <b>Balma<\/b> <b>a<\/b> <b>marqu\u00e9<\/b> <b>les<\/b> <b>esprits<\/b> <b>dans<\/b> <b>le<\/b> <b>Fasofoot<\/b> <b>Ligue<\/b> <b>2<\/b> <b>cette<\/b> <b>ann\u00e9e.<\/b> <b>Pas<\/b> <b>uniquement<\/b> <b>du<\/b> <b>fait<\/b> <b>de<\/b> <b>sa<\/b> <b>taille<\/b> <b>mais<\/b> <b>surtout<\/b> <b>parce<\/b> <b>que<\/b> <b>l\u2019attaquant<\/b> <b>de<\/b> <b>l\u2019Association<\/b> <b>sportive<\/b> <b>de<\/b> <b>Ouagadougou<\/b> <b>(ASO)<\/b> <b>a<\/b> <b>\u00e9t\u00e9<\/b> <b>auteur<\/b> <b>d\u2019une<\/b> <b>saison<\/b> <b>impressionnante<\/b> <b>en<\/b> <b>finissant<\/b> <b>meilleur<\/b> <b>buteur<\/b> <b>du<\/b> <b>championnat<\/b> <b>de<\/b> <b>deuxi\u00e8me<\/b> <b>division.<\/b> <b>Portrait.<\/b><\/h4>\n<p><span style=\"font-weight: 400\">Lorsque Mohamed Balma prenait place sur le terrain pour la premi\u00e8re fois en Ligue 2 il y a un peu plus d\u2019un an, il <\/span><span style=\"font-weight: 400\">\u00e9tait loin de s\u2019imaginer qu\u2019au bout d\u2019une seule saison compl\u00e8te il se ferait un nom \u00e0 ce niveau du football burkinab\u00e8. \u00ab Mes premiers moments je ne pensais pas pouvoir m\u2019en sortir \u00e0 un tel niveau. Je me rappelle que mon premier match \u00e9tait contre le R\u00e9al du Faso et j\u2019ai jou\u00e9 90 minutes malgr\u00e9 mes r\u00e9ticences \u00e0 \u00eatre \u00e0 la hauteur mais le coach a trouv\u00e9 les mots pour me donner confiance et c\u2019est comme cela que tout est parti. Les gens ont appr\u00e9ci\u00e9 la prestation \u00bb, confie le natif de Somgand\u00e9<\/span><i><span style=\"font-weight: 400\">.<\/span><\/i><span style=\"font-weight: 400\"> Nous sommes \u00e0 la mi- saison 2023-2024 et il trouvera vite ses marques pour finir la saison avec six buts en neuf matchs. <\/span><\/p>\n<p><span style=\"font-weight: 400\">Si <\/span><span style=\"font-weight: 400\">le jeune attaquant \u00e9tait si r\u00e9ticent quant \u00e0 sa capacit\u00e9 \u00e0 s\u2019imposer aussi rapidement dans ce championnat, c\u2019est au regard de son parcours atypique qui ne l\u2019y disposait pas forcement. Avant de chausser les crampons pour ce premier match qui lui est rest\u00e9 en m\u00e9moire, Mohamed n\u2019avait en effet jou\u00e9 jusque-l\u00e0 que des matchs de Maraca\u00f1a et avait fini par y prendre go\u00fbt et trouver son compte. Mais le jeune homme est d\u00e9crit comme quelqu\u2019un qui se distingue par une abn\u00e9gation hors pair.<\/span><\/p>\n<p><span style=\"font-weight: 400\"> \u00ab Il est d\u00e9termin\u00e9 et s\u2019accroche \u00e0 ses objectifs une fois qu\u2019il se les fixe. C\u2019est cette d\u00e9termination dont je souhaite qu\u2019il fasse preuve dans cette carri\u00e8re de footballeur et ne pas se laisser distraire par autre chose \u00bb, t\u00e9moigne son camarade et ami d\u2019enfance Cheick Ahmed Kiemtor\u00e9, aujourd\u2019hui m\u00e9decin. Ainsi Mohamed Balma s\u2019emploie tellement bien dans ces comp\u00e9titions Maraca\u00f1a qu\u2019il tape <\/span><span style=\"font-weight: 400\">dans l\u2019\u0153il d\u2019observateurs parmi lesquels ceux du Centre d\u2019animation de Somgand\u00e9 (CAS) qui le coptent pour les rejoindre au d\u00e9but de l\u2019ann\u00e9e 2020.<\/span><\/p>\n<p><span style=\"font-weight: 400\"> Il y fera long feu. Rapidement le plaisir des Maraca\u00f1a lui manque et il retourne \u00e0 ses premi\u00e8res amours. Mais au bout de quelques temps il est encore approch\u00e9 en 2023 par le coach Issa Ou\u00e9draogo dit Higuita lorsque ce dernier s\u2019est vu confier l\u2019encadrement technique de l\u2019ASO, cette fois- ci en D2. Tr\u00e8s habile de la t\u00eate, celui qui r\u00eave d\u2019int\u00e9grer un jour le FC Barcelone a vite fait l\u2019unanimit\u00e9 sur ses qualit\u00e9s qui font de lui un bourreau des d\u00e9fenses adverses. <\/span><i><span style=\"font-weight: 400\">\u00ab<\/span><\/i><span style=\"font-weight: 400\"> Son point fort, ce sont les balles a\u00e9riennes, notamment son jeu de t\u00eate et aussi son jeu dos au but. Il est quelqu\u2019un\u00a0 de\u00a0 tr\u00e8s\u00a0 simple,\u00a0 disciplin\u00e9, <\/span><span style=\"font-weight: 400\">travailleur, animateur et tout le monde l\u2019aime. S\u2019il n\u2019est pas dans le groupe on sent que quelqu\u2019un nous manque. Son seul probl\u00e8me c\u2019est que lorsque nous perdons un match il se f\u00e2che et refuse de parler \u00e0 quelqu\u2019un \u00bb, pr\u00e9cise l\u2019entraineur Issa Ou\u00e9draogo.<\/span><\/p>\n<p><b>Des<\/b> <b>ambitions<\/b> <b>internationales<\/b><\/p>\n<figure id=\"attachment_5689\" aria-describedby=\"caption-attachment-5689\" style=\"width: 213px\" class=\"wp-caption alignright\"><img loading=\"lazy\" decoding=\"async\" data-attachment-id=\"5689\" data-permalink=\"https:\/\/www.sidwaya.info\/sport\/2025\/05\/18\/mohamed-balma-la-terreur-des-defenses-de-ligue2\/screenshot-2025-05-18-09-53-20\/\" data-orig-file=\"https:\/\/www.sidwaya.info\/sport\/wp-content\/uploads\/sites\/6\/2025\/05\/Screenshot-2025-05-18-09.53.20.png\" data-orig-size=\"551,776\" data-comments-opened=\"1\" data-image-meta=\"{&quot;aperture&quot;:&quot;0&quot;,&quot;credit&quot;:&quot;&quot;,&quot;camera&quot;:&quot;&quot;,&quot;caption&quot;:&quot;&quot;,&quot;created_timestamp&quot;:&quot;0&quot;,&quot;copyright&quot;:&quot;&quot;,&quot;focal_length&quot;:&quot;0&quot;,&quot;iso&quot;:&quot;0&quot;,&quot;shutter_speed&quot;:&quot;0&quot;,&quot;title&quot;:&quot;&quot;,&quot;orientation&quot;:&quot;0&quot;}\" data-image-title=\"Screenshot 2025-05-18 09.53.20\" data-image-description=\"\" data-image-caption=\"\" data-medium-file=\"https:\/\/www.sidwaya.info\/sport\/wp-content\/uploads\/sites\/6\/2025\/05\/Screenshot-2025-05-18-09.53.20-213x300.png\" data-large-file=\"https:\/\/www.sidwaya.info\/sport\/wp-content\/uploads\/sites\/6\/2025\/05\/Screenshot-2025-05-18-09.53.20.png\" class=\"wp-image-5689 size-medium\" src=\"https:\/\/www.sidwaya.info\/sport\/wp-content\/uploads\/sites\/6\/2025\/05\/Screenshot-2025-05-18-09.53.20-213x300.png\" alt=\"\" width=\"213\" height=\"300\" srcset=\"https:\/\/www.sidwaya.info\/sport\/wp-content\/uploads\/sites\/6\/2025\/05\/Screenshot-2025-05-18-09.53.20-213x300.png 213w, https:\/\/www.sidwaya.info\/sport\/wp-content\/uploads\/sites\/6\/2025\/05\/Screenshot-2025-05-18-09.53.20-298x420.png 298w, https:\/\/www.sidwaya.info\/sport\/wp-content\/uploads\/sites\/6\/2025\/05\/Screenshot-2025-05-18-09.53.20.png 551w\" sizes=\"auto, (max-width: 213px) 100vw, 213px\" \/><figcaption id=\"caption-attachment-5689\" class=\"wp-caption-text\">\u00ab Mon ambition c\u2019est d\u2019\u00eatre professionnel et devenir une r\u00e9f\u00e9rence du continent \u00bb<\/figcaption><\/figure>\n<p><span style=\"font-weight: 400\">Un caract\u00e8re bien tremp\u00e9 sur et en dehors du terrain appr\u00e9ci\u00e9 par ses co\u00e9quipiers \u00e0 l\u2019image du d\u00e9fenseur central Abdoul Aziz Traor\u00e9. \u00ab Tr\u00e8s combatif, il est \u00e9galement sociable hors terrain. Il est tr\u00e8s intelligent dans les appels et imposant dans les duels a\u00e9riens. Il est surtout tr\u00e8s attentif envers ses co\u00e9quipiers qu\u2019il motive beaucoup. Il est toujours aux petits soins de ses camarades pour qu\u2019ils soient dans leur bon jour afin de lui permettre de marquer <\/span><i><span style=\"font-weight: 400\">\u00bb<\/span><\/i><span style=\"font-weight: 400\">, indique le co\u00e9quipier. <\/span><\/p>\n<p><span style=\"font-weight: 400\">Cette saison qui s\u2019ach\u00e8ve a \u00e9t\u00e9 une <\/span><span style=\"font-weight: 400\">r\u00e9ussite sur le plan individuel pour le jeune attaquant qui affiche au compteur 13 r\u00e9alisations faisant de lui le meilleur buteur de la Ligue 2, contribuant ainsi \u00e0 la 3<\/span><span style=\"font-weight: 400\">e <\/span><span style=\"font-weight: 400\">place de son \u00e9quipe. \u00ab Au d\u00e9but de la saison ,l\u2019objectif c\u2019\u00e9tait de me faire voir et pour cela il faut marquer des buts, la seule fa\u00e7on pour un attaquant. Apr\u00e8s la phase aller, mon objectif c\u2019\u00e9tait d\u00e9sormais de battre le record de meilleur buteur en Ligue 2 qui \u00e9tait de 13 buts et j\u2019\u00e9tais \u00e0 un but de r\u00e9ussir <\/span><i><span style=\"font-weight: 400\">\u00bb,<\/span><\/i><span style=\"font-weight: 400\"> affirme-t-il<\/span><i><span style=\"font-weight: 400\">.<\/span><\/i><\/p>\n<p><span style=\"font-weight: 400\">Partie remise donc pour lui qui ambitionne d\u00e9crocher un jour un contrat professionnel et devenir une r\u00e9f\u00e9rence africaine \u00e0 l\u2019instar de Moumouni Dagano, Didier Drogba, Samuel Eto\u2019o ou encore Victor Osimhen. Mais le chemin est encore long et il en est conscient. Il doit pour cela redoubler d\u2019ardeur au travail pour corriger ses limites sur le plan technique. C\u2019est d\u2019ailleurs ce que lui conseille son ami <\/span><span style=\"font-weight: 400\">depuis la classe de 3<\/span><span style=\"font-weight: 400\">e<\/span><span style=\"font-weight: 400\">, Cr\u00e9pin Salou, qui a suivi pratiquement tous les matchs de Mohamed cette saison. <\/span><\/p>\n<p><span style=\"font-weight: 400\">\u00ab Mes appuis et ma puissance sont \u00e0 travailler ainsi que mon efficacit\u00e9 devant les buts \u00bb, reconnait le joueur. Et pour ce faire, il peut compter sur son coach. \u00ab Je lui ai demand\u00e9 \u00e0 ce propos de continuer les entrainements ensemble avec moi pour corriger certaines insuffisances d\u2019ici le d\u00e9but de la saison. S\u2019il s\u2019y met et travaille comme il se doit il peut pr\u00e9tendre \u00e0 un avenir avec les Etalons <\/span><i><span style=\"font-weight: 400\">\u00bb,<\/span><\/i><span style=\"font-weight: 400\"> souligne le technicien<\/span><i><span style=\"font-weight: 400\">.<\/span><\/i><span style=\"font-weight: 400\"> Cela lui laissera peut-\u00eatre moins de temps \u00e0 consacrer \u00e0 son commerce d\u2019articles en ligne et aux jeux vid\u00e9o dont il raffole mais c\u2019est le prix \u00e0 payer pour passer un cap \u00e0 commencer par la D1. Et des clubs du Fasofoot Ligue 1 sont d\u00e9j\u00e0 en contact avec lui, confie-t-il.<\/span><\/p>\n<p style=\"text-align: right\"><b>Voro<\/b> <b>KORAHIRE<\/b><\/p>\n","protected":false},"excerpt":{"rendered":"<p>Du haut de ses 1,89 m, Mohamed Balma a marqu\u00e9 les esprits dans le Fasofoot Ligue 2 cette ann\u00e9e. Pas uniquement du fait de sa taille mais surtout parce que l\u2019attaquant de l\u2019Association sportive de Ouagadougou (ASO) a \u00e9t\u00e9 auteur d\u2019une saison impressionnante en finissant meilleur buteur du championnat de deuxi\u00e8me division. Portrait. Lorsque Mohamed [&hellip;]<\/p>\n","protected":false},"author":3,"featured_media":5690,"comment_status":"open","ping_status":"open","sticky":false,"template":"","format":"standard","meta":{"jetpack_post_was_ever_published":false,"_jetpack_newsletter_access":"","_jetpack_dont_email_post_to_subs":false,"_jetpack_newsletter_tier_id":0,"_jetpack_memberships_contains_paywalled_content":false,"_jetpack_memberships_contains_paid_content":false,"footnotes":""},"categories":[33,19,39],"tags":[],"class_list":{"0":"post-5688","1":"post","2":"type-post","3":"status-publish","4":"format-standard","5":"has-post-thumbnail","7":"category-actualites","8":"category-football","9":"category-la-une-site"},"jetpack_featured_media_url":"https:\/\/www.sidwaya.info\/sport\/wp-content\/uploads\/sites\/6\/2025\/05\/Screenshot-2025-05-18-09.52.51.png","jetpack_sharing_enabled":true,"jetpack_shortlink":"https:\/\/wp.me\/pamO1T-1tK","jetpack_likes_enabled":true,"_links":{"self":[{"href":"https:\/\/www.sidwaya.info\/sport\/wp-json\/wp\/v2\/posts\/5688","targetHints":{"allow":["GET"]}}],"collection":[{"href":"https:\/\/www.sidwaya.info\/sport\/wp-json\/wp\/v2\/posts"}],"about":[{"href":"https:\/\/www.sidwaya.info\/sport\/wp-json\/wp\/v2\/types\/post"}],"author":[{"embeddable":true,"href":"https:\/\/www.sidwaya.info\/sport\/wp-json\/wp\/v2\/users\/3"}],"replies":[{"embeddable":true,"href":"https:\/\/www.sidwaya.info\/sport\/wp-json\/wp\/v2\/comments?post=5688"}],"version-history":[{"count":2,"href":"https:\/\/www.sidwaya.info\/sport\/wp-json\/wp\/v2\/posts\/5688\/revisions"}],"predecessor-version":[{"id":5692,"href":"https:\/\/www.sidwaya.info\/sport\/wp-json\/wp\/v2\/posts\/5688\/revisions\/5692"}],"wp:featuredmedia":[{"embeddable":true,"href":"https:\/\/www.sidwaya.info\/sport\/wp-json\/wp\/v2\/media\/5690"}],"wp:attachment":[{"href":"https:\/\/www.sidwaya.info\/sport\/wp-json\/wp\/v2\/media?parent=5688"}],"wp:term":[{"taxonomy":"category","embeddable":true,"href":"https:\/\/www.sidwaya.info\/sport\/wp-json\/wp\/v2\/categories?post=5688"},{"taxonomy":"post_tag","embeddable":true,"href":"https:\/\/www.sidwaya.info\/sport\/wp-json\/wp\/v2\/tags?post=5688"}],"curies":[{"name":"wp","href":"https:\/\/api.w.org\/{rel}","templated":true}]}}