{"id":571,"date":"2019-02-10T21:26:33","date_gmt":"2019-02-10T21:26:33","guid":{"rendered":"https:\/\/www.sidwaya.info\/sport\/?p=571"},"modified":"2019-02-10T21:26:33","modified_gmt":"2019-02-10T21:26:33","slug":"alain-sibiri-traore-renaissance-sportive-de-berkane-je-nai-que-30-ans-jai-encore-beaucoup-dannees-dans-le-foot","status":"publish","type":"post","link":"https:\/\/www.sidwaya.info\/sport\/2019\/02\/10\/alain-sibiri-traore-renaissance-sportive-de-berkane-je-nai-que-30-ans-jai-encore-beaucoup-dannees-dans-le-foot\/","title":{"rendered":"Alain  Sibiri Traor\u00e9 (Renaissance sportive  de Berkane) \u00ab Je n\u2019ai que 30 ans, j\u2019ai encore beaucoup d\u2019ann\u00e9es dans le foot\u00bb"},"content":{"rendered":"<p><strong>Alain Sibiri Traor\u00e9, le milieu offensif des Etalons, \u00e9volue depuis la saison derni\u00e8re avec Renaissance sportive de Berkane. Avec le club marocain, le gaucher nominal affirme trouver son compte. Comment s\u2019est pass\u00e9e son int\u00e9gration ? Est-il possible de revoir Alain Traor\u00e9 en Europe ? Quelles sont les chances de qualification des Etalons \u00e0 la CAN, Egypte 2019 ? Ce sont autant d\u2019interrogations auxquelles le fr\u00e8re a\u00een\u00e9 de Bertrand Traor\u00e9 a essay\u00e9 d\u2019apporter des r\u00e9ponses dans une interview qu\u2019il a accord\u00e9e \u00e0 votre hebdomadaire sportif, Sidwaya sport.<\/strong><\/p>\n<p><strong>Comment se passe la nouvelle vie d\u2019Alain Traor\u00e9 \u00e0 Berkane ?<\/strong><br \/>\nAlain Sibiri Traor\u00e9 se porte bien. Franchement \u00e0 Berkane, je me sens bien et tout se passe comme je le souhaite.<\/p>\n<p><strong>Est-ce possible pour un footballeur de quitter l\u2019Europe et revenir \u00e9voluer en Afrique ?<\/strong><br \/>\nBien s\u00fbr que c\u2019est possible puisque je l\u2019ai fait et je ne suis pas le premier \u00e0 quitter l\u2019Europe pour revenir \u00e9voluer en Afrique. Tout d\u00e9pend de la mentalit\u00e9, de la qualit\u00e9 et de ce que l\u2019on veut.<\/p>\n<p><strong>Cela demande-t-il encore une p\u00e9riode d\u2019adaptation ?<\/strong><br \/>\nPour mes devanciers, je ne sais pas trop. Mais pour mon cas, je n\u2019ai pas eu besoin de ce passage ni d\u2019une p\u00e9riode d\u2019adaptation pour vite m\u2019int\u00e9grer et apporter ma contribution dans les diff\u00e9rents succ\u00e8s du club.<\/p>\n<p><strong>Peut-on esp\u00e9rer revoir Alain en Europe ?<\/strong><br \/>\nBien s\u00fbr. Mais , il faut avouer qu\u2019actuellement, je ne me suis pas focalis\u00e9 sur \u00e7a. Mon objectif, c\u2019est de bien faire ce que j\u2019ai \u00e0 faire ici.<\/p>\n<p><strong>En termes de bilan, que peut-on retenir de ta saison en cours avec Berkane ?<\/strong><br \/>\nTr\u00e8s positif car je joue et je suis bon et d\u00e9cisif. Je marque et je fais marquer. Donc c\u2019est une tr\u00e8s bonne saison de ma part.<\/p>\n<p><strong>Quel est ton objectif avec Berkane?<\/strong><br \/>\nC\u2019est de gagner des titres. Depuis que je suis au club, on a d\u00e9j\u00e0 gagn\u00e9 la Coupe du Tr\u00f4ne du Maroc qui, d\u2019ailleurs, est une premi\u00e8re dans l\u2019histoire du club.<\/p>\n<p><strong>Le fait qu\u2019Issoufou Dayo \u00e9tait d\u00e9j\u00e0 \u00e0 Berkhane a-t-il motiv\u00e9 ton choix de t\u2019engager avec ce club ?<\/strong><br \/>\nDayo m\u2019a beaucoup aid\u00e9 pour mon int\u00e9gration. Mais il n\u2019a rien \u00e0 voir dans ma d\u00e9cision de rejoindre Berkane. Pour \u00e7a, j\u2019ai eu besoin de ma famille, de mon grand fr\u00e8re David qui est mon agent et du pr\u00e9sident de la F\u00e9d\u00e9ration burkinab\u00e8 de football, Sita Sangar\u00e9 qui m\u2019a beaucoup aid\u00e9.<br \/>\nQue penses-tu du choix de Cheick Djibril Ouattara de te rejoindre \u00e0 Berkane ?<br \/>\nC\u2019est tr\u00e8s bien pour lui car c\u2019est un jeune joueur qui avait besoin d\u2019un club interm\u00e9diaire pour sa progression. Il a encore beaucoup \u00e0 apprendre dans le football de haut niveau.<\/p>\n<p><strong>As-tu influenc\u00e9 son choix ?<\/strong><br \/>\nNon, pas du tout. J\u2019ai juste donn\u00e9 mon avis au pr\u00e9sident de Berkane pour le prendre au club. La d\u00e9cision de signer dans le club lui appartient. C\u2019est \u00e0 lui de g\u00e9rer sa carri\u00e8re. Etant son a\u00een\u00e9, je vais l\u2019aider \u00e0 progresser car il est comme un petit fr\u00e8re.<\/p>\n<p><strong>Quelles sont les chances de qualification des Etalons \u00e0 la CAN 2019 ?<\/strong><br \/>\nNous nous sommes retrouv\u00e9s dans une situation compliqu\u00e9e. Nous n\u2019avons plus notre destin en main. Malgr\u00e9 tout, nous allons nous donner toutes les chances possible de se qualifier. Et cela doit commencer par une victoire face \u00e0 la Mauritanie \u00e0 Ouagadougou.<\/p>\n<p><strong>A quand ta retraite avec les Etalons ?<\/strong><br \/>\nPour l\u2019instant, je ne pense pas \u00e0 \u00e7a. Je n\u2019ai que 30 ans. Donc j\u2019ai encore beaucoup d\u2019ann\u00e9es de foot en club et en s\u00e9lection si j\u2019ai toujours le niveau.<\/p>\n<p><strong>Penses-tu vraiment comme tu l\u2019as dit sur une cha\u00eene de la place que la presse est dure avec Bertrand ? Parles-tu de la presse fran\u00e7aise ou burkinab\u00e8 ?<\/strong><br \/>\nOui, je le pense !!! Il faut regarder les statistiques de Berto par rapport aux autres joueurs de son \u00e9quipe et on en parle. Je parle plus du c\u00f4t\u00e9 de l\u00e0 o\u00f9 il est au quotidien.<\/p>\n<p><strong>Salitas FC vient d\u2019\u00e9crire l\u2019histoire du football burkinab\u00e8. Ton appr\u00e9ciation.<\/strong><br \/>\nJe suis tr\u00e8s content de ce que fait Salitas FC et ses dirigeants. Mais je pense que le m\u00e9rite revient aux footballeurs burkinab\u00e8 parce que 90%, voire 100% des joueurs de Salitas FC, viennent des autres clubs du Faso foot et non de son centre. En plus, il faut reconna\u00eetre que ce club a le plus gros moyen financier du Faso foot. Les dirigeants ont le m\u00e9rite d\u2019avoir une tr\u00e8s bonne organisation et des infrastructures qu\u2019il faut pour un bon club de foot. Je dis bravo \u00e0 Salitas FC pour sa qualification dans la phase de poules de la Coupe de la Conf\u00e9d\u00e9ration. Pour ce faire, je demande \u00e0 tous les amoureux du football burkinab\u00e8 de soutenir cette \u00e9quipe lors de leurs matches \u00e0 domicile comme si c\u2019\u00e9tait les Etalons qui jouaient, \u00e0 savoir faire le plein du stade.<\/p>\n<p style=\"text-align: right\"><strong>Interview r\u00e9alis\u00e9e par Ollo Aim\u00e9 C\u00e9saire HIEN<\/strong><\/p>\n","protected":false},"excerpt":{"rendered":"<p>Alain Sibiri Traor\u00e9, le milieu offensif des Etalons, \u00e9volue depuis la saison derni\u00e8re avec Renaissance sportive de Berkane. Avec le club marocain, le gaucher nominal affirme trouver son compte. Comment s\u2019est pass\u00e9e son int\u00e9gration ? Est-il possible de revoir Alain Traor\u00e9 en Europe ? Quelles sont les chances de qualification des Etalons \u00e0 la CAN, [&hellip;]<\/p>\n","protected":false},"author":6,"featured_media":572,"comment_status":"open","ping_status":"open","sticky":false,"template":"","format":"standard","meta":{"jetpack_post_was_ever_published":false,"_jetpack_newsletter_access":"","_jetpack_dont_email_post_to_subs":false,"_jetpack_newsletter_tier_id":0,"_jetpack_memberships_contains_paywalled_content":false,"_jetpack_memberships_contains_paid_content":false,"footnotes":""},"categories":[19,39],"tags":[],"class_list":{"0":"post-571","1":"post","2":"type-post","3":"status-publish","4":"format-standard","5":"has-post-thumbnail","7":"category-football","8":"category-la-une-site"},"jetpack_featured_media_url":"https:\/\/www.sidwaya.info\/sport\/wp-content\/uploads\/sites\/6\/2019\/02\/1-1.jpg","jetpack_sharing_enabled":true,"jetpack_shortlink":"https:\/\/wp.me\/pamO1T-9d","jetpack_likes_enabled":true,"_links":{"self":[{"href":"https:\/\/www.sidwaya.info\/sport\/wp-json\/wp\/v2\/posts\/571","targetHints":{"allow":["GET"]}}],"collection":[{"href":"https:\/\/www.sidwaya.info\/sport\/wp-json\/wp\/v2\/posts"}],"about":[{"href":"https:\/\/www.sidwaya.info\/sport\/wp-json\/wp\/v2\/types\/post"}],"author":[{"embeddable":true,"href":"https:\/\/www.sidwaya.info\/sport\/wp-json\/wp\/v2\/users\/6"}],"replies":[{"embeddable":true,"href":"https:\/\/www.sidwaya.info\/sport\/wp-json\/wp\/v2\/comments?post=571"}],"version-history":[{"count":0,"href":"https:\/\/www.sidwaya.info\/sport\/wp-json\/wp\/v2\/posts\/571\/revisions"}],"wp:featuredmedia":[{"embeddable":true,"href":"https:\/\/www.sidwaya.info\/sport\/wp-json\/wp\/v2\/media\/572"}],"wp:attachment":[{"href":"https:\/\/www.sidwaya.info\/sport\/wp-json\/wp\/v2\/media?parent=571"}],"wp:term":[{"taxonomy":"category","embeddable":true,"href":"https:\/\/www.sidwaya.info\/sport\/wp-json\/wp\/v2\/categories?post=571"},{"taxonomy":"post_tag","embeddable":true,"href":"https:\/\/www.sidwaya.info\/sport\/wp-json\/wp\/v2\/tags?post=571"}],"curies":[{"name":"wp","href":"https:\/\/api.w.org\/{rel}","templated":true}]}}