{"id":5988,"date":"2025-09-02T18:20:57","date_gmt":"2025-09-02T18:20:57","guid":{"rendered":"https:\/\/www.sidwaya.info\/sport\/?p=5988"},"modified":"2025-09-02T18:23:28","modified_gmt":"2025-09-02T18:23:28","slug":"arafat-gouem-champion-dafrique-junior-de-karate-un-talent-precoce","status":"publish","type":"post","link":"https:\/\/www.sidwaya.info\/sport\/2025\/09\/02\/arafat-gouem-champion-dafrique-junior-de-karate-un-talent-precoce\/","title":{"rendered":"Arafat Gouem, champion d\u2019Afrique junior de karat\u00e9: un talent pr\u00e9coce"},"content":{"rendered":"<p><strong>Il est entr\u00e9 dans l\u2019histoire du karat\u00e9 do burkinab\u00e8 comme celui qui aura permis au pays d\u2019obtenir sa toute premi\u00e8re m\u00e9daille d\u2019or continentale dans la discipline. Arafat Gouem a hiss\u00e9 le Burkina Faso sur la plus haute marche du podium chez les juniors lors du championnat d\u2019Afrique 2025, fin juillet \u00e0 Abuja en s\u2019imposant en kumite. Une performance qui r\u00e9sulte de l\u2019abn\u00e9gation au travail du gar\u00e7on dont la confiance en soi est cit\u00e9e en exemple.<\/strong><\/p>\n<p>Les \u00e9toiles plein les yeux encore, Arafat Gouem est d\u00e9j\u00e0 de retour au travail. Quelques semaines apr\u00e8s son sacre au championnat d\u2019Afrique de karat\u00e9 do \u00e0 Abuja, il est parmi les premiers arriv\u00e9s cet apr\u00e8s-midi du mercredi 27 ao\u00fbt pour la s\u00e9ance d\u2019entrainement de son club, Dakupa karat\u00e9 club. Le souvenir du couronnement encore vivace, il exprime sa joie, mais surtout la fiert\u00e9 d\u2019avoir r\u00e9ussi quelque chose d\u2019utile pour son pays. \u00ab Je suis tr\u00e8s content de donner cette m\u00e9daille au Burkina.<\/p>\n<p>Mon objectif \u00e9tait de batailler pour rapporter une m\u00e9daille au pays peu importe la couleur. Mais avec les conseils des coaches et l\u2019enchainement favorable des combats cela a \u00e9t\u00e9 l\u2019or et j\u2019en suis fier \u00bb, confie-t-il. En tout, le jeune karat\u00e9ka burkinab\u00e8 a livr\u00e9 quatre combats lors de cette comp\u00e9tition avec la m\u00eame d\u00e9termination et la m\u00eame envie de prendre sa revanche sur l\u2019\u00e9dition pass\u00e9e. \u00ab J\u2019\u00e9tais plut\u00f4t confiant au regard de l\u2019entrainement que j\u2019ai eu. Le reste se jouait au mental. Pour ma premi\u00e8re exp\u00e9rience l\u2019ann\u00e9e derni\u00e8re en Tunisie on m\u2019a battu et j\u2019en ai eu tr\u00e8s mal.<\/p>\n<p>Cette ann\u00e9e je m\u2019\u00e9tais promis de ne pas partir me faire \u2018\u2019frapper\u2019\u2019 encore \u00bb, explique-il. Son coach en \u00e9quipe nationale reconnait que la cl\u00e9 du succ\u00e8s de l\u2019athl\u00e8te de 17 ans, se r\u00e9sume au s\u00e9rieux dans le travail et la grande confiance en soi qui le caract\u00e9risent. \u00ab C\u2019est quelqu\u2019un qui est g\u00e9n\u00e9ralement calme, serein, confiant, je dirais m\u00eame trop confiant car par moments on se demande s\u2019il nous \u00e9coute, tellement il est calme dans son coin.<\/p>\n<p>A la comp\u00e9tition je lui ai juste dit de s\u2019appliquer et d\u2019avoir cette confiance car certains de nos athl\u00e8tes ont cette phobie des adversaires maghr\u00e9bins mais nous leur avons fait comprendre que ceux-ci n\u2019\u00e9taient pas invincibles si le travail est bien fait \u00bb, pr\u00e9cise coach Yaya Traor\u00e9. Enfant tr\u00e8s timide aux dires de sa m\u00e8re, Arafat a toujours \u00e9t\u00e9 de ce calme olympien. Ce qui a pouss\u00e9 sa g\u00e9nitrice, passionn\u00e9e du karat\u00e9, \u00e0 l\u2019inscrire \u00e0 ce sport.<\/p>\n<p>\u00ab M\u00eame \u00e0 la maison il n\u2019aime pas trop s\u2019exprimer ou chercher des histoires aux autres. C\u2019est en partie pour cela que je l\u2019ai amen\u00e9 au karat\u00e9 pour qu\u2019il soit plus d\u00e9gourdi \u00bb, affirme Adjaratou Gouem. En 2018 alors qu\u2019il avait 11 ans, le petit Arafat d\u00e9couvre ainsi le karat\u00e9 en plus du football qu\u2019il exp\u00e9rimentait. Et c\u2019est le Dakupa karat\u00e9 club du directeur technique national Corneille Mar\u00e9, au quartier Patte d\u2019Oie qui l\u2019accueille.<\/p>\n<p>\u00ab D\u00e8s le d\u00e9but il \u00e9tait tr\u00e8s d\u00e9termin\u00e9, ne manquait pas les entrainements, travailleur. Et tr\u00e8s jeune je l\u2019ai pr\u00e9sent\u00e9 au championnat des enfants o\u00f9 il a arrach\u00e9 plusieurs m\u00e9dailles de mani\u00e8re polyvalente c\u2019est-\u00e8-dire en kata et en combat. Il a continu\u00e9 \u00e0 glaner les m\u00e9dailles en grandissant et en partant \u00e0 Abuja il \u00e9tait champion national de sa cat\u00e9gorie et champion au niveau de la r\u00e9gion ouest B africaine \u00bb, se souvient le DTN, son premier entraineur.<\/p>\n<h3>Continuer \u00e0 performer<\/h3>\n<figure id=\"attachment_5991\" aria-describedby=\"caption-attachment-5991\" style=\"width: 300px\" class=\"wp-caption alignleft\"><img loading=\"lazy\" decoding=\"async\" data-attachment-id=\"5991\" data-permalink=\"https:\/\/www.sidwaya.info\/sport\/2025\/09\/02\/arafat-gouem-champion-dafrique-junior-de-karate-un-talent-precoce\/02-6\/\" data-orig-file=\"https:\/\/www.sidwaya.info\/sport\/wp-content\/uploads\/sites\/6\/2025\/09\/02.jpg\" data-orig-size=\"1240,1240\" data-comments-opened=\"1\" data-image-meta=\"{&quot;aperture&quot;:&quot;0&quot;,&quot;credit&quot;:&quot;&quot;,&quot;camera&quot;:&quot;&quot;,&quot;caption&quot;:&quot;&quot;,&quot;created_timestamp&quot;:&quot;0&quot;,&quot;copyright&quot;:&quot;&quot;,&quot;focal_length&quot;:&quot;0&quot;,&quot;iso&quot;:&quot;0&quot;,&quot;shutter_speed&quot;:&quot;0&quot;,&quot;title&quot;:&quot;&quot;,&quot;orientation&quot;:&quot;1&quot;}\" data-image-title=\"02\" data-image-description=\"\" data-image-caption=\"&lt;p&gt; \u00ab Je continue de recueillir des f\u00e9licitations et b\u00e9n\u00e9dictions pour la suite car j\u2019en ai besoin \u00bb.  &lt;\/p&gt;\n\" data-medium-file=\"https:\/\/www.sidwaya.info\/sport\/wp-content\/uploads\/sites\/6\/2025\/09\/02-300x300.jpg\" data-large-file=\"https:\/\/www.sidwaya.info\/sport\/wp-content\/uploads\/sites\/6\/2025\/09\/02-1024x1024.jpg\" class=\"size-medium wp-image-5991\" src=\"https:\/\/www.sidwaya.info\/sport\/wp-content\/uploads\/sites\/6\/2025\/09\/02-300x300.jpg\" alt=\"\" width=\"300\" height=\"300\" srcset=\"https:\/\/www.sidwaya.info\/sport\/wp-content\/uploads\/sites\/6\/2025\/09\/02-300x300.jpg 300w, https:\/\/www.sidwaya.info\/sport\/wp-content\/uploads\/sites\/6\/2025\/09\/02-1024x1024.jpg 1024w, https:\/\/www.sidwaya.info\/sport\/wp-content\/uploads\/sites\/6\/2025\/09\/02-150x150.jpg 150w, https:\/\/www.sidwaya.info\/sport\/wp-content\/uploads\/sites\/6\/2025\/09\/02-768x768.jpg 768w, https:\/\/www.sidwaya.info\/sport\/wp-content\/uploads\/sites\/6\/2025\/09\/02-420x420.jpg 420w, https:\/\/www.sidwaya.info\/sport\/wp-content\/uploads\/sites\/6\/2025\/09\/02-696x696.jpg 696w, https:\/\/www.sidwaya.info\/sport\/wp-content\/uploads\/sites\/6\/2025\/09\/02-1068x1068.jpg 1068w, https:\/\/www.sidwaya.info\/sport\/wp-content\/uploads\/sites\/6\/2025\/09\/02.jpg 1240w\" sizes=\"auto, (max-width: 300px) 100vw, 300px\" \/><figcaption id=\"caption-attachment-5991\" class=\"wp-caption-text\">\u00ab Je continue de recueillir des f\u00e9licitations et b\u00e9n\u00e9dictions pour la suite car j\u2019en ai besoin \u00bb.<\/figcaption><\/figure>\n<p>Le petit Gouem y trouve Abdoul Kawilou Dabr\u00e9 qui sera vite s\u00e9duit par l\u2019engagement du nouveau venu. \u00ab Son s\u00e9rieux nous a rapproch\u00e9s et c\u2019est gr\u00e2ce \u00e0 lui que je me suis int\u00e9ress\u00e9 au kumite sinon je m\u2019\u00e9tais focalis\u00e9 sur le kata. Nous travaillons depuis lors ensemble m\u00eame en dehors des jours et heures d\u2019entrainement normaux de club ou de l\u2019\u00e9quipe nationale \u00bb, t\u00e9moigne-t-il. Ayant pris go\u00fbt au karat\u00e9, Arafat va abandonner le football pour s\u2019y consacrer et d\u00e9velopper des qualit\u00e9s qui lui permettent de s\u2019imposer, de passer sa ceinture noire en 2023 et rejoindre l\u2019\u00e9quipe nationale dans la foul\u00e9e.<\/p>\n<p>\u00ab La nonchalance \u00e9tait son trait de caract\u00e8re que j\u2019ai tout de suite remarqu\u00e9 et qui posait probl\u00e8me. Mais il a \u00e9t\u00e9 r\u00e9ceptif aux conseils et aujourd\u2019hui il est rapide des bras avec un bon d\u00e9placement et cela est tr\u00e8s important car un bon d\u00e9placement d\u00e9note d\u2019une bonne capacit\u00e9 \u00e0 bien lire le combat et dominer son adversaire. Les jambes \u00e9taient un peu lourdes mais nous y avons beaucoup travaill\u00e9. Ce qui reste \u00e0 am\u00e9liorer ce sont ses d\u00e9placements sur les c\u00f4t\u00e9s c\u2019est-\u00e0-dire dans les angles \u00bb, indique son coach en \u00e9quipe nationale Yaya Traor\u00e9.<\/p>\n<p>Il n\u2019y a donc pas de r\u00e9pit pour le nouveau champion qui devra redoubler d\u2019effort pour les futures \u00e9ch\u00e9ances qui s\u2019annoncent plus rudes et il en est conscient. \u00ab C\u2019est vrai que je suis f\u00e9licit\u00e9 de toutes parts mais cette performance n\u2019a pas d\u2019effet n\u00e9gatif sur ma d\u00e9termination au travail car si je veux avoir plus, il faut redoubler d\u2019effort et ne pas baisser les bras. Je veux continuer le travail et esp\u00e9rer une participation r\u00e9ussie au championnat mondial dans l\u2019avenir \u00bb, avoue-t-il. A ce propos, le programme de travail concoct\u00e9 pour lui est sp\u00e9cial.<\/p>\n<p>\u00ab Il avait trois s\u00e9ances au club ici et deux au niveau de la f\u00e9d\u00e9ration avec l\u2019\u00e9quipe nationale. Mais d\u00e9sormais nous avons ajout\u00e9 une s\u00e9ance sp\u00e9ciale pour lui et le vice-champion. Nous sommes \u00e9galement en train de peaufiner un plan de travail avec nos coachs qui sont en France pour permettre \u00e0 ces jeunes d\u2019y aller en immersion pour deux \u00e0 trois mois de travail.<\/p>\n<p>Nous sommes \u00e9galement en partenariat avec l\u2019Egypte qui est pr\u00eate \u00e0 nous envoyer des techniciens de haut niveau qui pr\u00e9parent l\u2019\u00e9quipe nationale \u00e9gyptienne au championnat du monde. Ils viennent pour un s\u00e9jour de deux mois pour faire travailler l\u2019ensemble des m\u00e9daill\u00e9s \u00bb, fait savoir le DTN Corneille Mar\u00e9, son entraineur en club. La prochaine \u00e9ch\u00e9ance pour le nouveau lyc\u00e9en qui a obtenu le BEPC cette ann\u00e9e, c\u2019est le championnat du monde des petites cat\u00e9gories en 2026 \u00e0 Rabah au Maroc, un tremplin pour aborder le championnat du monde.<\/p>\n<p style=\"text-align: right\"><strong>Voro KORAHIRE<\/strong><\/p>\n","protected":false},"excerpt":{"rendered":"<p>Il est entr\u00e9 dans l\u2019histoire du karat\u00e9 do burkinab\u00e8 comme celui qui aura permis au pays d\u2019obtenir sa toute premi\u00e8re m\u00e9daille d\u2019or continentale dans la discipline. Arafat Gouem a hiss\u00e9 le Burkina Faso sur la plus haute marche du podium chez les juniors lors du championnat d\u2019Afrique 2025, fin juillet \u00e0 Abuja en s\u2019imposant en [&hellip;]<\/p>\n","protected":false},"author":3,"featured_media":5989,"comment_status":"open","ping_status":"open","sticky":false,"template":"","format":"standard","meta":{"jetpack_post_was_ever_published":false,"_jetpack_newsletter_access":"","_jetpack_dont_email_post_to_subs":false,"_jetpack_newsletter_tier_id":0,"_jetpack_memberships_contains_paywalled_content":false,"_jetpack_memberships_contains_paid_content":false,"footnotes":""},"categories":[33,31,39],"tags":[1326,69],"class_list":{"0":"post-5988","1":"post","2":"type-post","3":"status-publish","4":"format-standard","5":"has-post-thumbnail","7":"category-actualites","8":"category-athletisme","9":"category-la-une-site","10":"tag-arafat-gouem","11":"tag-karate"},"jetpack_featured_media_url":"https:\/\/www.sidwaya.info\/sport\/wp-content\/uploads\/sites\/6\/2025\/09\/01.jpg","jetpack_sharing_enabled":true,"jetpack_shortlink":"https:\/\/wp.me\/pamO1T-1yA","jetpack_likes_enabled":true,"_links":{"self":[{"href":"https:\/\/www.sidwaya.info\/sport\/wp-json\/wp\/v2\/posts\/5988","targetHints":{"allow":["GET"]}}],"collection":[{"href":"https:\/\/www.sidwaya.info\/sport\/wp-json\/wp\/v2\/posts"}],"about":[{"href":"https:\/\/www.sidwaya.info\/sport\/wp-json\/wp\/v2\/types\/post"}],"author":[{"embeddable":true,"href":"https:\/\/www.sidwaya.info\/sport\/wp-json\/wp\/v2\/users\/3"}],"replies":[{"embeddable":true,"href":"https:\/\/www.sidwaya.info\/sport\/wp-json\/wp\/v2\/comments?post=5988"}],"version-history":[{"count":2,"href":"https:\/\/www.sidwaya.info\/sport\/wp-json\/wp\/v2\/posts\/5988\/revisions"}],"predecessor-version":[{"id":5992,"href":"https:\/\/www.sidwaya.info\/sport\/wp-json\/wp\/v2\/posts\/5988\/revisions\/5992"}],"wp:featuredmedia":[{"embeddable":true,"href":"https:\/\/www.sidwaya.info\/sport\/wp-json\/wp\/v2\/media\/5989"}],"wp:attachment":[{"href":"https:\/\/www.sidwaya.info\/sport\/wp-json\/wp\/v2\/media?parent=5988"}],"wp:term":[{"taxonomy":"category","embeddable":true,"href":"https:\/\/www.sidwaya.info\/sport\/wp-json\/wp\/v2\/categories?post=5988"},{"taxonomy":"post_tag","embeddable":true,"href":"https:\/\/www.sidwaya.info\/sport\/wp-json\/wp\/v2\/tags?post=5988"}],"curies":[{"name":"wp","href":"https:\/\/api.w.org\/{rel}","templated":true}]}}