{"id":6641,"date":"2026-01-26T23:01:40","date_gmt":"2026-01-26T23:01:40","guid":{"rendered":"https:\/\/www.sidwaya.info\/sport\/?p=6641"},"modified":"2026-01-26T23:02:21","modified_gmt":"2026-01-26T23:02:21","slug":"steeve-yago-je-suis-tres-fier-davoir-servi-le-burkina","status":"publish","type":"post","link":"https:\/\/www.sidwaya.info\/sport\/2026\/01\/26\/steeve-yago-je-suis-tres-fier-davoir-servi-le-burkina\/","title":{"rendered":"Steeve Yago : \u00ab Je suis tr\u00e8s fier d\u2019avoir servi  le Burkina \u00bb"},"content":{"rendered":"<p><strong>Apr\u00e8s la d\u00e9b\u00e2cle en 8e de finale de la Coupe d\u2019Afrique des nations face \u00e0 la C\u00f4te d\u2019Ivoire, Steeve Yago, avec \u00e9motion dans le vestiaire, a annonc\u00e9 \u00e0 ses co\u00e9quipiers qu\u2019il mettait fin \u00e0 son aventure avec les Etalons. Une nouvelle qui a surpris plus d\u2019un, surtout qu\u2019elle intervient \u00e0 l\u2019issue d\u2019une fausse note. L\u2019homme aux 91 caps avec le Burkina peint dans cette exclusivit\u00e9 son passage chez les Etalons qui a dur\u00e9 13 ans.<\/strong><\/p>\n<p>Comment les contacts se sont nou\u00e9s pour que tu acceptes de porter les couleurs du Burkina ?<\/p>\n<p>Le contact s\u2019est fait naturellement dans un premier temps parce que j\u2019\u00e9tais dans une bonne exposition avec l\u2019\u00e9quipe de Toulouse quand je commen\u00e7ais \u00e0 jouer en Ligue 1. Mais aussi par deux ou trois internautes sur les r\u00e9seaux sociaux qui ont fait un peu ma propagande au niveau de la F\u00e9d\u00e9ration burkinab\u00e8 de football \u00e0 l\u2019\u00e9poque, et surtout au niveau du peuple. C\u2019est apr\u00e8s tout cela que j\u2019ai re\u00e7u les premiers dirigeants qui ont fait le d\u00e9placement de Toulouse pour discuter avec moi. Ils ont voulu connaitre mon \u00e9tat d\u2019esprit par rapport \u00e0 la s\u00e9lection du Burkina.<\/p>\n<p>Avais-tu la possibilit\u00e9 pour un autre pays ?<\/p>\n<p>Je suis n\u00e9 en France. Peut-\u00eatre que si mes comp\u00e9tences m\u2019auraient permis, j\u2019aurais pu jouer pour l\u2019\u00e9quipe de France. Il y a ma m\u00e8re qui vient du Rwanda et je pouvais aussi d\u00e9fendre les couleurs de ce pays. Mais, comme j\u2019aime \u00e0 le dire souvent, mon choix a \u00e9t\u00e9 fait depuis bien longtemps, de rejoindre la s\u00e9lection du Burkina.<\/p>\n<p>Comment as-tu appris ta premi\u00e8re s\u00e9lection ?<\/p>\n<p>J\u2019ai appris ma premi\u00e8re s\u00e9lection via les r\u00e9seaux sociaux, comme tout le monde, lors de l\u2019officialisation de la liste du coach. Malgr\u00e9 le fait que je savais avant que c\u2019\u00e9tait quasiment s\u00fbr que je sois dans la liste, j\u2019ai laiss\u00e9 les choses se faire naturellement. Je n\u2019ai pas insist\u00e9 et je l\u2019ai apprise comme tout le monde.<\/p>\n<p>Comment as-tu \u00e9t\u00e9 accueilli pour ta premi\u00e8re avec les Etalons ?<\/p>\n<p>J\u2019ai toujours \u00e9t\u00e9 bien accueilli en s\u00e9lection. La chance d\u2019avoir des footballeurs burkinab\u00e8 comme Charles Kabor\u00e9, Alain Traor\u00e9, Jonathan Pitroipa qui \u00e9voluaient en Ligue 1 fran\u00e7aise a facilit\u00e9 mon adaptation, car, ils savent d\u2019o\u00f9 je viens. J\u2019\u00e9tais ouvert \u00e0 apprendre au maximum de la s\u00e9lection. \u00c7a s\u2019est superbement bien pass\u00e9.<\/p>\n<p>Qu\u2019est ce qui t\u2019a marqu\u00e9 lors de ton premier cap ?<\/p>\n<p>(Rires) Peut-\u00eatre que cela va vous \u00e9tonner mais j\u2019avoue que la nourriture de Joli h\u00f4tel, le lieu de notre mise au vert m\u2019a marqu\u00e9. Durant la semaine de comp\u00e9tition, souvent plus, on mangeait aussi bien. Je pense que \u00e7a m\u2019a marqu\u00e9.<\/p>\n<p>En termes de bilan succinct, que peut-on retenir de ton passage chez les Etalons ?<\/p>\n<p>Le bilan que l\u2019on peut retenir est la long\u00e9vit\u00e9. Maintenir le cap en jouant chaque ann\u00e9e sans interruption avec la s\u00e9lection avec tr\u00e8s peu de blessures est quelque chose de formidable. Etre toujours pr\u00e9sent pour d\u00e9fendre son pays durant 13 ans avec la chance de jouer des Coupes d\u2019Afrique des nations et d\u2019\u00eatre demi-finaliste deux fois n\u2019est pas donn\u00e9 \u00e0 tout le monde.<\/p>\n<p>Quel est le match qui t\u2019a marqu\u00e9 positivement ?<\/p>\n<p>Il y en a tellement qui m\u2019ont marqu\u00e9. Mais, si je dois choisir un, je pense \u00e0 celui contre la Tunisie \u00e0 la CAN 2017 o\u00f9 nous avons gagn\u00e9 2-1 garce \u00e0 des buts d\u2019Aristide Banc\u00e9 et Pr\u00e9juce Nakoulma. Au niveau des \u00e9motions, elles se sont ressenties chez tout le monde. Ce fut vraiment une grande joie apr\u00e8s le match de pouvoir aborder les demi-finales. En termes d\u2019\u00e9motions, ce match \u00e9tait vraiment tr\u00e8s fort.<\/p>\n<p>Et la d\u00e9ception ?<\/p>\n<p>La plus grosse d\u00e9ception a \u00e9t\u00e9 le match apr\u00e8s contre l\u2019Egypte en demi-finale. Nous \u00e9tions \u00e0 deux doigts d\u2019aller en finale. Nous avions un groupe solide \u00e0 l\u2019\u00e9poque.<br \/>\nNous avions mis tous les moyens pour que l\u2019atmosph\u00e8re soit le meilleur possible. Et \u00eatre \u00e9limin\u00e9 aux portes de la finale m\u2019a fait mal. M\u00eame si je reconnais que cela m\u2019a le plus permis de r\u00e9fl\u00e9chir pour la suite et d\u2019apprendre.<\/p>\n<p>Si c\u2019\u00e9tait \u00e0 recommencer, qu\u2019allais-tu faire et qu\u2019est-ce que tu n\u2019allais plus refaire ?<\/p>\n<p>Honn\u00eatement, je ne suis pas quelqu\u2019un qui aime vivre avec des regrets. Je pense qu\u2019il n\u2019y a rien \u00e0 changer, c\u2019est la vie. Je pense que les victoires et les \u00e9checs de certains donneront la chance \u00e0 d\u2019autres de faire plus.<br \/>\nAinsi va la vie, c\u2019est le destin. Je ne changerais en rien sur ce qui s\u2019est pass\u00e9 avec le Burkina Faso. Je suis tr\u00e8s content et tr\u00e8s fier.<\/p>\n<p>Y-a-t-il eu des faits ou des choses durant tes 13 ans pass\u00e9s avec les Etalons qui t\u2019ont frustr\u00e9 ?<\/p>\n<p>Forc\u00e9ment, il y a eu des choses qui m\u2019ont frustr\u00e9. Il y en a eu de pas bonnes au niveau de la logistique, que ce soit les terrains, les voyages et m\u00eame au niveau de l\u2019organisation. Mais, c\u2019est aussi cela le football. C\u2019\u00e9tait une belle aventure et il faut apprendre de ses erreurs. Et c\u2019est ce que le Burkina a essay\u00e9 de faire depuis ces nombreuses ann\u00e9es.<br \/>\nDe nos jours, l\u2019on peut dire que le Burkina est en train de devenir une grande nation de football. Certaines g\u00e9n\u00e9rations ont pay\u00e9 le prix le plus cher pour qu\u2019aujourd\u2019hui nous soyons l\u00e0. Il faut savoir \u00eatre reconnaissant de ce qu\u2019on a et pouvoir am\u00e9liorer chaque jour. Je profite de votre clin d\u2019\u0153il pour remercier les fans burkinab\u00e8. C\u2019est gr\u00e2ce \u00e0 eux que j\u2019ai pu tenir toutes ces ann\u00e9es.<br \/>\nL\u2019on m\u2019a attribu\u00e9 ce surnom de \u00ab Couteau suisse \u00bb (rires) qui m\u2019a fait marrer et que j\u2019aime bien. Je pense avoir aid\u00e9 la s\u00e9lection. Je demande aux fans de rester comme ils sont. N\u2019essayez pas de vous attribuer un style. Vous avez \u00e9t\u00e9 nombreux et magnifiques pendant mes nombreuses ann\u00e9es avec les Etalons. J\u2019esp\u00e8re que vous serez bien meilleurs pour la g\u00e9n\u00e9ration \u00e0 venir.<\/p>\n<p style=\"text-align: right\">Interview r\u00e9alis\u00e9e par<br \/>\n<strong>Yves OUEDRAOGO<\/strong><\/p>\n","protected":false},"excerpt":{"rendered":"<p>Apr\u00e8s la d\u00e9b\u00e2cle en 8e de finale de la Coupe d\u2019Afrique des nations face \u00e0 la C\u00f4te d\u2019Ivoire, Steeve Yago, avec \u00e9motion dans le vestiaire, a annonc\u00e9 \u00e0 ses co\u00e9quipiers qu\u2019il mettait fin \u00e0 son aventure avec les Etalons. Une nouvelle qui a surpris plus d\u2019un, surtout qu\u2019elle intervient \u00e0 l\u2019issue d\u2019une fausse note. L\u2019homme [&hellip;]<\/p>\n","protected":false},"author":3,"featured_media":6638,"comment_status":"open","ping_status":"open","sticky":false,"template":"","format":"standard","meta":{"jetpack_post_was_ever_published":false,"_jetpack_newsletter_access":"","_jetpack_dont_email_post_to_subs":false,"_jetpack_newsletter_tier_id":0,"_jetpack_memberships_contains_paywalled_content":false,"_jetpack_memberships_contains_paid_content":false,"footnotes":""},"categories":[33,19,583,39],"tags":[],"class_list":{"0":"post-6641","1":"post","2":"type-post","3":"status-publish","4":"format-standard","5":"has-post-thumbnail","7":"category-actualites","8":"category-football","9":"category-interview","10":"category-la-une-site"},"jetpack_featured_media_url":"https:\/\/www.sidwaya.info\/sport\/wp-content\/uploads\/sites\/6\/2026\/01\/WhatsApp-Image-2026-01-26-at-14.01.13.jpeg","jetpack_sharing_enabled":true,"jetpack_shortlink":"https:\/\/wp.me\/pamO1T-1J7","jetpack_likes_enabled":true,"_links":{"self":[{"href":"https:\/\/www.sidwaya.info\/sport\/wp-json\/wp\/v2\/posts\/6641","targetHints":{"allow":["GET"]}}],"collection":[{"href":"https:\/\/www.sidwaya.info\/sport\/wp-json\/wp\/v2\/posts"}],"about":[{"href":"https:\/\/www.sidwaya.info\/sport\/wp-json\/wp\/v2\/types\/post"}],"author":[{"embeddable":true,"href":"https:\/\/www.sidwaya.info\/sport\/wp-json\/wp\/v2\/users\/3"}],"replies":[{"embeddable":true,"href":"https:\/\/www.sidwaya.info\/sport\/wp-json\/wp\/v2\/comments?post=6641"}],"version-history":[{"count":1,"href":"https:\/\/www.sidwaya.info\/sport\/wp-json\/wp\/v2\/posts\/6641\/revisions"}],"predecessor-version":[{"id":6642,"href":"https:\/\/www.sidwaya.info\/sport\/wp-json\/wp\/v2\/posts\/6641\/revisions\/6642"}],"wp:featuredmedia":[{"embeddable":true,"href":"https:\/\/www.sidwaya.info\/sport\/wp-json\/wp\/v2\/media\/6638"}],"wp:attachment":[{"href":"https:\/\/www.sidwaya.info\/sport\/wp-json\/wp\/v2\/media?parent=6641"}],"wp:term":[{"taxonomy":"category","embeddable":true,"href":"https:\/\/www.sidwaya.info\/sport\/wp-json\/wp\/v2\/categories?post=6641"},{"taxonomy":"post_tag","embeddable":true,"href":"https:\/\/www.sidwaya.info\/sport\/wp-json\/wp\/v2\/tags?post=6641"}],"curies":[{"name":"wp","href":"https:\/\/api.w.org\/{rel}","templated":true}]}}