{"id":6763,"date":"2026-03-09T23:28:30","date_gmt":"2026-03-09T23:28:30","guid":{"rendered":"https:\/\/www.sidwaya.info\/sport\/?p=6763"},"modified":"2026-03-09T23:29:22","modified_gmt":"2026-03-09T23:29:22","slug":"jayden-da-new-england-revolution-mon-coeur-a-toujours-battu-pour-le-burkina","status":"publish","type":"post","link":"https:\/\/www.sidwaya.info\/sport\/2026\/03\/09\/jayden-da-new-england-revolution-mon-coeur-a-toujours-battu-pour-le-burkina\/","title":{"rendered":"Jayden Da, New England Revolution: \u00ab Mon c\u0153ur a toujours battu pour le Burkina \u00bb"},"content":{"rendered":"<p><strong>N\u00e9 d\u2019un p\u00e8re burkinab\u00e8 et d\u2019une m\u00e8re de nationalit\u00e9 am\u00e9ricaine, Jayden Da, soci\u00e9taire de la formation am\u00e9ricaine de New England Revolution n\u2019a qu\u2019un r\u00eave : porter les couleurs du Burkina Faso.<\/strong><\/p>\n<p><strong>Qui est Jayden Da ?<\/strong><\/p>\n<p>Je suis un attaquant de 23 ans, \u00e9voluant au sein de la formation de New England Revolution. Je suis n\u00e9 \u00e0 Boston o\u00f9 j\u2019ai d\u00e9m\u00e9nag\u00e9 au S\u00e9n\u00e9gal avant d\u2019aller grandir au Mali. Mon p\u00e8re est Burkinab\u00e8, originaire d\u2019un village appel\u00e9 Nako, et ma m\u00e8re est am\u00e9ricaine. J\u2019ai v\u00e9cu en Afrique de l\u2019Ouest \u00e0 cause de l\u2019emploi de mes parents.<\/p>\n<p><strong>Comment es-tu venu dans le football ?<\/strong><\/p>\n<p>J\u2019allais dire que je suis n\u00e9 dans le football. Comme je vous le disais tant\u00f4t, je suis certes n\u00e9 aux Etats-Unis, mais j\u2019ai v\u00e9cu la moiti\u00e9 de ma vie au S\u00e9n\u00e9gal et au Mali. C\u2019est l\u00e0-bas que je suis tomb\u00e9 amoureux du football.<\/p>\n<p><strong>Quels sont les clubs o\u00f9 tu es pass\u00e9 ?<\/strong><\/p>\n<p>Avant de rejoindre le New England Revolution, j\u2019ai jou\u00e9 pour le Columbus Crew 2. Auparavant, quand j\u2019\u00e9tais \u00e9tudiant, j\u2019\u00e9voluais avec l\u2019universit\u00e9 Duquesne.<\/p>\n<p><strong>En termes de bilan, que peut-on retenir de ta saison ?<\/strong><\/p>\n<p>Nous sommes en d\u00e9but de saison. Nous avons tr\u00e9buch\u00e9 lors des deux premi\u00e8res journ\u00e9es. Mais, nous sommes d\u00e9termin\u00e9s \u00e0 redresser la barre. Je le dis \u00e0 cause de l\u2019\u00e9tat d\u2019esprit de l\u2019\u00e9quipe, l\u2019intensit\u00e9 de notre jeu et de notre volont\u00e9 de gagner. Malgr\u00e9 des r\u00e9sultats d\u00e9cevants lors de nos deux premiers matchs.<\/p>\n<p><strong>Quels sont tes objectifs personnels ?<\/strong><\/p>\n<p>Personnellement, mon objectif est de marquer le plus de buts possibles pour le club et de d\u00e9crocher un contrat professionnel avec l\u2019\u00e9quipe premi\u00e8re.<\/p>\n<p><strong>Quelles sont tes qualit\u00e9s ?<\/strong><\/p>\n<p>Mon jeu repose en grande partie sur ma force, ma vitesse et ma capacit\u00e9 \u00e0 marquer des buts.<\/p>\n<p><strong>As-tu une idole dans le football ?<\/strong><\/p>\n<p>Je n\u2019ai pas vraiment d\u2019idole dans le monde du football, m\u00eame si j\u2019ai grandi en \u00e9tant fan de Lionel Messi. J\u2019aime suivre beaucoup d\u2019attaquants pour am\u00e9liorer mon jeu.<\/p>\n<p><strong>Quel est ton club de r\u00eave ?<\/strong><\/p>\n<p>Je suis un grand fan de la formation espagnole du FC Barcelone. Vous comprendrez que je r\u00eave d\u2019y \u00e9voluer.<\/p>\n<p><strong>Connais-tu le Burkina ?<\/strong><\/p>\n<p>Oui, je connais bien le Burkina Faso o\u00f9 j\u2019y suis all\u00e9 plusieurs fois. Mon p\u00e8re et moi parlons souvent du pays.<\/p>\n<p><strong>Es-tu en relation avec des footballeurs burkinab\u00e8 ?<\/strong><\/p>\n<p>Pas vraiment, je connais beaucoup de jeunes joueurs burkinab\u00e8 prometteurs qui jouent aussi aux Etats-Unis, sans avoir v\u00e9ritablement une relation avec eux.<\/p>\n<p><strong>Quelle appr\u00e9ciation fais-tu du niveau du football burkinab\u00e8 ?<\/strong><\/p>\n<p>Je suis chaque \u00e9dition de la CAN et mon c\u0153ur a toujours battu pour le Burkina. Je suis content de constater que le Burkina Faso est reconnu comme une tr\u00e8s grande \u00e9quipe sur le continent. J\u2019ai de grands espoirs pour la s\u00e9lection burkinab\u00e8.<\/p>\n<p><strong>Penses-tu aux Etalons ?<\/strong><\/p>\n<p>Bien s\u00fbr, repr\u00e9senter mon pays serait un r\u00eave. J\u2019ai m\u00eame un tatouage qui me rappelle toujours o\u00f9 est ma maison. J\u2019ai toujours dit \u00e0 mes parents que je veux jouer pour le Burkina Faso. Si j\u2019ai la chance de le repr\u00e9senter, je donnerai le meilleur de moi-m\u00eame pour assurer le succ\u00e8s du pays.<\/p>\n<p style=\"text-align: right\"><strong>Entretien r\u00e9alis\u00e9 par Yves OUEDRAOGO<\/strong><\/p>\n<p>&nbsp;<\/p>\n","protected":false},"excerpt":{"rendered":"<p>N\u00e9 d\u2019un p\u00e8re burkinab\u00e8 et d\u2019une m\u00e8re de nationalit\u00e9 am\u00e9ricaine, Jayden Da, soci\u00e9taire de la formation am\u00e9ricaine de New England Revolution n\u2019a qu\u2019un r\u00eave : porter les couleurs du Burkina Faso. Qui est Jayden Da ? Je suis un attaquant de 23 ans, \u00e9voluant au sein de la formation de New England Revolution. Je suis [&hellip;]<\/p>\n","protected":false},"author":3,"featured_media":6765,"comment_status":"open","ping_status":"open","sticky":false,"template":"","format":"standard","meta":{"jetpack_post_was_ever_published":false,"_jetpack_newsletter_access":"","_jetpack_dont_email_post_to_subs":false,"_jetpack_newsletter_tier_id":0,"_jetpack_memberships_contains_paywalled_content":false,"_jetpack_memberships_contains_paid_content":false,"footnotes":""},"categories":[33,29,19,583,39],"tags":[],"class_list":{"0":"post-6763","1":"post","2":"type-post","3":"status-publish","4":"format-standard","5":"has-post-thumbnail","7":"category-actualites","8":"category-autres-sports","9":"category-football","10":"category-interview","11":"category-la-une-site"},"jetpack_featured_media_url":"https:\/\/www.sidwaya.info\/sport\/wp-content\/uploads\/sites\/6\/2026\/03\/Jayden-Da.jpg.jpeg","jetpack_sharing_enabled":true,"jetpack_shortlink":"https:\/\/wp.me\/pamO1T-1L5","jetpack_likes_enabled":true,"_links":{"self":[{"href":"https:\/\/www.sidwaya.info\/sport\/wp-json\/wp\/v2\/posts\/6763","targetHints":{"allow":["GET"]}}],"collection":[{"href":"https:\/\/www.sidwaya.info\/sport\/wp-json\/wp\/v2\/posts"}],"about":[{"href":"https:\/\/www.sidwaya.info\/sport\/wp-json\/wp\/v2\/types\/post"}],"author":[{"embeddable":true,"href":"https:\/\/www.sidwaya.info\/sport\/wp-json\/wp\/v2\/users\/3"}],"replies":[{"embeddable":true,"href":"https:\/\/www.sidwaya.info\/sport\/wp-json\/wp\/v2\/comments?post=6763"}],"version-history":[{"count":1,"href":"https:\/\/www.sidwaya.info\/sport\/wp-json\/wp\/v2\/posts\/6763\/revisions"}],"predecessor-version":[{"id":6764,"href":"https:\/\/www.sidwaya.info\/sport\/wp-json\/wp\/v2\/posts\/6763\/revisions\/6764"}],"wp:featuredmedia":[{"embeddable":true,"href":"https:\/\/www.sidwaya.info\/sport\/wp-json\/wp\/v2\/media\/6765"}],"wp:attachment":[{"href":"https:\/\/www.sidwaya.info\/sport\/wp-json\/wp\/v2\/media?parent=6763"}],"wp:term":[{"taxonomy":"category","embeddable":true,"href":"https:\/\/www.sidwaya.info\/sport\/wp-json\/wp\/v2\/categories?post=6763"},{"taxonomy":"post_tag","embeddable":true,"href":"https:\/\/www.sidwaya.info\/sport\/wp-json\/wp\/v2\/tags?post=6763"}],"curies":[{"name":"wp","href":"https:\/\/api.w.org\/{rel}","templated":true}]}}