{"id":6766,"date":"2026-03-10T22:07:53","date_gmt":"2026-03-10T22:07:53","guid":{"rendered":"https:\/\/www.sidwaya.info\/sport\/?p=6766"},"modified":"2026-03-10T22:08:55","modified_gmt":"2026-03-10T22:08:55","slug":"encadrement-technique-des-etalons-un-burkinabe-prevu-dans-le-staff","status":"publish","type":"post","link":"https:\/\/www.sidwaya.info\/sport\/2026\/03\/10\/encadrement-technique-des-etalons-un-burkinabe-prevu-dans-le-staff\/","title":{"rendered":"Encadrement technique des Etalons: un Burkinab\u00e8 pr\u00e9vu dans le staff"},"content":{"rendered":"<p><strong>En attendant la mise en \u0153uvre de son plan strat\u00e9gique pour l\u2019atteinte de ses objectifs \u00e0 la t\u00eate de la s\u00e9lection nationale du Burkina Faso, quid du staff et des objectifs qui sont assign\u00e9s \u00e0 Amir Abdou ?<\/strong><\/p>\n<p>Officiellement, Amir Abdou est le s\u00e9lectionneur national du Burkina. Un bail de 2 ans le lie \u00e0 la F\u00e9d\u00e9ration burkinab\u00e8 de football (FBF). Sur la dur\u00e9e du contrat, les deux parties ont voulu jouer la carte de la prudence. Car, comme on le sait, le plus souvent, le sort des entraineurs des \u00e9quipes nationales se joue souvent apr\u00e8s une Coupe d\u2019Afrique des nations (CAN).<\/p>\n<p>Cependant, le fait de lui laisser le choix pour la composition de son staff est salutaire. Parce que la confiance est primordiale entre un entraineur principal et ses collaborateurs. Ce qui est s\u00fbr, le staff de Amir Abdou verra la pr\u00e9sence d\u2019un technicien burkinab\u00e8. A ce qui se dit, le poste de 2e adjoint sera \u00e9chu \u00e0 un national. L\u2019objectif est que l\u2019heureux \u00e9lu comme coach adjoint (le nom d\u2019Oscar Barro revient avec insistance) apprenne et gagne en exp\u00e9rience aupr\u00e8s du technicien franco-comorien. Si le principe et l\u2019id\u00e9e requi\u00e8rent l\u2019unanimit\u00e9, que dire des objectifs \u00e0 atteindre par Amir Abdou ? \u00ab Qualifier les Etalons pour la prochaine CAN \u00bb en est le premier.<\/p>\n<p>C\u2019est une \u00e9vidence, vu que depuis quelques ann\u00e9es, les Burkinab\u00e8 ne peuvent pas concevoir une CAN sans leurs Etalons. Ce serait une catastrophe si cela arrivait. \u00ab Amener l\u2019\u00e9quipe le plus loin possible \u00e0 la CAN \u00bb est la deuxi\u00e8me mission assign\u00e9e au nouveau s\u00e9lectionneur. Le moins que l\u2019on puisse dire est que cet objectif n\u2019est pas clair et pr\u00e9cis. Et le plus loin possible pour le Burkina \u00e0 une CAN est le titre ou au pire le dernier carr\u00e9. Le pr\u00e9ciser ne serait pas de trop.<\/p>\n<p>\u00ab Qualifier le Burkina pour la Coupe du monde \u00bb, le 3e objectif, est noble. \u00ab Hisser la s\u00e9lection nationale dans le top 10 du classement africain \u00bb en est aussi un. Mais, quid du dernier objectif fix\u00e9 \u00e0 Amir ? \u00ab Int\u00e9grer de jeunes talents au sein de l\u2019effectif \u00bb. La question se pose effectivement. En effet, si l\u2019on respecte la r\u00e8gle sacr\u00e9e d\u2019une \u00e9quipe nationale qui est un concentr\u00e9 des joueurs en forme du moment, forc\u00e9ment, il faut inclure les jeunes qui le sont. Mais, vouloir s\u00e9lectionner coute que coute parce qu\u2019il est jeune, sans aucun regard sur son talent et ses performances en club, serait un impair. Tout compte fait, l\u2019on attend de juger le ma\u00e7on au pied du mur.<\/p>\n<p style=\"text-align: right\"><strong>Yves OUEDRAOGO<\/strong><\/p>\n","protected":false},"excerpt":{"rendered":"<p>En attendant la mise en \u0153uvre de son plan strat\u00e9gique pour l\u2019atteinte de ses objectifs \u00e0 la t\u00eate de la s\u00e9lection nationale du Burkina Faso, quid du staff et des objectifs qui sont assign\u00e9s \u00e0 Amir Abdou ? Officiellement, Amir Abdou est le s\u00e9lectionneur national du Burkina. Un bail de 2 ans le lie \u00e0 [&hellip;]<\/p>\n","protected":false},"author":3,"featured_media":6635,"comment_status":"open","ping_status":"open","sticky":false,"template":"","format":"standard","meta":{"jetpack_post_was_ever_published":false,"_jetpack_newsletter_access":"","_jetpack_dont_email_post_to_subs":false,"_jetpack_newsletter_tier_id":0,"_jetpack_memberships_contains_paywalled_content":false,"_jetpack_memberships_contains_paid_content":false,"footnotes":""},"categories":[33,19,39,37],"tags":[],"class_list":{"0":"post-6766","1":"post","2":"type-post","3":"status-publish","4":"format-standard","5":"has-post-thumbnail","7":"category-actualites","8":"category-football","9":"category-la-une-site","10":"category-sport"},"jetpack_featured_media_url":"https:\/\/www.sidwaya.info\/sport\/wp-content\/uploads\/sites\/6\/2026\/01\/WhatsApp-Image-2026-01-26-at-14.01.09.jpeg","jetpack_sharing_enabled":true,"jetpack_shortlink":"https:\/\/wp.me\/pamO1T-1L8","jetpack_likes_enabled":true,"_links":{"self":[{"href":"https:\/\/www.sidwaya.info\/sport\/wp-json\/wp\/v2\/posts\/6766","targetHints":{"allow":["GET"]}}],"collection":[{"href":"https:\/\/www.sidwaya.info\/sport\/wp-json\/wp\/v2\/posts"}],"about":[{"href":"https:\/\/www.sidwaya.info\/sport\/wp-json\/wp\/v2\/types\/post"}],"author":[{"embeddable":true,"href":"https:\/\/www.sidwaya.info\/sport\/wp-json\/wp\/v2\/users\/3"}],"replies":[{"embeddable":true,"href":"https:\/\/www.sidwaya.info\/sport\/wp-json\/wp\/v2\/comments?post=6766"}],"version-history":[{"count":1,"href":"https:\/\/www.sidwaya.info\/sport\/wp-json\/wp\/v2\/posts\/6766\/revisions"}],"predecessor-version":[{"id":6767,"href":"https:\/\/www.sidwaya.info\/sport\/wp-json\/wp\/v2\/posts\/6766\/revisions\/6767"}],"wp:featuredmedia":[{"embeddable":true,"href":"https:\/\/www.sidwaya.info\/sport\/wp-json\/wp\/v2\/media\/6635"}],"wp:attachment":[{"href":"https:\/\/www.sidwaya.info\/sport\/wp-json\/wp\/v2\/media?parent=6766"}],"wp:term":[{"taxonomy":"category","embeddable":true,"href":"https:\/\/www.sidwaya.info\/sport\/wp-json\/wp\/v2\/categories?post=6766"},{"taxonomy":"post_tag","embeddable":true,"href":"https:\/\/www.sidwaya.info\/sport\/wp-json\/wp\/v2\/tags?post=6766"}],"curies":[{"name":"wp","href":"https:\/\/api.w.org\/{rel}","templated":true}]}}