{"id":6772,"date":"2026-03-12T00:04:51","date_gmt":"2026-03-12T00:04:51","guid":{"rendered":"https:\/\/www.sidwaya.info\/sport\/?p=6772"},"modified":"2026-03-12T00:07:03","modified_gmt":"2026-03-12T00:07:03","slug":"abdoulaye-gouba-ac-horsens-je-veux-representer-mon-pays","status":"publish","type":"post","link":"https:\/\/www.sidwaya.info\/sport\/2026\/03\/12\/abdoulaye-gouba-ac-horsens-je-veux-representer-mon-pays\/","title":{"rendered":"Abdoulaye Gouba (AC Horsens) : \u00ab Je veux repr\u00e9senter  mon pays \u00bb"},"content":{"rendered":"<p><strong>Depuis janvier 2026, Abdoulaye Gouba \u00e9volue avec AC Horsens, club de deuxi\u00e8me division danoise. Apr\u00e8s la CAN U17 avec les Aiglons du Mali en 2023 en Alg\u00e9rie, le jeune originaire burkinab\u00e8 de 19 ans veut d\u00e9sormais d\u00e9fendre les couleurs de son pays. Pourquoi ce choix et comment compte-t-il arriver, le colosse milieu de terrain de 1m85 apporte des \u00e9l\u00e9ments de r\u00e9ponse dans l\u2019interview qui suit.<\/strong><\/p>\n<p><strong>Comment es-tu arriv\u00e9 au football ?<\/strong><\/p>\n<p>Je suis arriv\u00e9 au football tr\u00e8s jeune, comme beaucoup d\u2019enfants en Afrique, en jouant dans la rue avec mes amis. Tr\u00e8s vite, j\u2019ai compris que c\u2019\u00e9tait plus qu\u2019un jeu pour moi. J\u2019ai int\u00e9gr\u00e9 un centre de formation o\u00f9 j\u2019ai appris la discipline et le travail. Ensuite, j\u2019ai particip\u00e9 \u00e0 plusieurs tournois internationaux qui m\u2019ont permis de me faire remarquer.<\/p>\n<p><strong>Avec les Aiglons U17, tu as disput\u00e9 la CAN 2023 en Alg\u00e9rie. Comment tu t\u2019es retrouv\u00e9 dans cette s\u00e9lection ?<\/strong><\/p>\n<p>Je me suis retrouv\u00e9 dans cette s\u00e9lection malienne gr\u00e2ce au travail et \u00e0 mes performances en club dans des tournois. J\u2019ai \u00e9t\u00e9 rep\u00e9r\u00e9 lors des stages. Depuis lors, j\u2019ai donn\u00e9 le maximum \u00e0 chaque regroupement. Porter le maillot des Aiglons U17 \u00e0 la CAN 2023 en Alg\u00e9rie a \u00e9t\u00e9 une immense fiert\u00e9 pour moi.<\/p>\n<p><strong>Comment s\u2019est pass\u00e9 la s\u00e9lection avec le Mali ?<\/strong><\/p>\n<p>Avec la s\u00e9lection malienne \u00e7a s\u2019est tr\u00e8s bien pass\u00e9. J\u2019ai beaucoup appris sur le plan tactique et mental. Jouer au niveau international m\u2019a permis de gagner en maturit\u00e9 et en exp\u00e9rience.<\/p>\n<p><strong>Apr\u00e8s cette s\u00e9lection malienne, tu veux d\u00e9fendre les couleurs du Burkina Faso. As-tu des liens avec ce pays ?<\/strong><\/p>\n<p>Oui, j\u2019ai des attaches familiales avec le Burkina Faso. C\u2019est un pays qui repr\u00e9sente aussi une partie de mon identit\u00e9. D\u00e9fendre ses couleurs serait un honneur.<\/p>\n<p><strong>Qu\u2019est-ce qui motive ce choix ?<\/strong><\/p>\n<p>La motivation vient du c\u0153ur. Je veux repr\u00e9senter mes origines, rendre fier ma famille et apporter ma contribution au football burkinab\u00e8.<\/p>\n<p><strong>Comment comptes-tu t\u2019y prendre pour y arriver ?<\/strong><\/p>\n<p>Je vais continuer \u00e0 travailler dur en club, \u00eatre performant chaque week-end et rester concentr\u00e9. Les s\u00e9lections viennent avec la r\u00e9gularit\u00e9 et le s\u00e9rieux.<\/p>\n<p><strong>As-tu des contacts avec des joueurs burkinab\u00e8 ?<\/strong><\/p>\n<p>Oui, j\u2019\u00e9change avec certains joueurs, surtout les plus jeunes. Ils m\u2019encouragent et me conseillent.<\/p>\n<p><strong>Depuis janvier 2026, tu \u00e9volues avec les U19 de AC Horsens dans le championnat danois. Comment se passe l\u2019int\u00e9gration ?<\/strong><\/p>\n<p>Mon int\u00e9gration se passe tr\u00e8s bien. Le groupe m\u2019a bien accueilli et le staff m\u2019aide beaucoup. Le football danois est intense et tactique. Il va me pousser \u00e0 progresser davantage.<\/p>\n<p><strong>Quels sont tes objectifs dans ce club danois ?<\/strong><\/p>\n<p>Mon objectif est de progresser rapidement, gagner ma place. J\u2019ai disput\u00e9 mes premi\u00e8res minutes avec l\u2019\u00e9quipe premi\u00e8re le week-end dernier. Je veux aussi aider l\u2019\u00e9quipe U19 \u00e0 atteindre ses objectifs cette saison.<\/p>\n<p><strong>Quelles sont tes forces ?<\/strong><\/p>\n<p>Mes forces sont ma vision de jeu, ma qualit\u00e9 technique, ma capacit\u00e9 \u00e0 r\u00e9cup\u00e9rer les ballons et \u00e0 orienter le jeu. Je suis aussi disciplin\u00e9 et travailleur.<\/p>\n<p><strong>As-tu des d\u00e9faillances que tu souhaiterais am\u00e9liorer ?<\/strong><\/p>\n<p>Oui. Je travaille encore sur ma rapidit\u00e9 d\u2019ex\u00e9cution et mon jeu vers l\u2019avant dans les 30 derniers m\u00e8tres. Je veux aussi am\u00e9liorer mon physique pour \u00eatre encore plus complet.<\/p>\n<p><strong>Quel est ton club de r\u00eave ?<\/strong><\/p>\n<p>Mon club de r\u00eave est de jouer dans un grand club europ\u00e9en, comme le Real Madrid ou Manchester City. Mais je reste concentrer sur les \u00e9tapes.<\/p>\n<p><strong>As-tu une idole ?<\/strong><\/p>\n<p>Oui. J\u2019admire beaucoup Yaya Tour\u00e9 pour sa puissance et son intelligence de jeu.<\/p>\n<p style=\"text-align: right\">ITW r\u00e9alis\u00e9e par<br \/>\n<strong>Ollo Aim\u00e9 C\u00e9saire HIEN<\/strong><\/p>\n","protected":false},"excerpt":{"rendered":"<p>Depuis janvier 2026, Abdoulaye Gouba \u00e9volue avec AC Horsens, club de deuxi\u00e8me division danoise. Apr\u00e8s la CAN U17 avec les Aiglons du Mali en 2023 en Alg\u00e9rie, le jeune originaire burkinab\u00e8 de 19 ans veut d\u00e9sormais d\u00e9fendre les couleurs de son pays. Pourquoi ce choix et comment compte-t-il arriver, le colosse milieu de terrain de [&hellip;]<\/p>\n","protected":false},"author":3,"featured_media":6774,"comment_status":"open","ping_status":"open","sticky":false,"template":"","format":"standard","meta":{"jetpack_post_was_ever_published":false,"_jetpack_newsletter_access":"","_jetpack_dont_email_post_to_subs":false,"_jetpack_newsletter_tier_id":0,"_jetpack_memberships_contains_paywalled_content":false,"_jetpack_memberships_contains_paid_content":false,"footnotes":""},"categories":[33,19,32,583,39],"tags":[],"class_list":{"0":"post-6772","1":"post","2":"type-post","3":"status-publish","4":"format-standard","5":"has-post-thumbnail","7":"category-actualites","8":"category-football","9":"category-international","10":"category-interview","11":"category-la-une-site"},"jetpack_featured_media_url":"https:\/\/www.sidwaya.info\/sport\/wp-content\/uploads\/sites\/6\/2026\/03\/ITW-Abdoulaye-Gouba.jpg","jetpack_sharing_enabled":true,"jetpack_shortlink":"https:\/\/wp.me\/pamO1T-1Le","jetpack_likes_enabled":true,"_links":{"self":[{"href":"https:\/\/www.sidwaya.info\/sport\/wp-json\/wp\/v2\/posts\/6772","targetHints":{"allow":["GET"]}}],"collection":[{"href":"https:\/\/www.sidwaya.info\/sport\/wp-json\/wp\/v2\/posts"}],"about":[{"href":"https:\/\/www.sidwaya.info\/sport\/wp-json\/wp\/v2\/types\/post"}],"author":[{"embeddable":true,"href":"https:\/\/www.sidwaya.info\/sport\/wp-json\/wp\/v2\/users\/3"}],"replies":[{"embeddable":true,"href":"https:\/\/www.sidwaya.info\/sport\/wp-json\/wp\/v2\/comments?post=6772"}],"version-history":[{"count":1,"href":"https:\/\/www.sidwaya.info\/sport\/wp-json\/wp\/v2\/posts\/6772\/revisions"}],"predecessor-version":[{"id":6773,"href":"https:\/\/www.sidwaya.info\/sport\/wp-json\/wp\/v2\/posts\/6772\/revisions\/6773"}],"wp:featuredmedia":[{"embeddable":true,"href":"https:\/\/www.sidwaya.info\/sport\/wp-json\/wp\/v2\/media\/6774"}],"wp:attachment":[{"href":"https:\/\/www.sidwaya.info\/sport\/wp-json\/wp\/v2\/media?parent=6772"}],"wp:term":[{"taxonomy":"category","embeddable":true,"href":"https:\/\/www.sidwaya.info\/sport\/wp-json\/wp\/v2\/categories?post=6772"},{"taxonomy":"post_tag","embeddable":true,"href":"https:\/\/www.sidwaya.info\/sport\/wp-json\/wp\/v2\/tags?post=6772"}],"curies":[{"name":"wp","href":"https:\/\/api.w.org\/{rel}","templated":true}]}}