{"id":940,"date":"2019-06-11T23:09:25","date_gmt":"2019-06-11T23:09:25","guid":{"rendered":"https:\/\/www.sidwaya.info\/sport\/2019\/06\/11\/presidence-du-faso-roch-marc-christian-kabore-felicite-lhomme-le-plus-fort-du-monde\/"},"modified":"2019-06-11T23:09:25","modified_gmt":"2019-06-11T23:09:25","slug":"presidence-du-faso-roch-marc-christian-kabore-felicite-lhomme-le-plus-fort-du-monde","status":"publish","type":"post","link":"https:\/\/www.sidwaya.info\/sport\/2019\/06\/11\/presidence-du-faso-roch-marc-christian-kabore-felicite-lhomme-le-plus-fort-du-monde\/","title":{"rendered":"Pr\u00e9sidence du Faso : Roch Marc Christian Kabor\u00e9 f\u00e9licite l\u2019homme le plus fort du monde"},"content":{"rendered":"<p><strong>Le pr\u00e9sident du Faso, Roch Marc Christian Kabor\u00e9, a re\u00e7u en audience, le mardi 11 juin 2019, le champion du monde de logt lift, Iron Biby.<\/strong><\/p>\n<p>L\u2019homme le plus fort du monde et recordman Guinness, Iron Biby \u00e9tait, le mardi 11 juin dernier, dans les locaux de la Pr\u00e9sidence du Faso. Cheick Ahmed Al-Hassan Sanou, de son vrai nom, est all\u00e9 pr\u00e9senter ses troph\u00e9es au chef de l\u2019Etat. \u00ab C\u2019est un grand honneur pour moi d\u2019\u00eatre re\u00e7u par le chef de l\u2019Etat.<\/p>\n<p>C\u2019est tr\u00e8s encourageant et r\u00e9confortant pour les sportifs burki-nab\u00e8 \u00bb, a-t-il laiss\u00e9 entendre. Apr\u00e8s avoir f\u00e9licit\u00e9 et encourag\u00e9 le champion du monde pour avoir fait flotter le drapeau du Burkina, Roch Marc Christian Kabor\u00e9 lui a prodigu\u00e9 des conseils et aussi abord\u00e9 ses futures \u00e9ch\u00e9ances. Au pr\u00e9sident du Faso, Iron Biby a fait la promesse de d\u00e9passer la barre des 220 kg et se lancer pour 230 kg.<\/p>\n<p>\u00abJe tiens toujours mes promesses. Je vais travailler dur pour encore faire plaisir au peuple burkinab\u00e9\u00bb, a-t-il pris l\u2019engagement. Avant de conclure : \u00abEn retour, j\u2019ai re\u00e7u la promesse du pr\u00e9sident du Faso d\u2019\u00eatre d\u00e9cor\u00e9 cette ann\u00e9e\u00bb. En rappel, l\u2019homme le plus fort du monde mesure 1m 90 pour 180 kg et 63 cm de tour de bras.<\/p>\n<p>Lors de l\u2019Europe Strongest man 2019 qui s\u2019est disput\u00e9 le samedi 6 avril dernier \u00e0 Leeds (Angleterre), le natif de Bobo-Dioulasso a battu le record du monde en soulevant une charge de 220 kg. Cheick Ahmed Al-Hassan Sanou, autrefois la ris\u00e9e des enfants dans la cour de l\u2019\u00e9cole en raison de son poids et aujourd\u2019hui \u00e2g\u00e9 de 27 ans, est le premier Burkinab\u00e8 \u00e0 inscrire son nom dans le livre Guinness des records.<\/p>\n<p style=\"text-align: right\"><strong>Ollo Aim\u00e9 C\u00e9saire HIEN<\/strong><\/p>\n","protected":false},"excerpt":{"rendered":"<p>Le pr\u00e9sident du Faso, Roch Marc Christian Kabor\u00e9, a re\u00e7u en audience, le mardi 11 juin 2019, le champion du monde de logt lift, Iron Biby. L\u2019homme le plus fort du monde et recordman Guinness, Iron Biby \u00e9tait, le mardi 11 juin dernier, dans les locaux de la Pr\u00e9sidence du Faso. Cheick Ahmed Al-Hassan Sanou, [&hellip;]<\/p>\n","protected":false},"author":3,"featured_media":941,"comment_status":"open","ping_status":"open","sticky":false,"template":"","format":"standard","meta":{"jetpack_post_was_ever_published":false,"_jetpack_newsletter_access":"","_jetpack_dont_email_post_to_subs":false,"_jetpack_newsletter_tier_id":0,"_jetpack_memberships_contains_paywalled_content":false,"_jetpack_memberships_contains_paid_content":false,"footnotes":""},"categories":[37],"tags":[135,136,137,138,139],"class_list":{"0":"post-940","1":"post","2":"type-post","3":"status-publish","4":"format-standard","5":"has-post-thumbnail","7":"category-sport","8":"tag-biby","9":"tag-felicite","10":"tag-iron","11":"tag-roch","12":"tag-strongman-log-lift-iron-biby"},"jetpack_featured_media_url":"https:\/\/www.sidwaya.info\/sport\/wp-content\/uploads\/sites\/6\/2019\/06\/bibi.jpg","jetpack_sharing_enabled":true,"jetpack_shortlink":"https:\/\/wp.me\/pamO1T-fa","jetpack_likes_enabled":true,"_links":{"self":[{"href":"https:\/\/www.sidwaya.info\/sport\/wp-json\/wp\/v2\/posts\/940","targetHints":{"allow":["GET"]}}],"collection":[{"href":"https:\/\/www.sidwaya.info\/sport\/wp-json\/wp\/v2\/posts"}],"about":[{"href":"https:\/\/www.sidwaya.info\/sport\/wp-json\/wp\/v2\/types\/post"}],"author":[{"embeddable":true,"href":"https:\/\/www.sidwaya.info\/sport\/wp-json\/wp\/v2\/users\/3"}],"replies":[{"embeddable":true,"href":"https:\/\/www.sidwaya.info\/sport\/wp-json\/wp\/v2\/comments?post=940"}],"version-history":[{"count":0,"href":"https:\/\/www.sidwaya.info\/sport\/wp-json\/wp\/v2\/posts\/940\/revisions"}],"wp:featuredmedia":[{"embeddable":true,"href":"https:\/\/www.sidwaya.info\/sport\/wp-json\/wp\/v2\/media\/941"}],"wp:attachment":[{"href":"https:\/\/www.sidwaya.info\/sport\/wp-json\/wp\/v2\/media?parent=940"}],"wp:term":[{"taxonomy":"category","embeddable":true,"href":"https:\/\/www.sidwaya.info\/sport\/wp-json\/wp\/v2\/categories?post=940"},{"taxonomy":"post_tag","embeddable":true,"href":"https:\/\/www.sidwaya.info\/sport\/wp-json\/wp\/v2\/tags?post=940"}],"curies":[{"name":"wp","href":"https:\/\/api.w.org\/{rel}","templated":true}]}}